{"id":7467,"date":"2013-01-26T23:30:39","date_gmt":"2013-01-26T21:30:39","guid":{"rendered":"http:\/\/semndecarte.metarsis.ro\/?p=7467"},"modified":"2013-01-26T23:31:40","modified_gmt":"2013-01-26T21:31:40","slug":"aniversari","status":"publish","type":"post","link":"https:\/\/semndecarte.metarsis.ro\/?p=7467","title":{"rendered":"Anivers\u0103ri"},"content":{"rendered":"<p style=\"text-align: justify;\"><span style=\"font-size: 13px; line-height: 1.3;\"><a href=\"http:\/\/semndecarte.metarsis.ro\/wp-content\/uploads\/2013\/01\/18.jpg\" rel=\"lightbox[7467]\"><img loading=\"lazy\" class=\"alignleft size-full wp-image-7468\" title=\"Aniversari\" src=\"http:\/\/semndecarte.metarsis.ro\/wp-content\/uploads\/2013\/01\/18.jpg\" alt=\"\" width=\"520\" height=\"200\" srcset=\"https:\/\/semndecarte.metarsis.ro\/wp-content\/uploads\/2013\/01\/18.jpg 520w, https:\/\/semndecarte.metarsis.ro\/wp-content\/uploads\/2013\/01\/18-160x61.jpg 160w, https:\/\/semndecarte.metarsis.ro\/wp-content\/uploads\/2013\/01\/18-163x62.jpg 163w\" sizes=\"(max-width: 520px) 100vw, 520px\" \/><\/a>Mar\u0163i, 22 ianuarie 2013. Anivers\u0103ri de \u201cdrume\u021bi\u201d la Semn de Carte. Col. rez. Gheorghe Popoviciu (61 ani)- membru\u00a0\u00a0al Asocia\u021biei Prietenii Mun\u021bilor, (n-a fost prezent, \u0219i-a trimis doar \u201cbuzduganul\u201d), Camelia Duca (55 ani)- membr\u0103 ocazional\u0103 (din p\u0103cate) a grupului duminical \u0219i, \u201ccel mai dintre cei mai\u201d, Ioan Adamek (87 ani), decanul de v\u00e2rst\u0103 al \u201cdrume\u021bilor\u201d. <!--more--><!--more-->\u0218i cum muntele este o \u0219coal\u0103 a vie\u021bii iar adev\u0103ratele valori sunt con\u0219tientizate doar socializ\u00e2nd \u0219i comunic\u00e2nd \u201cfa\u021b\u0103 \u00een fa\u021b\u0103\u201d, cel mai admirat drume\u021b, herr Adamek &#8211; germanul nostru tob\u0103 de carte- adevarat\u0103 enciclopedie- cunosc\u0103tor extraordinar al traseelor, al florei \u0219i al faunei din\u00a0Banatul\u00a0Montan- \u0219i nu numai- cel care nu a luat medicamente niciodat\u0103, cel care \u00ee\u0219i declar\u0103 crezul: \u201ddac\u0103 m\u0103 dor picioarele \u00eenseamn\u0103 c\u0103 n-am mers destul\u201d, a fost vedeta serii. \u00cen prezen\u021ba Prietenilor Mun\u021bilor (ambele sec\u021bii- cea de Schi \u0219i cea de Drume\u021bie), a\u00a0\u00a0fiicei sosit\u0103 pentru aniversare din Germania, a prietenilor vechi \u0219i noi, prin str\u0103duin\u021ba lui Jancsi Mato- pasionat de fotografie,\u00a0\u00a0l-am admirat pe decanul de v\u00e2rst\u0103 \u00eentr-un portret \u201cMedalion Ioan Adamek\u201d extrem de bine realizat-\u00a0\u00a0cu fotografii din excursiile f\u0103cute de c\u00e2nd Ioan Mato-jr s-a al\u0103turat grupului. O lec\u021bie de via\u021b\u0103, o lec\u021bie de voin\u021b\u0103, o lec\u021bie despre convingeri \u0219i puterea lor,\u00a0o lec\u021bie de prietenie,\u00a0\u00eencadrate perfect \u00een conceptul slow vs. fast. LA MUL\u021aI ANI tuturor dar mai ales LA MULTI ANI, Ioan Adamek! Fie ca cei 87 de ani s\u0103 se fac\u0103 97 \u0219i traseele s\u0103 v\u0103 cad\u0103 sub pa\u0219i!\u00a0<\/span><\/p>\n<p style=\"text-align: justify;\"><a href=\"http:\/\/semndecarte.metarsis.ro\/wp-content\/uploads\/2013\/01\/92.jpg\" rel=\"lightbox[7467]\"><img loading=\"lazy\" class=\"alignleft size-thumbnail wp-image-7476\" title=\"Aniversari\" src=\"http:\/\/semndecarte.metarsis.ro\/wp-content\/uploads\/2013\/01\/92-95x95.jpg\" alt=\"\" width=\"95\" height=\"95\" \/><\/a><a href=\"http:\/\/semndecarte.metarsis.ro\/wp-content\/uploads\/2013\/01\/112.jpg\" rel=\"lightbox[7467]\"><img loading=\"lazy\" class=\"alignleft size-thumbnail wp-image-7478\" title=\"Aniversari\" src=\"http:\/\/semndecarte.metarsis.ro\/wp-content\/uploads\/2013\/01\/112-95x95.jpg\" alt=\"\" width=\"95\" height=\"95\" \/><\/a><a href=\"http:\/\/semndecarte.metarsis.ro\/wp-content\/uploads\/2013\/01\/102.jpg\" rel=\"lightbox[7467]\"><img loading=\"lazy\" class=\"alignleft size-thumbnail wp-image-7477\" title=\"Aniversari\" src=\"http:\/\/semndecarte.metarsis.ro\/wp-content\/uploads\/2013\/01\/102-95x95.jpg\" alt=\"\" width=\"95\" height=\"95\" \/><\/a><a href=\"http:\/\/semndecarte.metarsis.ro\/wp-content\/uploads\/2013\/01\/121.jpg\" rel=\"lightbox[7467]\"><img loading=\"lazy\" class=\"alignleft size-thumbnail wp-image-7479\" title=\"Aniversari\" src=\"http:\/\/semndecarte.metarsis.ro\/wp-content\/uploads\/2013\/01\/121-95x95.jpg\" alt=\"\" width=\"95\" height=\"95\" \/><\/a><a href=\"http:\/\/semndecarte.metarsis.ro\/wp-content\/uploads\/2013\/01\/73.jpg\" rel=\"lightbox[7467]\"><img loading=\"lazy\" class=\"alignleft size-thumbnail wp-image-7474\" title=\"Aniversari\" src=\"http:\/\/semndecarte.metarsis.ro\/wp-content\/uploads\/2013\/01\/73-95x95.jpg\" alt=\"\" width=\"95\" height=\"95\" \/><\/a><a href=\"http:\/\/semndecarte.metarsis.ro\/wp-content\/uploads\/2013\/01\/63.jpg\" rel=\"lightbox[7467]\"><img loading=\"lazy\" class=\"alignleft size-thumbnail wp-image-7473\" title=\"Aniversari\" src=\"http:\/\/semndecarte.metarsis.ro\/wp-content\/uploads\/2013\/01\/63-95x95.jpg\" alt=\"\" width=\"95\" height=\"95\" \/><\/a><a href=\"http:\/\/semndecarte.metarsis.ro\/wp-content\/uploads\/2013\/01\/23.jpg\" rel=\"lightbox[7467]\"><img loading=\"lazy\" class=\"alignleft size-thumbnail wp-image-7469\" title=\"Aniversari\" src=\"http:\/\/semndecarte.metarsis.ro\/wp-content\/uploads\/2013\/01\/23-95x95.jpg\" alt=\"\" width=\"95\" height=\"95\" \/><\/a><a href=\"http:\/\/semndecarte.metarsis.ro\/wp-content\/uploads\/2013\/01\/42.jpg\" rel=\"lightbox[7467]\"><img loading=\"lazy\" class=\"alignleft size-thumbnail wp-image-7471\" title=\"Aniversari\" src=\"http:\/\/semndecarte.metarsis.ro\/wp-content\/uploads\/2013\/01\/42-95x95.jpg\" alt=\"\" width=\"95\" height=\"95\" \/><\/a><a href=\"http:\/\/semndecarte.metarsis.ro\/wp-content\/uploads\/2013\/01\/33.jpg\" rel=\"lightbox[7467]\"><img loading=\"lazy\" class=\"alignleft size-thumbnail wp-image-7470\" title=\"3\" src=\"http:\/\/semndecarte.metarsis.ro\/wp-content\/uploads\/2013\/01\/33-95x95.jpg\" alt=\"\" width=\"95\" height=\"95\" \/><\/a><\/p>\n<p style=\"text-align: justify;\"><a href=\"http:\/\/semndecarte.metarsis.ro\/wp-content\/uploads\/2013\/01\/53.jpg\" rel=\"lightbox[7467]\"><img loading=\"lazy\" class=\"alignleft size-thumbnail wp-image-7472\" title=\"Aniversari\" src=\"http:\/\/semndecarte.metarsis.ro\/wp-content\/uploads\/2013\/01\/53-95x95.jpg\" alt=\"\" width=\"95\" height=\"95\" \/><\/a><\/p>\n","protected":false},"excerpt":{"rendered":"<p>Marti, 22 ianuarie 2013. Anivers\u0103ri de \u201cdrume\u021bi\u201d la Semn de Carte. Col. rez. Gheorghe Popoviciu (61 ani)- membru  al Asocia\u021biei Prietenii Mun\u021bilor, (n-a fost prezent, \u0219i-a trimis doar \u201cbuzduganul\u201d), Camelia Duca (55 ani)- membr\u0103 ocazional\u0103 (din p\u0103cate) a grupului duminical \u0219i, \u201ccel mai dintre cei mai\u201d, Ioan Adamek (87 ani), decanul de v\u00e2rst\u0103 al \u201cdrume\u021bilor\u201d.<\/p>\n","protected":false},"author":1,"featured_media":0,"comment_status":"open","ping_status":"open","sticky":false,"template":"","format":"standard","meta":[],"categories":[7],"tags":[319,323],"_links":{"self":[{"href":"https:\/\/semndecarte.metarsis.ro\/index.php?rest_route=\/wp\/v2\/posts\/7467"}],"collection":[{"href":"https:\/\/semndecarte.metarsis.ro\/index.php?rest_route=\/wp\/v2\/posts"}],"about":[{"href":"https:\/\/semndecarte.metarsis.ro\/index.php?rest_route=\/wp\/v2\/types\/post"}],"author":[{"embeddable":true,"href":"https:\/\/semndecarte.metarsis.ro\/index.php?rest_route=\/wp\/v2\/users\/1"}],"replies":[{"embeddable":true,"href":"https:\/\/semndecarte.metarsis.ro\/index.php?rest_route=%2Fwp%2Fv2%2Fcomments&post=7467"}],"version-history":[{"count":0,"href":"https:\/\/semndecarte.metarsis.ro\/index.php?rest_route=\/wp\/v2\/posts\/7467\/revisions"}],"wp:attachment":[{"href":"https:\/\/semndecarte.metarsis.ro\/index.php?rest_route=%2Fwp%2Fv2%2Fmedia&parent=7467"}],"wp:term":[{"taxonomy":"category","embeddable":true,"href":"https:\/\/semndecarte.metarsis.ro\/index.php?rest_route=%2Fwp%2Fv2%2Fcategories&post=7467"},{"taxonomy":"post_tag","embeddable":true,"href":"https:\/\/semndecarte.metarsis.ro\/index.php?rest_route=%2Fwp%2Fv2%2Ftags&post=7467"}],"curies":[{"name":"wp","href":"https:\/\/api.w.org\/{rel}","templated":true}]}}