{"id":7454,"date":"2013-01-26T14:48:52","date_gmt":"2013-01-26T12:48:52","guid":{"rendered":"http:\/\/semndecarte.metarsis.ro\/?p=7454"},"modified":"2013-01-28T12:39:54","modified_gmt":"2013-01-28T10:39:54","slug":"alexander-tiez-115-ani-de-la-nastere","status":"publish","type":"post","link":"https:\/\/semndecarte.metarsis.ro\/?p=7454","title":{"rendered":"Alexander Tiez -115 ani de la na\u0219tere"},"content":{"rendered":"<p style=\"text-align: justify;\"><span style=\"font-size: 13px; line-height: 1.3;\"><a href=\"http:\/\/semndecarte.metarsis.ro\/wp-content\/uploads\/2013\/01\/73012362.jpg\" rel=\"lightbox[7454]\"><img loading=\"lazy\" class=\"alignleft size-full wp-image-7510\" title=\"73012362\" src=\"http:\/\/semndecarte.metarsis.ro\/wp-content\/uploads\/2013\/01\/73012362.jpg\" alt=\"\" width=\"520\" height=\"289\" srcset=\"https:\/\/semndecarte.metarsis.ro\/wp-content\/uploads\/2013\/01\/73012362.jpg 520w, https:\/\/semndecarte.metarsis.ro\/wp-content\/uploads\/2013\/01\/73012362-160x88.jpg 160w, https:\/\/semndecarte.metarsis.ro\/wp-content\/uploads\/2013\/01\/73012362-163x90.jpg 163w\" sizes=\"(max-width: 520px) 100vw, 520px\" \/><\/a>Luni, 21 ianuarie 2013 libr\u0103ria Semn de Carte din Re\u0219i\u021ba a celebrat 115 ani de la na\u0219terea dasc\u0103lului de voca\u021bie, etnologului \u0219i scriitorului de factur\u0103 german\u0103 Alexander Tietz. \u00cen prezen\u021ba unui public numeros, moderatorul \u00eent\u00e2lnirii, promotor al\u00a0culturii germane\u00a0din Banatul Montan- \u0219i nu numai-, organizator principal al evenimentului Erwin Josef Tigla \u0219i gazdele au primit cu caldur\u0103 una dintre descendentele familiei Stela \u0219i Alexander Tietz, pe doamna prof. univ. dr. Doina Bogdan-Dasc\u0103lu, doamn\u0103 ce a dep\u0103nat amintiri \u0219i a evocat dragostea familiei Tietz pentru natur\u0103, drume\u021bie, obiceiuri \u0219i tradi\u021bii din Banatul de Munte. <!--more-->Personalitatea profesorului Alexander Tietz a fost marcat\u0103 \u0219i de prof. dr. fil. Cri\u0219u Dasc\u0103lu, director al Institutului de Studii Banatice \u201cTitu Maiorescu\u201d din Timi\u0219oara al Academiei Rom\u00e2ne,\u00a0conf. univ. dr. Ioan David, cercet\u0103tor \u0219tiin\u021bific \u00een cadrul aceluia\u0219i institut,\u00a0d-ra Clara Maria Constantin, manager al Bibliotecii Jude\u021bene \u201cPaul Iorgovici\u201d- Re\u0219i\u021ba. \u00cen finalul manifest\u0103rii, d-na Doina Hlinka a prezentat invita\u021bilor expozi\u021bia de desene dedicat\u0103 omului de cultur\u0103 Alexander Tietz, desene realizate \u00een cadrul cercului de pictur\u0103 \u201eDeutsche Kunst Reschitza\u201d al Forumului Democratic al Germanilor din\u00a0jude\u0163ul Cara\u015f-Severin, institu\u021bie organizatoare a evenimentului.<\/span><\/p>\n<p style=\"text-align: justify;\"><a href=\"http:\/\/semndecarte.metarsis.ro\/wp-content\/uploads\/2013\/01\/91.jpg\" rel=\"lightbox[7454]\"><br \/>\n<img loading=\"lazy\" class=\"alignleft size-thumbnail wp-image-7464\" title=\"La celebrarea a 115 ani de la na\u0219terea dasc\u0103lului de voca\u021bie, etnologului \u0219i scriitorului de factur\u0103 german\u0103 Alexander Tietz\" src=\"http:\/\/semndecarte.metarsis.ro\/wp-content\/uploads\/2013\/01\/91-95x95.jpg\" alt=\"\" width=\"95\" height=\"95\" \/><\/a><a href=\"http:\/\/semndecarte.metarsis.ro\/wp-content\/uploads\/2013\/01\/72.jpg\" rel=\"lightbox[7454]\"><img loading=\"lazy\" class=\"alignleft size-thumbnail wp-image-7462\" title=\"Prof. univ. dr. Doina Bogdan-Dasc\u0103lu\" src=\"http:\/\/semndecarte.metarsis.ro\/wp-content\/uploads\/2013\/01\/72-95x95.jpg\" alt=\"\" width=\"95\" height=\"95\" \/><\/a><a href=\"http:\/\/semndecarte.metarsis.ro\/wp-content\/uploads\/2013\/01\/62.jpg\" rel=\"lightbox[7454]\"><img loading=\"lazy\" class=\"alignleft size-thumbnail wp-image-7461\" title=\"La celebrarea a 115 ani de la na\u0219terea dasc\u0103lului de voca\u021bie, etnologului \u0219i scriitorului de factur\u0103 german\u0103 Alexander Tietz\" src=\"http:\/\/semndecarte.metarsis.ro\/wp-content\/uploads\/2013\/01\/62-95x95.jpg\" alt=\"\" width=\"95\" height=\"95\" \/><\/a><a href=\"http:\/\/semndecarte.metarsis.ro\/wp-content\/uploads\/2013\/01\/52.jpg\" rel=\"lightbox[7454]\"><img loading=\"lazy\" class=\"alignleft size-thumbnail wp-image-7460\" title=\"Conf. univ. dr. Ioan David, cercet\u0103tor \u0219tiin\u021bific\" src=\"http:\/\/semndecarte.metarsis.ro\/wp-content\/uploads\/2013\/01\/52-95x95.jpg\" alt=\"\" width=\"95\" height=\"95\" \/><\/a><a href=\"http:\/\/semndecarte.metarsis.ro\/wp-content\/uploads\/2013\/01\/32.jpg\" rel=\"lightbox[7454]\"><img loading=\"lazy\" class=\"alignleft size-thumbnail wp-image-7458\" title=\"La celebrarea a 115 ani de la na\u0219terea dasc\u0103lului de voca\u021bie, etnologului \u0219i scriitorului de factur\u0103 german\u0103 Alexander Tietz\" src=\"http:\/\/semndecarte.metarsis.ro\/wp-content\/uploads\/2013\/01\/32-95x95.jpg\" alt=\"\" width=\"95\" height=\"95\" \/><\/a><a href=\"http:\/\/semndecarte.metarsis.ro\/wp-content\/uploads\/2013\/01\/17.jpg\" rel=\"lightbox[7454]\"><img loading=\"lazy\" class=\"alignleft size-thumbnail wp-image-7456\" title=\"Clara Maria Constantin, manager al Bibliotecii Jude\u021bene \u201cPaul Iorgovici\u201d- Re\u0219i\u021ba\" src=\"http:\/\/semndecarte.metarsis.ro\/wp-content\/uploads\/2013\/01\/17-95x95.jpg\" alt=\"\" width=\"95\" height=\"95\" \/><\/a><a href=\"http:\/\/semndecarte.metarsis.ro\/wp-content\/uploads\/2013\/01\/41.jpg\" rel=\"lightbox[7454]\"><img loading=\"lazy\" class=\"alignleft size-thumbnail wp-image-7459\" title=\"Prof. dr. fil. Cri\u0219u Dasc\u0103lu, director al Institutului de Studii Banatice \u201cTitu Maiorescu\u201d din Timi\u0219oara al Academiei Rom\u00e2ne la celebrarea a 115 ani de la na\u0219terea dasc\u0103lului de voca\u021bie, etnologului \u0219i scriitorului de factur\u0103 german\u0103 Alexander Tietz\" src=\"http:\/\/semndecarte.metarsis.ro\/wp-content\/uploads\/2013\/01\/41-95x95.jpg\" alt=\"\" width=\"95\" height=\"95\" \/><\/a><a href=\"http:\/\/semndecarte.metarsis.ro\/wp-content\/uploads\/2013\/01\/111.jpg\" rel=\"lightbox[7454]\"><img loading=\"lazy\" class=\"alignleft size-thumbnail wp-image-7465\" style=\"font-size: 13px;\" title=\"La celebrarea a 115 ani de la na\u0219terea dasc\u0103lului de voca\u021bie, etnologului \u0219i scriitorului de factur\u0103 german\u0103 Alexander Tietz\" src=\"http:\/\/semndecarte.metarsis.ro\/wp-content\/uploads\/2013\/01\/111-95x95.jpg\" alt=\"\" width=\"95\" height=\"95\" \/><\/a><a href=\"http:\/\/semndecarte.metarsis.ro\/wp-content\/uploads\/2013\/01\/22.jpg\" rel=\"lightbox[7454]\"><img loading=\"lazy\" class=\"alignleft size-thumbnail wp-image-7457\" title=\"La celebrarea a 115 ani de la na\u0219terea dasc\u0103lului de voca\u021bie, etnologului \u0219i scriitorului de factur\u0103 german\u0103 Alexander Tietz\" src=\"http:\/\/semndecarte.metarsis.ro\/wp-content\/uploads\/2013\/01\/22-95x95.jpg\" alt=\"\" width=\"95\" height=\"95\" \/><\/a><a href=\"http:\/\/semndecarte.metarsis.ro\/wp-content\/uploads\/2013\/01\/81.jpg\" rel=\"lightbox[7454]\"><img loading=\"lazy\" class=\"alignleft size-thumbnail wp-image-7463\" title=\"Erwin Josef Tigla la celebrarea a 115 ani de la na\u0219terea dasc\u0103lului de voca\u021bie, etnologului \u0219i scriitorului de factur\u0103 german\u0103 Alexander Tietz\" src=\"http:\/\/semndecarte.metarsis.ro\/wp-content\/uploads\/2013\/01\/81-95x95.jpg\" alt=\"\" width=\"95\" height=\"95\" \/><br \/>\n<\/a><\/p>\n<div>\n<div style=\"text-align: justify;\"><span style=\"color: #0000ee;\"><br \/>\n<\/span><\/div>\n<p><iframe src=\"http:\/\/www.youtube.com\/embed\/rBfTxbLzdSg\" frameborder=\"0\" align=\"left\" width=\"260\" height=\"214\"><\/iframe><iframe src=\"http:\/\/www.youtube.com\/embed\/0rGZTLaBalA\" frameborder=\"0\" align=\"left\" width=\"260\" height=\"214\"><\/iframe><\/p>\n<\/div>\n","protected":false},"excerpt":{"rendered":"<p>Luni, 21 ianuarie 2013 libr\u0103ria Semn de Carte din Re\u0219i\u021ba a celebrat 115 ani de la na\u0219terea dasc\u0103lului de voca\u021bie, etnologului \u0219i scriitorului de factur\u0103 german\u0103 Alexander Tietz.<\/p>\n","protected":false},"author":1,"featured_media":0,"comment_status":"open","ping_status":"open","sticky":false,"template":"","format":"standard","meta":[],"categories":[6,7],"tags":[374],"_links":{"self":[{"href":"https:\/\/semndecarte.metarsis.ro\/index.php?rest_route=\/wp\/v2\/posts\/7454"}],"collection":[{"href":"https:\/\/semndecarte.metarsis.ro\/index.php?rest_route=\/wp\/v2\/posts"}],"about":[{"href":"https:\/\/semndecarte.metarsis.ro\/index.php?rest_route=\/wp\/v2\/types\/post"}],"author":[{"embeddable":true,"href":"https:\/\/semndecarte.metarsis.ro\/index.php?rest_route=\/wp\/v2\/users\/1"}],"replies":[{"embeddable":true,"href":"https:\/\/semndecarte.metarsis.ro\/index.php?rest_route=%2Fwp%2Fv2%2Fcomments&post=7454"}],"version-history":[{"count":0,"href":"https:\/\/semndecarte.metarsis.ro\/index.php?rest_route=\/wp\/v2\/posts\/7454\/revisions"}],"wp:attachment":[{"href":"https:\/\/semndecarte.metarsis.ro\/index.php?rest_route=%2Fwp%2Fv2%2Fmedia&parent=7454"}],"wp:term":[{"taxonomy":"category","embeddable":true,"href":"https:\/\/semndecarte.metarsis.ro\/index.php?rest_route=%2Fwp%2Fv2%2Fcategories&post=7454"},{"taxonomy":"post_tag","embeddable":true,"href":"https:\/\/semndecarte.metarsis.ro\/index.php?rest_route=%2Fwp%2Fv2%2Ftags&post=7454"}],"curies":[{"name":"wp","href":"https:\/\/api.w.org\/{rel}","templated":true}]}}