{"id":7437,"date":"2013-01-21T23:03:41","date_gmt":"2013-01-21T21:03:41","guid":{"rendered":"http:\/\/semndecarte.metarsis.ro\/?p=7437"},"modified":"2013-01-21T23:06:10","modified_gmt":"2013-01-21T21:06:10","slug":"eminescu-printre-noi","status":"publish","type":"post","link":"https:\/\/semndecarte.metarsis.ro\/?p=7437","title":{"rendered":"Eminescu printre noi\u2026"},"content":{"rendered":"<p style=\"text-align: justify;\"><a href=\"http:\/\/semndecarte.metarsis.ro\/wp-content\/uploads\/2013\/01\/16.jpg\" rel=\"lightbox[7437]\"><img loading=\"lazy\" class=\"alignleft size-full wp-image-7438\" title=\"Clasa a II-a B de la \u015ecoala Gimnazial\u0103  nr. 2 Re\u015fi\u0163a, sub \u00eendrumarea doamnei \u00eenv. Ozana Dragil\u0103 \" src=\"http:\/\/semndecarte.metarsis.ro\/wp-content\/uploads\/2013\/01\/16.jpg\" alt=\"\" width=\"520\" height=\"257\" srcset=\"https:\/\/semndecarte.metarsis.ro\/wp-content\/uploads\/2013\/01\/16.jpg 520w, https:\/\/semndecarte.metarsis.ro\/wp-content\/uploads\/2013\/01\/16-160x79.jpg 160w, https:\/\/semndecarte.metarsis.ro\/wp-content\/uploads\/2013\/01\/16-163x80.jpg 163w\" sizes=\"(max-width: 520px) 100vw, 520px\" \/><\/a>Vineri, 18 ianuarie 2013, \u00eentre orele 10-12, elevii clasei a II-a B de la \u015ecoala Gimnazial\u0103\u00a0 nr. 2 Re\u015fi\u0163a, sub \u00eendrumarea doamnei \u00eenv. Ozana Dragil\u0103 s-au \u00eent\u00e2lnit cu ARIcel ISTE\u0162 la libr\u0103ria Semn de Carte s\u0103-i povesteasc\u0103 \u015fi lui despre proiectul \u201cEminescu printre noi\u2026\u201d. La final de proiect, printre c\u0103r\u0163i, \u00eentr-o atmosfer\u0103 deosebit\u0103 creat\u0103 de gazde, elevii au desenat scene din opera eminescian\u0103, au rezolvat \u201cpuzzle\u201d cu chipul poetului, au recitat poezii\u2026 cu alte cuvinte s-au sim\u0163it bine \u015fi au \u00eenv\u0103\u0163at \u00een acela\u015fi timp lucruri noi despre \u201cLuceafarul\u201d poeziei rom\u00e2ne\u015fti- Mihai Eminescu \u015fi \u201cZiua Culturii Na\u0163ionale\u201d. (\u00cenv. Ozana Dragil\u0103)<!--more--><\/p>\n<p style=\"text-align: justify;\"><a href=\"http:\/\/semndecarte.metarsis.ro\/wp-content\/uploads\/2013\/01\/38.jpg\" rel=\"lightbox[7437]\"><img loading=\"lazy\" class=\"alignleft  wp-image-7439\" title=\"Clasa a II-a B de la \u015ecoala Gimnazial\u0103  nr. 2 Re\u015fi\u0163a, sub \u00eendrumarea doamnei \u00eenv. Ozana Dragil\u0103 \" src=\"http:\/\/semndecarte.metarsis.ro\/wp-content\/uploads\/2013\/01\/38-95x95.jpg\" alt=\"\" width=\"95\" height=\"95\" \/><\/a><a href=\"http:\/\/semndecarte.metarsis.ro\/wp-content\/uploads\/2013\/01\/35.jpg\" rel=\"lightbox[7437]\"><img loading=\"lazy\" class=\"alignleft size-thumbnail wp-image-7448\" title=\"Clasa a II-a B de la \u015ecoala Gimnazial\u0103  nr. 2 Re\u015fi\u0163a, sub \u00eendrumarea doamnei \u00eenv. Ozana Dragil\u0103 \" src=\"http:\/\/semndecarte.metarsis.ro\/wp-content\/uploads\/2013\/01\/35-95x95.jpg\" alt=\"\" width=\"95\" height=\"95\" \/><\/a><a href=\"http:\/\/semndecarte.metarsis.ro\/wp-content\/uploads\/2013\/01\/311.jpg\" rel=\"lightbox[7437]\"><img loading=\"lazy\" class=\"alignleft size-thumbnail wp-image-7447\" title=\"Clasa a II-a B de la \u015ecoala Gimnazial\u0103  nr. 2 Re\u015fi\u0163a, sub \u00eendrumarea doamnei \u00eenv. Ozana Dragil\u0103 \" src=\"http:\/\/semndecarte.metarsis.ro\/wp-content\/uploads\/2013\/01\/311-95x95.jpg\" alt=\"\" width=\"95\" height=\"95\" \/><\/a><a href=\"http:\/\/semndecarte.metarsis.ro\/wp-content\/uploads\/2013\/01\/27.jpg\" rel=\"lightbox[7437]\"><img loading=\"lazy\" class=\"alignleft size-thumbnail wp-image-7446\" title=\"Clasa a II-a B de la \u015ecoala Gimnazial\u0103  nr. 2 Re\u015fi\u0163a, sub \u00eendrumarea doamnei \u00eenv. Ozana Dragil\u0103 \" src=\"http:\/\/semndecarte.metarsis.ro\/wp-content\/uploads\/2013\/01\/27-95x95.jpg\" alt=\"\" width=\"95\" height=\"95\" \/><\/a><a href=\"http:\/\/semndecarte.metarsis.ro\/wp-content\/uploads\/2013\/01\/25.jpg\" rel=\"lightbox[7437]\"><img loading=\"lazy\" class=\"alignleft size-thumbnail wp-image-7445\" title=\"Clasa a II-a B de la \u015ecoala Gimnazial\u0103  nr. 2 Re\u015fi\u0163a, sub \u00eendrumarea doamnei \u00eenv. Ozana Dragil\u0103 \" src=\"http:\/\/semndecarte.metarsis.ro\/wp-content\/uploads\/2013\/01\/25-95x95.jpg\" alt=\"\" width=\"95\" height=\"95\" \/><\/a><a href=\"http:\/\/semndecarte.metarsis.ro\/wp-content\/uploads\/2013\/01\/211.jpg\" rel=\"lightbox[7437]\"><img loading=\"lazy\" class=\"alignleft size-thumbnail wp-image-7444\" title=\"Clasa a II-a B de la \u015ecoala Gimnazial\u0103  nr. 2 Re\u015fi\u0163a, sub \u00eendrumarea doamnei \u00eenv. Ozana Dragil\u0103 \" src=\"http:\/\/semndecarte.metarsis.ro\/wp-content\/uploads\/2013\/01\/211-95x95.jpg\" alt=\"\" width=\"95\" height=\"95\" \/><\/a><a href=\"http:\/\/semndecarte.metarsis.ro\/wp-content\/uploads\/2013\/01\/20.jpg\" rel=\"lightbox[7437]\"><img loading=\"lazy\" class=\"alignleft size-thumbnail wp-image-7443\" title=\"Clasa a II-a B de la \u015ecoala Gimnazial\u0103  nr. 2 Re\u015fi\u0163a, sub \u00eendrumarea doamnei \u00eenv. Ozana Dragil\u0103 \" src=\"http:\/\/semndecarte.metarsis.ro\/wp-content\/uploads\/2013\/01\/20-95x95.jpg\" alt=\"\" width=\"95\" height=\"95\" \/><\/a><a href=\"http:\/\/semndecarte.metarsis.ro\/wp-content\/uploads\/2013\/01\/101.jpg\" rel=\"lightbox[7437]\"><img loading=\"lazy\" class=\"alignleft size-thumbnail wp-image-7442\" title=\"Clasa a II-a B de la \u015ecoala Gimnazial\u0103  nr. 2 Re\u015fi\u0163a, sub \u00eendrumarea doamnei \u00eenv. Ozana Dragil\u0103 \" src=\"http:\/\/semndecarte.metarsis.ro\/wp-content\/uploads\/2013\/01\/101-95x95.jpg\" alt=\"\" width=\"95\" height=\"95\" \/><\/a><a href=\"http:\/\/semndecarte.metarsis.ro\/wp-content\/uploads\/2013\/01\/05.jpg\" rel=\"lightbox[7437]\"><img loading=\"lazy\" class=\"alignleft size-thumbnail wp-image-7441\" title=\"Clasa a II-a B de la \u015ecoala Gimnazial\u0103  nr. 2 Re\u015fi\u0163a, sub \u00eendrumarea doamnei \u00eenv. Ozana Dragil\u0103 \" src=\"http:\/\/semndecarte.metarsis.ro\/wp-content\/uploads\/2013\/01\/05-95x95.jpg\" alt=\"\" width=\"95\" height=\"95\" \/><\/a><a href=\"http:\/\/semndecarte.metarsis.ro\/wp-content\/uploads\/2013\/01\/39.jpg\" rel=\"lightbox[7437]\"><img loading=\"lazy\" class=\"alignleft size-thumbnail wp-image-7440\" title=\"Clasa a II-a B de la \u015ecoala Gimnazial\u0103  nr. 2 Re\u015fi\u0163a, sub \u00eendrumarea doamnei \u00eenv. Ozana Dragil\u0103 \" src=\"http:\/\/semndecarte.metarsis.ro\/wp-content\/uploads\/2013\/01\/39-95x95.jpg\" alt=\"\" width=\"95\" height=\"95\" \/><\/a><\/p>\n","protected":false},"excerpt":{"rendered":"<p>Vineri, 18 ianuarie 2013, \u00eentre orele 10-12, elevii clasei a II-a B de la \u015ecoala Gimnazial\u0103  nr. 2 Re\u015fi\u0163a, sub \u00eendrumarea doamnei \u00eenv. Ozana Dragil\u0103 s-au \u00eent\u00e2lnit cu ARIcel ISTE\u0162 la libr\u0103ria Semn de Carte s\u0103-i povesteasc\u0103 \u015fi lui despre proiectul \u201cEminescu printre noi\u2026\u201d. <\/p>\n","protected":false},"author":1,"featured_media":0,"comment_status":"open","ping_status":"open","sticky":false,"template":"","format":"standard","meta":[],"categories":[1],"tags":[],"_links":{"self":[{"href":"https:\/\/semndecarte.metarsis.ro\/index.php?rest_route=\/wp\/v2\/posts\/7437"}],"collection":[{"href":"https:\/\/semndecarte.metarsis.ro\/index.php?rest_route=\/wp\/v2\/posts"}],"about":[{"href":"https:\/\/semndecarte.metarsis.ro\/index.php?rest_route=\/wp\/v2\/types\/post"}],"author":[{"embeddable":true,"href":"https:\/\/semndecarte.metarsis.ro\/index.php?rest_route=\/wp\/v2\/users\/1"}],"replies":[{"embeddable":true,"href":"https:\/\/semndecarte.metarsis.ro\/index.php?rest_route=%2Fwp%2Fv2%2Fcomments&post=7437"}],"version-history":[{"count":0,"href":"https:\/\/semndecarte.metarsis.ro\/index.php?rest_route=\/wp\/v2\/posts\/7437\/revisions"}],"wp:attachment":[{"href":"https:\/\/semndecarte.metarsis.ro\/index.php?rest_route=%2Fwp%2Fv2%2Fmedia&parent=7437"}],"wp:term":[{"taxonomy":"category","embeddable":true,"href":"https:\/\/semndecarte.metarsis.ro\/index.php?rest_route=%2Fwp%2Fv2%2Fcategories&post=7437"},{"taxonomy":"post_tag","embeddable":true,"href":"https:\/\/semndecarte.metarsis.ro\/index.php?rest_route=%2Fwp%2Fv2%2Ftags&post=7437"}],"curies":[{"name":"wp","href":"https:\/\/api.w.org\/{rel}","templated":true}]}}