{"id":7414,"date":"2013-01-18T22:45:09","date_gmt":"2013-01-18T20:45:09","guid":{"rendered":"http:\/\/semndecarte.metarsis.ro\/?p=7414"},"modified":"2013-01-18T22:45:09","modified_gmt":"2013-01-18T20:45:09","slug":"ziua-culturii-nationale","status":"publish","type":"post","link":"https:\/\/semndecarte.metarsis.ro\/?p=7414","title":{"rendered":"Ziua Culturii Na\u0163ionale"},"content":{"rendered":"<p style=\"text-align: justify;\"><a href=\"http:\/\/semndecarte.metarsis.ro\/wp-content\/uploads\/2013\/01\/mihai-eminescu-2012-prm-vulcan.png\" rel=\"lightbox[7414]\"><img loading=\"lazy\" class=\"alignleft size-full wp-image-7415\" title=\"mihai-eminescu\" src=\"http:\/\/semndecarte.metarsis.ro\/wp-content\/uploads\/2013\/01\/mihai-eminescu-2012-prm-vulcan.png\" alt=\"\" width=\"520\" height=\"200\" srcset=\"https:\/\/semndecarte.metarsis.ro\/wp-content\/uploads\/2013\/01\/mihai-eminescu-2012-prm-vulcan.png 520w, https:\/\/semndecarte.metarsis.ro\/wp-content\/uploads\/2013\/01\/mihai-eminescu-2012-prm-vulcan-160x61.png 160w, https:\/\/semndecarte.metarsis.ro\/wp-content\/uploads\/2013\/01\/mihai-eminescu-2012-prm-vulcan-163x62.png 163w\" sizes=\"(max-width: 520px) 100vw, 520px\" \/><\/a>Ziua Culturii Na\u0163ionale- 15 ianuarie 2013- a fost marcat\u0103 la libr\u0103ria Semn de Carte din Re\u015fi\u0163a \u00een prezen\u0163a unui public foarte numeros, public ce a \u00a0facut ne\u00eenc\u0103p\u0103toare cein\u0103ria \u015fi libr\u0103ria, spre bucuria organizatorilor, dovad\u0103 c\u0103 avem nevoie de cultur\u0103 \u015fi c\u0103 decizia de a declara ziua na\u015fterii Poetului nepereche- Mihai Eminescu ca Ziu\u0103 a Culturii Na\u0163ionale a fost una inspirat\u0103. \u00cen prezen\u0163a invita\u0163ilor: elevi din clasele a IX-a \u015fi a XI-a de la \u00a0Liceul Diaconovic-Tietz insoti\u0163i de doamnele profesoare Ana Krem \u015fi Camelia Mladin, a altor profesori, bibliotecari, poe\u0163i, al\u0163i elevi &#8211; iubitori de cultur\u0103, au \u00a0fost marca\u0163i cei 163 de ani de la na\u015fterea poetului, 130 ani de la apari\u0163ia Luceafarului- poem emblem\u0103 al crea\u0163iei eminesciene \u015fi al culturii rom\u00e2ne <!--more-->prin:<\/p>\n<p style=\"text-align: justify;\">&#8211; \u00a0expozi\u0163ia realizat\u0103 cu volume de valoare incontestabil\u0103 din colec\u0163ia Eminescu a Bibliotecii Jude\u0163ene \u201cPaul Iorgovici\u201d \u2013 volume prezentate de bibliotecarul Ion Bujor.<\/p>\n<p style=\"text-align: justify;\">\u00a0&#8211; prezentarea, pe simezele libr\u0103riei, de catre moderatorul \u00eent\u00e2lnirii, jurnalistul, scriitorul, eminescologul Gheorghe Jurma, editor, director al editurii TIM din Re\u015fi\u0163a, a Colec\u0163iei Eminescu \u2013\u015fi prezentarea \u00a0celui de-al XXIII-lea volum, cel semnat Gabriela \u015eerban: \u201cMihai Eminescu in fondurile Bibliotecii Ora\u015fene\u015fti din Boc\u015fa\u201d, Gheorghe Jurma marturisind credin\u0163a c\u0103\u00a0\u00eentreaga Colec\u0163ie Eminescu a Editurii Tim este \u201cUn proiect care urmare\u015fte patrimoniul cultural na\u0163ional. Ofera ca atare, comentariile \u015fi referin\u0163ele despre Eminescu, sunt un patrimoniu. Fiecare \u00een parte este o valoare \u015fi toate la un loc adaug\u0103 valoare Culturii Na\u0163ionale\u201d;<\/p>\n<p style=\"text-align: justify;\">&#8211; lansarea volumului \u201c Mihai Eminescu \u00een fondurile Bibliotecii Ora\u015fene\u015fti din Boc\u015fa\u201d semnat Gabriela \u015eerban, manager al Institu\u0163iei, vicepre\u015fedinte al ANBPR filiala Cara\u015f-Severin, prefa\u0163ator \u015fi coordonator al unor volume ap\u0103rute sub egida bibliotecii boc\u015fene, realizator de lucr\u0103ri de specialitate: monografia \u201c50 de ani de bibliotec\u0103 public\u0103 la Boc\u015fa\u201d (2003), \u201c Bibliografia revistei &lt;&lt;Boc\u015fa cultural\u0103&gt;&gt; 2000-2009\u201d (2009), \u201cMihail Ga\u015fpar \u015fi Nicolae Iorga \u00een fondurile bibliotecii &lt;&lt;Tata Oancea&gt;&gt; din Boc\u015fa\u201d (2011), om de cultur\u0103 cuprins \u00een volumele \u201cPortretul unei doamne\u201d de Titus Crisciu (2003), \u201cBibliologi rom\u00e2ni: dic\u0163ionar\u201d de Gh. Bulu\u0163\u0103, Emil Vasilescu \u015fi\u00a0Victor Petrescu (2011) \u015fi \u201cC\u0103r\u0103\u015feni de neuitat\u201d vol. XIV de Petru Ciurea \u015fi Constantin Falc\u0103 (2012). Mul\u0163umind editorului Gheorghe Jurma pentru sprijinul acordat, Gabriela \u015eerban a subliniat: \u201eDe\u015fi fondul <em>Eminescu <\/em>al Bibliotecii \u00abTata Oancea\u00bb de\u0163ine doar pu\u0163in peste 500 de titluri, totu\u015fi, \u00eentre acestea, se afl\u0103 c\u00e2teva edi\u0163ii valoroase pentru orice bibliofil, eminescolog sau simplu cititor\u201c;<\/p>\n<p style=\"text-align: justify;\">-recital de poezie din crea\u0163ia proprie a poe\u0163ilor re\u015fi\u0163eni Alexandra Gorghiu, Gheorge Zincescu \u015fi Costel Stancu;<\/p>\n<p style=\"text-align: justify;\">-recital sustinut de t\u00e2n\u0103rul pianist Adrian Diaconescu (14 ani), clasa prof. Lucia Ghilea care a \u00eenc\u0103lzit atmosfera cu piese bine alese \u015fi executate.<\/p>\n<p style=\"text-align: justify;\">Aceasta a fost seara de 15 ianuarie 2013 la libr\u0103ria Semn de Carte, \u00een arome de ceai \u015fi cafea etiopian\u0103 proasp\u0103t pr\u0103jit\u0103, \u00eentre iubitori de cultur\u0103- nu pu\u0163ini la num\u0103r- semn c\u0103 avem nevoie de repere, la celebrarea a 130 de ani de la apari\u0163ia \u00a0\u201cLuceafarului\u201d la comemorarea celor 163 de ani \u00a0de la na\u015fterea lui Mihai Eminescu, \u201comul deplin al culturii rom\u00e2ne\u201d definit astfel de Constantin Noica, seara a unei zile, devenit\u0103, \u00een mod fericit, Ziua Culturii Na\u0163ionale.<\/p>\n<p style=\"text-align: justify;\"><a href=\"http:\/\/semndecarte.metarsis.ro\/wp-content\/uploads\/2013\/01\/15.jpg\" rel=\"lightbox[7414]\"><img loading=\"lazy\" class=\"alignleft size-thumbnail wp-image-7417\" title=\"Ziua Culturii Na\u0163ionale- 15 ianuarie 2013- la libr\u0103ria Semn de Carte din Re\u015fi\u0163a\" src=\"http:\/\/semndecarte.metarsis.ro\/wp-content\/uploads\/2013\/01\/15-95x95.jpg\" alt=\"\" width=\"95\" height=\"95\" \/><\/a><a href=\"http:\/\/semndecarte.metarsis.ro\/wp-content\/uploads\/2013\/01\/14.jpg\" rel=\"lightbox[7414]\"><img loading=\"lazy\" class=\"alignleft size-thumbnail wp-image-7431\" title=\"Ziua Culturii Na\u0163ionale- 15 ianuarie 2013- la libr\u0103ria Semn de Carte din Re\u015fi\u0163a\" src=\"http:\/\/semndecarte.metarsis.ro\/wp-content\/uploads\/2013\/01\/14-95x95.jpg\" alt=\"\" width=\"95\" height=\"95\" \/><\/a><a href=\"http:\/\/semndecarte.metarsis.ro\/wp-content\/uploads\/2013\/01\/13.jpg\" rel=\"lightbox[7414]\"><img loading=\"lazy\" class=\"alignleft size-thumbnail wp-image-7430\" title=\"Ziua Culturii Na\u0163ionale- 15 ianuarie 2013- la libr\u0103ria Semn de Carte din Re\u015fi\u0163a\" src=\"http:\/\/semndecarte.metarsis.ro\/wp-content\/uploads\/2013\/01\/13-95x95.jpg\" alt=\"\" width=\"95\" height=\"95\" \/><\/a><a href=\"http:\/\/semndecarte.metarsis.ro\/wp-content\/uploads\/2013\/01\/12.jpg\" rel=\"lightbox[7414]\"><img loading=\"lazy\" class=\"alignleft size-thumbnail wp-image-7429\" title=\"Ziua Culturii Na\u0163ionale- 15 ianuarie 2013- la libr\u0103ria Semn de Carte din Re\u015fi\u0163a\" src=\"http:\/\/semndecarte.metarsis.ro\/wp-content\/uploads\/2013\/01\/12-95x95.jpg\" alt=\"\" width=\"95\" height=\"95\" \/><\/a><a href=\"http:\/\/semndecarte.metarsis.ro\/wp-content\/uploads\/2013\/01\/11.jpg\" rel=\"lightbox[7414]\"><img loading=\"lazy\" class=\"alignleft size-thumbnail wp-image-7428\" title=\"Ziua Culturii Na\u0163ionale- 15 ianuarie 2013- la libr\u0103ria Semn de Carte din Re\u015fi\u0163a\" src=\"http:\/\/semndecarte.metarsis.ro\/wp-content\/uploads\/2013\/01\/11-95x95.jpg\" alt=\"\" width=\"95\" height=\"95\" \/><\/a><a href=\"http:\/\/semndecarte.metarsis.ro\/wp-content\/uploads\/2013\/01\/10.jpg\" rel=\"lightbox[7414]\"><img loading=\"lazy\" class=\"alignleft size-thumbnail wp-image-7427\" title=\"Ziua Culturii Na\u0163ionale- 15 ianuarie 2013- la libr\u0103ria Semn de Carte din Re\u015fi\u0163a\" src=\"http:\/\/semndecarte.metarsis.ro\/wp-content\/uploads\/2013\/01\/10-95x95.jpg\" alt=\"\" width=\"95\" height=\"95\" \/><\/a><a href=\"http:\/\/semndecarte.metarsis.ro\/wp-content\/uploads\/2013\/01\/9.jpg\" rel=\"lightbox[7414]\"><img loading=\"lazy\" class=\"alignleft size-thumbnail wp-image-7426\" title=\"Ziua Culturii Na\u0163ionale- 15 ianuarie 2013- la libr\u0103ria Semn de Carte din Re\u015fi\u0163a\" src=\"http:\/\/semndecarte.metarsis.ro\/wp-content\/uploads\/2013\/01\/9-95x95.jpg\" alt=\"\" width=\"95\" height=\"95\" \/><\/a><a href=\"http:\/\/semndecarte.metarsis.ro\/wp-content\/uploads\/2013\/01\/8.jpg\" rel=\"lightbox[7414]\"><img loading=\"lazy\" class=\"alignleft size-thumbnail wp-image-7425\" title=\"Ziua Culturii Na\u0163ionale- 15 ianuarie 2013- la libr\u0103ria Semn de Carte din Re\u015fi\u0163a\" src=\"http:\/\/semndecarte.metarsis.ro\/wp-content\/uploads\/2013\/01\/8-95x95.jpg\" alt=\"\" width=\"95\" height=\"95\" \/><\/a><a href=\"http:\/\/semndecarte.metarsis.ro\/wp-content\/uploads\/2013\/01\/71.jpg\" rel=\"lightbox[7414]\"><img loading=\"lazy\" class=\"alignleft size-thumbnail wp-image-7424\" title=\"Ziua Culturii Na\u0163ionale- 15 ianuarie 2013- la libr\u0103ria Semn de Carte din Re\u015fi\u0163a\" src=\"http:\/\/semndecarte.metarsis.ro\/wp-content\/uploads\/2013\/01\/71-95x95.jpg\" alt=\"\" width=\"95\" height=\"95\" \/><\/a><a href=\"http:\/\/semndecarte.metarsis.ro\/wp-content\/uploads\/2013\/01\/61.jpg\" rel=\"lightbox[7414]\"><img loading=\"lazy\" class=\"alignleft size-thumbnail wp-image-7423\" title=\"Ziua Culturii Na\u0163ionale- 15 ianuarie 2013- la libr\u0103ria Semn de Carte din Re\u015fi\u0163a\" src=\"http:\/\/semndecarte.metarsis.ro\/wp-content\/uploads\/2013\/01\/61-95x95.jpg\" alt=\"\" width=\"95\" height=\"95\" \/><\/a><a href=\"http:\/\/semndecarte.metarsis.ro\/wp-content\/uploads\/2013\/01\/51.jpg\" rel=\"lightbox[7414]\"><img loading=\"lazy\" class=\"alignleft size-thumbnail wp-image-7422\" title=\"Ziua Culturii Na\u0163ionale- 15 ianuarie 2013- la libr\u0103ria Semn de Carte din Re\u015fi\u0163a\" src=\"http:\/\/semndecarte.metarsis.ro\/wp-content\/uploads\/2013\/01\/51-95x95.jpg\" alt=\"\" width=\"95\" height=\"95\" \/><\/a><a href=\"http:\/\/semndecarte.metarsis.ro\/wp-content\/uploads\/2013\/01\/4.jpg\" rel=\"lightbox[7414]\"><img loading=\"lazy\" class=\"alignleft size-thumbnail wp-image-7421\" title=\"Ziua Culturii Na\u0163ionale- 15 ianuarie 2013- la libr\u0103ria Semn de Carte din Re\u015fi\u0163a\" src=\"http:\/\/semndecarte.metarsis.ro\/wp-content\/uploads\/2013\/01\/4-95x95.jpg\" alt=\"\" width=\"95\" height=\"95\" \/><\/a><a href=\"http:\/\/semndecarte.metarsis.ro\/wp-content\/uploads\/2013\/01\/31.jpg\" rel=\"lightbox[7414]\"><img loading=\"lazy\" class=\"alignleft size-thumbnail wp-image-7420\" title=\"Ziua Culturii Na\u0163ionale- 15 ianuarie 2013- la libr\u0103ria Semn de Carte din Re\u015fi\u0163a\" src=\"http:\/\/semndecarte.metarsis.ro\/wp-content\/uploads\/2013\/01\/31-95x95.jpg\" alt=\"\" width=\"95\" height=\"95\" \/><\/a><a href=\"http:\/\/semndecarte.metarsis.ro\/wp-content\/uploads\/2013\/01\/21.jpg\" rel=\"lightbox[7414]\"><img loading=\"lazy\" class=\"alignleft size-thumbnail wp-image-7419\" title=\"Ziua Culturii Na\u0163ionale- 15 ianuarie 2013- la libr\u0103ria Semn de Carte din Re\u015fi\u0163a\" src=\"http:\/\/semndecarte.metarsis.ro\/wp-content\/uploads\/2013\/01\/21-95x95.jpg\" alt=\"\" width=\"95\" height=\"95\" \/><\/a><a href=\"http:\/\/semndecarte.metarsis.ro\/wp-content\/uploads\/2013\/01\/1.jpg\" rel=\"lightbox[7414]\"><img loading=\"lazy\" class=\"alignleft size-thumbnail wp-image-7418\" title=\"Ziua Culturii Na\u0163ionale- 15 ianuarie 2013- la libr\u0103ria Semn de Carte din Re\u015fi\u0163a\" src=\"http:\/\/semndecarte.metarsis.ro\/wp-content\/uploads\/2013\/01\/1-95x95.jpg\" alt=\"\" width=\"95\" height=\"95\" \/><\/a><\/p>\n","protected":false},"excerpt":{"rendered":"<p>Ziua Culturii Na\u0163ionale- 15 ianuarie 2013- a fost marcat\u0103 la libr\u0103ria Semn de Carte din Re\u015fi\u0163a \u00een prezen\u0163a unui public foarte numeros, public ce a  facut ne\u00eenc\u0103p\u0103toare cein\u0103ria \u015fi libr\u0103ria, spre bucuria organizatorilor, dovad\u0103 c\u0103 avem nevoie de cultur\u0103 \u015fi c\u0103 decizia de a declara ziua na\u015fterii Poetului nepereche- Mihai Eminescu ca Ziu\u0103 a Culturii Na\u0163ionale a fost una inspirat\u0103. <\/p>\n","protected":false},"author":1,"featured_media":0,"comment_status":"open","ping_status":"open","sticky":false,"template":"","format":"standard","meta":[],"categories":[7],"tags":[373,372],"_links":{"self":[{"href":"https:\/\/semndecarte.metarsis.ro\/index.php?rest_route=\/wp\/v2\/posts\/7414"}],"collection":[{"href":"https:\/\/semndecarte.metarsis.ro\/index.php?rest_route=\/wp\/v2\/posts"}],"about":[{"href":"https:\/\/semndecarte.metarsis.ro\/index.php?rest_route=\/wp\/v2\/types\/post"}],"author":[{"embeddable":true,"href":"https:\/\/semndecarte.metarsis.ro\/index.php?rest_route=\/wp\/v2\/users\/1"}],"replies":[{"embeddable":true,"href":"https:\/\/semndecarte.metarsis.ro\/index.php?rest_route=%2Fwp%2Fv2%2Fcomments&post=7414"}],"version-history":[{"count":0,"href":"https:\/\/semndecarte.metarsis.ro\/index.php?rest_route=\/wp\/v2\/posts\/7414\/revisions"}],"wp:attachment":[{"href":"https:\/\/semndecarte.metarsis.ro\/index.php?rest_route=%2Fwp%2Fv2%2Fmedia&parent=7414"}],"wp:term":[{"taxonomy":"category","embeddable":true,"href":"https:\/\/semndecarte.metarsis.ro\/index.php?rest_route=%2Fwp%2Fv2%2Fcategories&post=7414"},{"taxonomy":"post_tag","embeddable":true,"href":"https:\/\/semndecarte.metarsis.ro\/index.php?rest_route=%2Fwp%2Fv2%2Ftags&post=7414"}],"curies":[{"name":"wp","href":"https:\/\/api.w.org\/{rel}","templated":true}]}}