{"id":7401,"date":"2013-01-10T20:42:24","date_gmt":"2013-01-10T18:42:24","guid":{"rendered":"http:\/\/semndecarte.metarsis.ro\/?p=7401"},"modified":"2013-01-10T20:42:24","modified_gmt":"2013-01-10T18:42:24","slug":"intre-prieteni","status":"publish","type":"post","link":"https:\/\/semndecarte.metarsis.ro\/?p=7401","title":{"rendered":"\u00centre PRIETENI"},"content":{"rendered":"<p style=\"text-align: justify;\"><strong>Slow vs. fast \/ Lini\u015ftit NU Gr\u0103bit<\/strong><\/p>\n<p style=\"text-align: justify;\"><a href=\"http:\/\/semndecarte.metarsis.ro\/wp-content\/uploads\/2013\/01\/cop.jpg\" rel=\"lightbox[7401]\"><img loading=\"lazy\" class=\"alignleft size-full wp-image-7402\" title=\"\u00cent\u00e2lnirea de mar\u0163i\" src=\"http:\/\/semndecarte.metarsis.ro\/wp-content\/uploads\/2013\/01\/cop.jpg\" alt=\"\" width=\"520\" height=\"200\" srcset=\"https:\/\/semndecarte.metarsis.ro\/wp-content\/uploads\/2013\/01\/cop.jpg 520w, https:\/\/semndecarte.metarsis.ro\/wp-content\/uploads\/2013\/01\/cop-160x61.jpg 160w, https:\/\/semndecarte.metarsis.ro\/wp-content\/uploads\/2013\/01\/cop-163x62.jpg 163w\" sizes=\"(max-width: 520px) 100vw, 520px\" \/><\/a>Prima \u00eentalnire de mar\u0163i din 2013\u00a0 a Prietenilor Mun\u0163ilor- Sec\u0163ia Drume\u0163ie s-a petrecut \u00een 8 ianuarie spre \u00eenserate \u00een ceain\u0103ria libr\u0103riei Semn de Carte \u015fi s-a \u00eencadrat perfect \u00een conceptul pe care Societatea pentru Cultur\u0103 METARSIS- activit\u0103\u0163i \u015fi servicii de cultur\u0103 urban\u0103 \u015fi art\u0103 contemporan\u0103 \u00eel sus\u0163ine \u015fi \u00eel promoveaz\u0103: acela al unei atitudini slow versus fast, a atitudinii lini\u015ftite \u00eempotriva unei atitudini agitate. Conceptul- relativ nou, propune- \u00een principal-\u00a0 ca fiecare dintre noi s\u0103-\u015fi g\u0103seasc\u0103 propriul ritm de via\u0163\u0103, s\u0103-\u015fi controleze existen\u0163a \u015fi comportamentul, s\u0103 tr\u0103iasc\u0103 lini\u015ftit prin toate sim\u0163urile, redescoperind adev\u0103ratele valori ale vie\u0163ii (familia, comuniunea cu natura, credin\u0163a, prietenia, ospitalitatea \u015fi respectul fa\u0163\u0103 de natur\u0103, semeni, spa\u0163iul locuit, obiceiuri \u015fi tradi\u0163ii, etc) \u00eentr-o atitudine slow (lent\u0103, lini\u015ftit\u0103) \u00eempotriva unei atitudini fast (grabit\u0103, agitat\u0103)- caracterizat\u0103 prin cursa zilnic\u0103, stresant\u0103, contra cronometru, caracteristic\u0103 vie\u0163ii moderne \u015fi societ\u0103\u0163ii consumiste.<!--more--><\/p>\n<p style=\"text-align: justify;\">Iat\u0103 c\u0103 la Re\u015fi\u0163a un grup de iubitori ai naturii au ales s\u0103 tr\u0103iasc\u0103 s\u0103n\u0103tos \u015fi sunt adep\u0163ii mi\u015fc\u0103rii slow vs. fast chiar \u00eenainte ca aceasta s\u0103 fie descoperit\u0103 sau, mai bine zis, definit\u0103. \u00cemi povestea o doamn\u0103 respectabil\u0103 c\u0103 un bun prieten trecea prin momente grele. Prietenii, din dorin\u0163a de a-i alina suferin\u0163a, au decis s\u0103-l invite la o plimbare mai lung\u0103. A\u015fa s-au n\u0103scut drume\u0163iile duminicale, \u00een anii \u20187o, familiile: Adamek, Demeny, Hipp, Fogele, Jochmann, Hegesy, Dr\u0103gan, Neff, Pomoja, C\u0103linescu, Strama, indiferent de vreme \u015fi vremuri, cu rucsacuri \u00een spate, hot\u0103r\u00e2nd s\u0103 se \u00eent\u00e2lneasc\u0103 \u015fi s\u0103 str\u0103bat\u0103, duminica, trasee mai lungi sau mai scurte, \u00eentr-un Banat Montan extrem de generos ca relief, flor\u0103 \u015fi faun\u0103. Ast\u0103zi unii dintre ei nu mai sunt, al\u0163ii \u015fi-au adus \u015fi copiii \u015fi nepo\u0163ii, al\u0163ii- au v\u00e2rsta senectu\u0163ii- septuagenari \u015fi octogenari- decanul de v\u00e2rsta, Ioan Adamek \u00eemplinind peste c\u00e2teva zile 87 ani, unii au plecat \u00een Germania, al\u0163ii s-au al\u0103turat grupului, permanent sau ocazional, drume\u0163ind duminic\u0103 de duminic\u0103, cu bucuria \u00eemp\u0103rt\u0103\u015firii emo\u0163iilor, descoperirii sau redescoperirii naturii \u00een toat\u0103 splendoarea sa, tr\u0103ind adevarat \u00eentre prieteni, cer \u015fi pam\u00e2nt. Mar\u0163i seara, la Semn de Carte, am tr\u0103it cu adev\u0103rat bucuria \u00eemp\u0103rt\u0103\u015fit\u0103 de decanul de v\u00e2rsta \u015fi conduc\u0103torul grupului drume\u0163ilor Ioan Adamek (87 ani f\u0103r\u0103 c\u00e2teva zile) &#8211;\u00a0 la prezentarea diapozitivelor realizate \u00een excursii din anii 1985- 1989. Ne-a purtat, cu elegan\u0163\u0103 \u015fi umor, pe dealurile T\u00e2rnovei, la Padina Seac\u0103 \u015fi Certej, la Cantonul T\u00e2lva C\u00e2mpului \u00eentre T\u00e2rnova \u015fi Groposu spre barajul Secu, ne-a urcat pe Piatra Alb\u0103 \u015fi pe Piatra Mare, ne-a plimbat pe drumul V\u0103liugului \u015fi ne-a suit la Cozia, ne-a cobor\u00e2t pe Valea R\u00e2ului Alb, ne-a dus \u00een Prolas unde, dac\u0103 \u015ftii c\u00e2nd s\u0103 mergi \u015fi ai noroc, \u00eenainte de locul numit \u0162olosu\u2019- unde se pierde poteca \u015fi apare d\u00e2mbul C\u0103nie pe partea st\u00e2nga, acolo, pe partea dreapt\u0103 a Cara\u015fului po\u0163i admira o cascad\u0103 cum numai \u00een pove\u015fti g\u0103se\u015fti. Am ie\u015fit din Cheile Cara\u015fului prin Prolas (loc de trecere, poian\u0103 \u00een limba croat\u0103) cu priveli\u015fte spre Mina Secu \u015fi am v\u0103zut, imortalizat, falnic, Turnul de Extrac\u0163ie al Minei Secu devenit, de vreo 15 ani, ruin\u0103. Am mai fost \u00een Rezerva\u0163ia Dendrologic\u0103 Iezeri\u015fel unde am v\u0103zut seqvoia (din nou\u0103 copaci planta\u0163i \u00een anii \u201970 azi mai sunt patru) iar de la Comarnic, la Cantonul Navesul Mare- azi ruin\u0103- am v\u0103zut imagini cu seqvoia de 250 de ani \u2013 de pe vremea Mariei Terezia, \u00een Cara\u015f- Severin, dup\u0103 spusele decanului de v\u00e2rst\u0103 \u015fi bun cunoscator al zonei \u2013prieten al mun\u0163ilor, mai exist\u00e2nd un singur exemplar, la B\u0103ile Herculane. \u015ei ne-a mai ar\u0103tat domnul Adamek inagini surprinse cu flora de munte, unele unicat \u00een Europa: garofi\u0163e salbatice, flori de piatr\u0103, si \u201cPecetea lui Solomaon\u201d \u2013 planta care cre\u015fte doar \u00een locul cu acela\u015fi nume din Cara\u015f-Severin, pinul negru de Banat \u015fi bujorul b\u0103n\u0103\u0163ean, iar ca bonus am v\u0103zut pop\u00e2nd\u0103i, fazani \u015fi f\u0103zani\u0163e \u00een cuib (la Padina Seac\u0103), \u015farpele orb &#8211; negru cu buline albastre, \u015farpele de sticl\u0103, gu\u015fteri, vipera cu corn (73 cm.- m\u0103surat\u0103), \u015fi -secven\u0163\u0103 unicat: vipera neagr\u0103 fotografiat\u0103 \u00eentr-o zi c\u0103lduroas\u0103 de var\u0103 pe Bucitu, \u00eenspre Ghica. Prelungire fireasc\u0103 a \u00eent\u00e2lnirilor duminicale \u015fi dovad\u0103 cert\u0103 a atitudinii slow versus fast, grupul drume\u0163ilor (\u00eembog\u0103\u0163it \u00eentre timp cu purt\u0103tori de nume: Poszar, Cruceru, Mato, Rupa, Popoviciu, Hri\u0163cu, Rambu, Duca, Pascu, Debona, R\u00e2mpu \u015fi al\u0163ii) \u00eempodobe\u015fte, \u00een ultima duminic\u0103 dinainte de Cr\u0103ciun acela\u015fi brad de pe Ar\u015fi\u0163a iar din 2 ianuarie 1987, la propunerea profesorului Anheuer, prima excursie a anului este pe Ghica. A\u015fa se poate tr\u0103i via\u0163a \u00eentr-un ritm lent, deplin, \u00een natur\u0103, \u00eentre prieteni, pove\u015fti \u015fi amintiri.<\/p>\n<p style=\"text-align: justify;\">LA MULTI \u015eI LINI\u015eTI\u0162I ANI, PRIETENI!<\/p>\n<p style=\"text-align: justify;\"><a href=\"http:\/\/semndecarte.metarsis.ro\/wp-content\/uploads\/2013\/01\/3.jpg\" rel=\"lightbox[7401]\"><img loading=\"lazy\" class=\"alignleft size-thumbnail wp-image-7404\" title=\"Drume\u0163i, prieteni ai mun\u0163ilor\" src=\"http:\/\/semndecarte.metarsis.ro\/wp-content\/uploads\/2013\/01\/3-95x95.jpg\" alt=\"\" width=\"95\" height=\"95\" \/><\/a><a href=\"http:\/\/semndecarte.metarsis.ro\/wp-content\/uploads\/2013\/01\/5.jpg\" rel=\"lightbox[7401]\"><img loading=\"lazy\" class=\"alignleft size-thumbnail wp-image-7405\" title=\"Decanul de v\u00e2rsta \u015fi conducatorul drume\u0163ilor Ioan Adamek (87 ani f\u0103r\u0103 c\u00e2teva zile)\" src=\"http:\/\/semndecarte.metarsis.ro\/wp-content\/uploads\/2013\/01\/5-95x95.jpg\" alt=\"\" width=\"95\" height=\"95\" \/><\/a><a href=\"http:\/\/semndecarte.metarsis.ro\/wp-content\/uploads\/2013\/01\/6.jpg\" rel=\"lightbox[7401]\"><img loading=\"lazy\" class=\"alignleft  wp-image-7406\" title=\"Drume\u0163i, prieteni ai mun\u0163ilor\" src=\"http:\/\/semndecarte.metarsis.ro\/wp-content\/uploads\/2013\/01\/6-95x95.jpg\" alt=\"\" width=\"95\" height=\"95\" \/><\/a><a href=\"http:\/\/semndecarte.metarsis.ro\/wp-content\/uploads\/2013\/01\/2.jpg\" rel=\"lightbox[7401]\"><img loading=\"lazy\" class=\"alignleft size-thumbnail wp-image-7403\" title=\"Drume\u0163i, prieteni ai mun\u0163ilor\" src=\"http:\/\/semndecarte.metarsis.ro\/wp-content\/uploads\/2013\/01\/2-95x95.jpg\" alt=\"\" width=\"95\" height=\"95\" \/><\/a><a href=\"http:\/\/semndecarte.metarsis.ro\/wp-content\/uploads\/2013\/01\/7.jpg\" rel=\"lightbox[7401]\"><img loading=\"lazy\" class=\"alignleft size-thumbnail wp-image-7407\" title=\"Drume\u0163i, prieteni ai mun\u0163ilor\" src=\"http:\/\/semndecarte.metarsis.ro\/wp-content\/uploads\/2013\/01\/7-95x95.jpg\" alt=\"\" width=\"95\" height=\"95\" \/><\/a><\/p>\n","protected":false},"excerpt":{"rendered":"<p>Prima \u00eentalnire de mar\u0163i din 2013  a Prietenilor Mun\u0163ilor- Sec\u0163ia Drume\u0163ie s-a petrecut \u00een 8 ianuarie spre \u00eenserate \u00een ceain\u0103ria libr\u0103riei Semn de Carte \u015fi s-a \u00eencadrat perfect \u00een conceptul pe care Societatea pentru Cultur\u0103 METARSIS- activit\u0103\u0163i \u015fi servicii de cultur\u0103 urban\u0103 \u015fi art\u0103 contemporan\u0103 \u00eel sus\u0163ine \u015fi \u00eel promoveaz\u0103: acela al unei atitudini slow versus fast, a atitudinii lini\u015ftite \u00eempotriva unei atitudini agitate. <\/p>\n","protected":false},"author":1,"featured_media":0,"comment_status":"open","ping_status":"open","sticky":false,"template":"","format":"standard","meta":[],"categories":[7],"tags":[322,323],"_links":{"self":[{"href":"https:\/\/semndecarte.metarsis.ro\/index.php?rest_route=\/wp\/v2\/posts\/7401"}],"collection":[{"href":"https:\/\/semndecarte.metarsis.ro\/index.php?rest_route=\/wp\/v2\/posts"}],"about":[{"href":"https:\/\/semndecarte.metarsis.ro\/index.php?rest_route=\/wp\/v2\/types\/post"}],"author":[{"embeddable":true,"href":"https:\/\/semndecarte.metarsis.ro\/index.php?rest_route=\/wp\/v2\/users\/1"}],"replies":[{"embeddable":true,"href":"https:\/\/semndecarte.metarsis.ro\/index.php?rest_route=%2Fwp%2Fv2%2Fcomments&post=7401"}],"version-history":[{"count":0,"href":"https:\/\/semndecarte.metarsis.ro\/index.php?rest_route=\/wp\/v2\/posts\/7401\/revisions"}],"wp:attachment":[{"href":"https:\/\/semndecarte.metarsis.ro\/index.php?rest_route=%2Fwp%2Fv2%2Fmedia&parent=7401"}],"wp:term":[{"taxonomy":"category","embeddable":true,"href":"https:\/\/semndecarte.metarsis.ro\/index.php?rest_route=%2Fwp%2Fv2%2Fcategories&post=7401"},{"taxonomy":"post_tag","embeddable":true,"href":"https:\/\/semndecarte.metarsis.ro\/index.php?rest_route=%2Fwp%2Fv2%2Ftags&post=7401"}],"curies":[{"name":"wp","href":"https:\/\/api.w.org\/{rel}","templated":true}]}}