{"id":7330,"date":"2012-12-19T21:31:32","date_gmt":"2012-12-19T19:31:32","guid":{"rendered":"http:\/\/semndecarte.metarsis.ro\/?p=7330"},"modified":"2012-12-19T21:31:32","modified_gmt":"2012-12-19T19:31:32","slug":"micul-mag","status":"publish","type":"post","link":"https:\/\/semndecarte.metarsis.ro\/?p=7330","title":{"rendered":"Micul Mag"},"content":{"rendered":"<p style=\"text-align: justify;\"><a href=\"http:\/\/semndecarte.metarsis.ro\/wp-content\/uploads\/2012\/12\/cop2.jpg\" rel=\"lightbox[7330]\"><img loading=\"lazy\" class=\"alignleft size-full wp-image-7331\" title=\"Micul Mag\" src=\"http:\/\/semndecarte.metarsis.ro\/wp-content\/uploads\/2012\/12\/cop2.jpg\" alt=\"\" width=\"482\" height=\"185\" srcset=\"https:\/\/semndecarte.metarsis.ro\/wp-content\/uploads\/2012\/12\/cop2.jpg 482w, https:\/\/semndecarte.metarsis.ro\/wp-content\/uploads\/2012\/12\/cop2-160x61.jpg 160w, https:\/\/semndecarte.metarsis.ro\/wp-content\/uploads\/2012\/12\/cop2-163x62.jpg 163w\" sizes=\"(max-width: 482px) 100vw, 482px\" \/><\/a>Mar\u021bi, 18 decembrie 2012, elevii clasei a IV-a de la \u0218coala Gimnazial\u0103 nr. 7 Re\u0219i\u021ba coordona\u0163i de doamna profesor Doina C\u0103r\u0103c\u0103lean s-au \u00eent\u00e2lnit cu piesa de teatru \u201cMicul Mag\u201d semnat\u0103 Lacrima Andra. Scris\u0103 de un copil (autoarea scriind piese pe c\u00e2nd avea 14 ani) \u0219i ecranizat\u0103 cu ajutorul prietenilor piesa a fost bine primit\u0103 acum, \u00een ajun de s\u0103rb\u0103tori, de copiii care au desenat personajele imaginate \u00een timp ce ascultau \u201cMicul Mag\u201d. ARIcel ISTE\u021a, mascota libr\u0103riei Semn de Carte a \u00eemp\u0103r\u021bit copiilor bomboane, magia s\u0103rb\u0103torilor de iarn\u0103 f\u0103c\u00e2ndu-\u0219i sim\u021bit\u0103 prezen\u021ba prin pove\u0219ti, culori \u0219i sunete de clopo\u021bei!<!--more--><\/p>\n<p style=\"text-align: justify;\">Eveniment organizat de Societatea pentru Cultur\u0103 METARSIS prin libr\u0103ria Semn de Carte.<\/p>\n<p style=\"text-align: justify;\"><a href=\"http:\/\/semndecarte.metarsis.ro\/wp-content\/uploads\/2012\/12\/DSCN7764.jpg\" rel=\"lightbox[7330]\"><img loading=\"lazy\" class=\"alignleft size-thumbnail wp-image-7341\" title=\"Elevi ai clasei a IV-a de la \u0218coala Gimnazial\u0103 nr. 7 din Re\u0219i\u021ba coordona\u0163i de doamna profesor Doina C\u0103r\u0103c\u0103lean\" src=\"http:\/\/semndecarte.metarsis.ro\/wp-content\/uploads\/2012\/12\/DSCN7764-95x95.jpg\" alt=\"\" width=\"95\" height=\"95\" \/><\/a><a href=\"http:\/\/semndecarte.metarsis.ro\/wp-content\/uploads\/2012\/12\/DSCN7758.jpg\" rel=\"lightbox[7330]\"><img loading=\"lazy\" class=\"alignleft  wp-image-7340\" title=\"Elevi ai clasei a IV-a de la \u0218coala Gimnazial\u0103 nr. 7 din Re\u0219i\u021ba coordona\u0163i de doamna profesor Doina C\u0103r\u0103c\u0103lean\" src=\"http:\/\/semndecarte.metarsis.ro\/wp-content\/uploads\/2012\/12\/DSCN7758-95x95.jpg\" alt=\"\" width=\"95\" height=\"95\" \/><\/a><a href=\"http:\/\/semndecarte.metarsis.ro\/wp-content\/uploads\/2012\/12\/DSC_0057.jpg\" rel=\"lightbox[7330]\"><img loading=\"lazy\" class=\"alignleft size-thumbnail wp-image-7339\" title=\"Elevi ai clasei a IV-a de la \u0218coala Gimnazial\u0103 nr. 7 din Re\u0219i\u021ba coordona\u0163i de doamna profesor Doina C\u0103r\u0103c\u0103lean\" src=\"http:\/\/semndecarte.metarsis.ro\/wp-content\/uploads\/2012\/12\/DSC_0057-95x95.jpg\" alt=\"\" width=\"95\" height=\"95\" \/><\/a><a href=\"http:\/\/semndecarte.metarsis.ro\/wp-content\/uploads\/2012\/12\/DSC_0044.jpg\" rel=\"lightbox[7330]\"><img loading=\"lazy\" class=\"alignleft size-thumbnail wp-image-7338\" title=\"Elevi ai clasei a IV-a de la \u0218coala Gimnazial\u0103 nr. 7 din Re\u0219i\u021ba coordona\u0163i de doamna profesor Doina C\u0103r\u0103c\u0103lean\" src=\"http:\/\/semndecarte.metarsis.ro\/wp-content\/uploads\/2012\/12\/DSC_0044-95x95.jpg\" alt=\"\" width=\"95\" height=\"95\" \/><\/a><a href=\"http:\/\/semndecarte.metarsis.ro\/wp-content\/uploads\/2012\/12\/DSC_0042.jpg\" rel=\"lightbox[7330]\"><img loading=\"lazy\" class=\"alignleft  wp-image-7337\" title=\"Elevi ai clasei a IV-a de la \u0218coala Gimnazial\u0103 nr. 7 din Re\u0219i\u021ba coordona\u0163i de doamna profesor Doina C\u0103r\u0103c\u0103lean\" src=\"http:\/\/semndecarte.metarsis.ro\/wp-content\/uploads\/2012\/12\/DSC_0042-95x95.jpg\" alt=\"\" width=\"95\" height=\"95\" \/><\/a><a href=\"http:\/\/semndecarte.metarsis.ro\/wp-content\/uploads\/2012\/12\/DSC_0035.jpg\" rel=\"lightbox[7330]\"><img loading=\"lazy\" class=\"alignleft size-thumbnail wp-image-7336\" title=\"Elevi ai clasei a IV-a de la \u0218coala Gimnazial\u0103 nr. 7 din Re\u0219i\u021ba coordona\u0163i de doamna profesor Doina C\u0103r\u0103c\u0103lean\" src=\"http:\/\/semndecarte.metarsis.ro\/wp-content\/uploads\/2012\/12\/DSC_0035-95x95.jpg\" alt=\"\" width=\"95\" height=\"95\" \/><\/a><a href=\"http:\/\/semndecarte.metarsis.ro\/wp-content\/uploads\/2012\/12\/DSC_0030.jpg\" rel=\"lightbox[7330]\"><img loading=\"lazy\" class=\"alignleft size-thumbnail wp-image-7335\" title=\"Elevi ai clasei a IV-a de la \u0218coala Gimnazial\u0103 nr. 7 din Re\u0219i\u021ba coordona\u0163i de doamna profesor Doina C\u0103r\u0103c\u0103lean\" src=\"http:\/\/semndecarte.metarsis.ro\/wp-content\/uploads\/2012\/12\/DSC_0030-95x95.jpg\" alt=\"\" width=\"95\" height=\"95\" \/><\/a><a href=\"http:\/\/semndecarte.metarsis.ro\/wp-content\/uploads\/2012\/12\/DSC_0025.jpg\" rel=\"lightbox[7330]\"><img loading=\"lazy\" class=\"alignleft size-thumbnail wp-image-7334\" title=\"Elevi ai clasei a IV-a de la \u0218coala Gimnazial\u0103 nr. 7 din Re\u0219i\u021ba coordona\u0163i de doamna profesor Doina C\u0103r\u0103c\u0103lean\" src=\"http:\/\/semndecarte.metarsis.ro\/wp-content\/uploads\/2012\/12\/DSC_0025-95x95.jpg\" alt=\"\" width=\"95\" height=\"95\" \/><\/a><a href=\"http:\/\/semndecarte.metarsis.ro\/wp-content\/uploads\/2012\/12\/DSC_0021.jpg\" rel=\"lightbox[7330]\"><img loading=\"lazy\" class=\"alignleft size-thumbnail wp-image-7333\" title=\"Elevi ai clasei a IV-a de la \u0218coala Gimnazial\u0103 nr. 7 din Re\u0219i\u021ba coordona\u0163i de doamna profesor Doina C\u0103r\u0103c\u0103lean\" src=\"http:\/\/semndecarte.metarsis.ro\/wp-content\/uploads\/2012\/12\/DSC_0021-95x95.jpg\" alt=\"\" width=\"95\" height=\"95\" \/><\/a><a href=\"http:\/\/semndecarte.metarsis.ro\/wp-content\/uploads\/2012\/12\/DSCN7773.jpg\" rel=\"lightbox[7330]\"><img loading=\"lazy\" class=\"alignleft size-thumbnail wp-image-7347\" title=\"Elevi ai clasei a IV-a de la \u0218coala Gimnazial\u0103 nr. 7 din Re\u0219i\u021ba coordona\u0163i de doamna profesor Doina C\u0103r\u0103c\u0103lean\" src=\"http:\/\/semndecarte.metarsis.ro\/wp-content\/uploads\/2012\/12\/DSCN7773-95x95.jpg\" alt=\"\" width=\"95\" height=\"95\" \/><\/a><a href=\"http:\/\/semndecarte.metarsis.ro\/wp-content\/uploads\/2012\/12\/DSCN7768.jpg\" rel=\"lightbox[7330]\"><img loading=\"lazy\" class=\"alignleft size-thumbnail wp-image-7342\" title=\"Elevi ai clasei a IV-a de la \u0218coala Gimnazial\u0103 nr. 7 din Re\u0219i\u021ba coordona\u0163i de doamna profesor Doina C\u0103r\u0103c\u0103lean\" src=\"http:\/\/semndecarte.metarsis.ro\/wp-content\/uploads\/2012\/12\/DSCN7768-95x95.jpg\" alt=\"\" width=\"95\" height=\"95\" \/><\/a><a href=\"http:\/\/semndecarte.metarsis.ro\/wp-content\/uploads\/2012\/12\/DSCN7774.jpg\" rel=\"lightbox[7330]\"><img loading=\"lazy\" class=\"alignleft size-thumbnail wp-image-7343\" title=\"Elevi ai clasei a IV-a de la \u0218coala Gimnazial\u0103 nr. 7 din Re\u0219i\u021ba coordona\u0163i de doamna profesor Doina C\u0103r\u0103c\u0103lean\" src=\"http:\/\/semndecarte.metarsis.ro\/wp-content\/uploads\/2012\/12\/DSCN7774-95x95.jpg\" alt=\"\" width=\"95\" height=\"95\" \/><\/a><a href=\"http:\/\/semndecarte.metarsis.ro\/wp-content\/uploads\/2012\/12\/Buga-Anca.jpg\" rel=\"lightbox[7330]\"><img loading=\"lazy\" class=\"alignleft size-thumbnail wp-image-7344\" title=\"Buga Anca\" src=\"http:\/\/semndecarte.metarsis.ro\/wp-content\/uploads\/2012\/12\/Buga-Anca-95x95.jpg\" alt=\"\" width=\"95\" height=\"95\" \/><\/a><a href=\"http:\/\/semndecarte.metarsis.ro\/wp-content\/uploads\/2012\/12\/Rosca-Catalin.jpg\" rel=\"lightbox[7330]\"><img loading=\"lazy\" class=\"alignleft size-thumbnail wp-image-7348\" title=\"Rosca Catalin\" src=\"http:\/\/semndecarte.metarsis.ro\/wp-content\/uploads\/2012\/12\/Rosca-Catalin-95x95.jpg\" alt=\"\" width=\"95\" height=\"95\" \/><\/a><a href=\"http:\/\/semndecarte.metarsis.ro\/wp-content\/uploads\/2012\/12\/Denisa-Loredana-Gogonea-sc-gimnaziala-nr7-cl4a.jpg\" rel=\"lightbox[7330]\"><img loading=\"lazy\" class=\"alignleft size-thumbnail wp-image-7345\" title=\"Denisa Loredana Gogonea\" src=\"http:\/\/semndecarte.metarsis.ro\/wp-content\/uploads\/2012\/12\/Denisa-Loredana-Gogonea-sc-gimnaziala-nr7-cl4a-95x95.jpg\" alt=\"\" width=\"95\" height=\"95\" \/><\/a><\/p>\n","protected":false},"excerpt":{"rendered":"<p>Mar\u021bi, 18 decembrie 2012, elevii clasei a IV-a de la \u0218coala Gimnazial\u0103 nr. 7 Re\u0219i\u021ba coordona\u0219i de doamna profesor Doina C\u0103r\u0103c\u0103lean s-au \u00eent\u00e2lnit cu piesa de teatru \u201cMicul Mag\u201d semnat\u0103 Lacrima Andra. <\/p>\n","protected":false},"author":1,"featured_media":0,"comment_status":"open","ping_status":"open","sticky":false,"template":"","format":"standard","meta":[],"categories":[7],"tags":[115],"_links":{"self":[{"href":"https:\/\/semndecarte.metarsis.ro\/index.php?rest_route=\/wp\/v2\/posts\/7330"}],"collection":[{"href":"https:\/\/semndecarte.metarsis.ro\/index.php?rest_route=\/wp\/v2\/posts"}],"about":[{"href":"https:\/\/semndecarte.metarsis.ro\/index.php?rest_route=\/wp\/v2\/types\/post"}],"author":[{"embeddable":true,"href":"https:\/\/semndecarte.metarsis.ro\/index.php?rest_route=\/wp\/v2\/users\/1"}],"replies":[{"embeddable":true,"href":"https:\/\/semndecarte.metarsis.ro\/index.php?rest_route=%2Fwp%2Fv2%2Fcomments&post=7330"}],"version-history":[{"count":0,"href":"https:\/\/semndecarte.metarsis.ro\/index.php?rest_route=\/wp\/v2\/posts\/7330\/revisions"}],"wp:attachment":[{"href":"https:\/\/semndecarte.metarsis.ro\/index.php?rest_route=%2Fwp%2Fv2%2Fmedia&parent=7330"}],"wp:term":[{"taxonomy":"category","embeddable":true,"href":"https:\/\/semndecarte.metarsis.ro\/index.php?rest_route=%2Fwp%2Fv2%2Fcategories&post=7330"},{"taxonomy":"post_tag","embeddable":true,"href":"https:\/\/semndecarte.metarsis.ro\/index.php?rest_route=%2Fwp%2Fv2%2Ftags&post=7330"}],"curies":[{"name":"wp","href":"https:\/\/api.w.org\/{rel}","templated":true}]}}