{"id":7248,"date":"2012-11-30T17:54:43","date_gmt":"2012-11-30T15:54:43","guid":{"rendered":"http:\/\/semndecarte.metarsis.ro\/?p=7248"},"modified":"2012-11-30T18:20:46","modified_gmt":"2012-11-30T16:20:46","slug":"prietenul-mato-si-fabulosul-caras-severin","status":"publish","type":"post","link":"https:\/\/semndecarte.metarsis.ro\/?p=7248","title":{"rendered":"Prietenul Mato \u015fi fabulosul Cara\u015f-Severin"},"content":{"rendered":"<p style=\"text-align: justify;\"><a href=\"http:\/\/semndecarte.metarsis.ro\/wp-content\/uploads\/2012\/11\/cop2.jpg\" rel=\"lightbox[7248]\"><img loading=\"lazy\" class=\"alignleft size-full wp-image-7249\" title=\"Ioan Mato jr.\" src=\"http:\/\/semndecarte.metarsis.ro\/wp-content\/uploads\/2012\/11\/cop2.jpg\" alt=\"\" width=\"519\" height=\"200\" srcset=\"https:\/\/semndecarte.metarsis.ro\/wp-content\/uploads\/2012\/11\/cop2.jpg 519w, https:\/\/semndecarte.metarsis.ro\/wp-content\/uploads\/2012\/11\/cop2-160x61.jpg 160w, https:\/\/semndecarte.metarsis.ro\/wp-content\/uploads\/2012\/11\/cop2-163x62.jpg 163w\" sizes=\"(max-width: 519px) 100vw, 519px\" \/><\/a>Daca e mar\u0163i, e drume\u0163ie.\u00a0\u00cen ceain\u0103ria libr\u0103riei Semn de Carte din Re\u015fi\u0163a, Societatea pentru Cultur\u0103 Metarsis\u00a0\u00a0adun\u0103 iubitorii de plimb\u0103ri s\u0103pt\u0103m\u00e2nale. Ca de obicei, drume\u0163ii \u201ePrieteni ai mun\u0163ilor\u201c povestesc, \u00eempart impresii, fac planuri \u015fi stabilesc trasee de str\u0103b\u0103tut func\u0163ie de anotimp \u015fi, mai ales, \u00eemp\u0103rt\u0103\u015fesc cu cei prezen\u0163i imagini surprinse \u00een excursii.<!--more--> Diaporamele de mar\u0163i, sub semn\u0103tura drume\u0163ului fotograf \u015fi prieten Ioan Mato au \u00eenc\u00e2ntat.\u00a0E drept c\u0103 talentul mo\u015ftenit de la tata \u015fi ochiul format\u00a0\u00a0\u00eenca din copilarie sunt\u00a0\u00a0sus\u0163inute de\u00a0\u00a0pasiune dar drume\u0163iile s\u0103pt\u0103m\u00e2nale \u00eempreun\u0103 cu prietenii sub competenta \u00eendrumare a decanului de varsta Ioan Adamek (86 ani)\u00a0au oferit, \u015fi-i vor oferi \u00een continuare- experien\u0163e \u015fi oportunit\u0103\u021bi noi de \u00eembinare a utilului cu pl\u0103cutul. Iar Banatul Montan se dezv\u0103luie drume\u0163ilor \u00een toat\u0103 splendoarea sa a\u015fa cum numai\u00a0\u00a0jude\u0163ul Cara\u015f Severin o poate face prin:\u00a0ariile sale protejate (trei\u00a0Parcuri Na\u0163ionale &lt;Semenic-Cheile Cara\u015fului, Cheile Nerei-Beu\u015fni\u0163a \u015fi Domogled-Valea Cernei&gt;, un Parc Natural \u2013Por\u0163ile de Fier, Situl Natura 2000 Muntii \u0162arcu, etc) prin vestigii \u015fi monumente de arhitectur\u0103, pe\u015fteri \u015fi avene, izvoare \u015fi cascade, p\u0103duri \u015fi f\u00e2ne\u021be pline de narcise, Dunarea la Cazane sau Semenicul.\u00a0C\u00e2teva dintre comorile naturale ale acestui\u00a0\u00a0t\u0103r\u00e2m realmente de vis, surse de inspira\u0163ie, comori pentru pasiona\u0163ii de fotografie. A\u015fa a fost mar\u0163i, 27 noiembrie 2012, c\u00e2nd Jancsi Mato a imp\u0103rt\u0103\u015fit cu prietenii emo\u0163iile traite \u00een culorilor toamnei, comori imortalizate cu bucurie pe trasee parcurse anul acesta\u00a0\u00a0\u00een Cheile Cara\u015fului,\u00a0G\u0103r\u00e2na, Dognecea, \u00een\u00a0Mun\u0163ii \u0162arcu, V\u00e2rful Cozia \u015fi Rusca Teregova.<\/p>\n<p style=\"text-align: justify;\"><a href=\"http:\/\/semndecarte.metarsis.ro\/wp-content\/uploads\/2012\/11\/21.jpg\" rel=\"lightbox[7248]\"><img loading=\"lazy\" class=\"alignleft size-thumbnail wp-image-7252\" title=\"Cel mai &quot;tanar&quot; drumet, Ioan Adamek - 86 ani\" src=\"http:\/\/semndecarte.metarsis.ro\/wp-content\/uploads\/2012\/11\/21-95x95.jpg\" alt=\"\" width=\"95\" height=\"95\" \/><\/a><\/p>\n<p style=\"text-align: justify;\"><a href=\"http:\/\/semndecarte.metarsis.ro\/wp-content\/uploads\/2012\/11\/11.jpg\" rel=\"lightbox[7248]\"><img loading=\"lazy\" class=\"alignleft size-thumbnail wp-image-7251\" title=\"Ioan Mato Jr.\" src=\"http:\/\/semndecarte.metarsis.ro\/wp-content\/uploads\/2012\/11\/11-95x95.jpg\" alt=\"\" width=\"95\" height=\"95\" \/><\/a><a href=\"http:\/\/semndecarte.metarsis.ro\/wp-content\/uploads\/2012\/11\/IMG_4845.jpg\" rel=\"lightbox[7248]\"><img loading=\"lazy\" class=\"alignleft size-thumbnail wp-image-7253\" title=\"Elena Rupa, nelipsit\u0103 \u00een drume\u021bii\" src=\"http:\/\/semndecarte.metarsis.ro\/wp-content\/uploads\/2012\/11\/IMG_4845-95x95.jpg\" alt=\"\" width=\"95\" height=\"95\" \/><\/a><a style=\"font-size: 13px;\" href=\"http:\/\/semndecarte.metarsis.ro\/wp-content\/uploads\/2012\/11\/31.jpg\" rel=\"lightbox[7248]\"><img loading=\"lazy\" class=\"alignleft size-thumbnail wp-image-7254\" style=\"font-size: 13px;\" title=\"si Tim Rupa, so\u021bul ei\" src=\"http:\/\/semndecarte.metarsis.ro\/wp-content\/uploads\/2012\/11\/31-95x95.jpg\" alt=\"\" width=\"95\" height=\"95\" \/><\/a><a style=\"font-size: 13px;\" href=\"http:\/\/semndecarte.metarsis.ro\/wp-content\/uploads\/2012\/11\/51.jpg\" rel=\"lightbox[7248]\"><img loading=\"lazy\" class=\"alignleft size-thumbnail wp-image-7255\" style=\"font-size: 13px;\" title=\"Neff Horst un \u00eendr\u0103gostit de natur\u0103\" src=\"http:\/\/semndecarte.metarsis.ro\/wp-content\/uploads\/2012\/11\/51-95x95.jpg\" alt=\"\" width=\"95\" height=\"95\" \/><\/a><\/p>\n<div><\/div>\n<div>\n<div style=\"text-align: justify;\"><span style=\"color: #0000ee;\"><br \/>\n<\/span><\/div>\n<p><iframe src=\"http:\/\/www.youtube.com\/embed\/VkIOc9Qzvus\" frameborder=\"0\" align=\"left\" width=\"520\" height=\"428\"><\/iframe><\/p>\n<\/div>\n","protected":false},"excerpt":{"rendered":"<p> \u00cen ceain\u0103ria libr\u0103riei Semn de Carte din Re\u015fi\u0163a, Societatea pentru Cultur\u0103 Metarsis  adun\u0103 iubitorii de plimb\u0103ri s\u0103pt\u0103m\u00e2nale. Ca de obicei, drume\u0163ii \u201ePrieteni ai mun\u0163ilor\u201c povestesc, \u00eempart impresii, fac planuri \u015fi stabilesc trasee de str\u0103b\u0103tut func\u0163ie de anotimp \u015fi, mai ales, \u00eemp\u0103rt\u0103\u015fesc cu cei prezen\u0163i imagini surprinse \u00een excursii&#8230;. A\u015fa a fost mar\u0163i, 27 noiembrie 2012, c\u00e2nd Jancsi Mato a imp\u0103rt\u0103\u015fit cu prietenii emo\u0163iile traite \u00een culorilor toamnei, comori imortalizate cu bucurie pe trasee parcurse anul acesta  \u00een Cheile Cara\u015fului, G\u0103r\u00e2na, Dognecea, \u00een Mun\u0163ii \u0162arcu, V\u00e2rful Cozia \u015fi Rusca Teregova.<\/p>\n","protected":false},"author":1,"featured_media":0,"comment_status":"open","ping_status":"open","sticky":false,"template":"","format":"standard","meta":[],"categories":[6,7],"tags":[323,309],"_links":{"self":[{"href":"https:\/\/semndecarte.metarsis.ro\/index.php?rest_route=\/wp\/v2\/posts\/7248"}],"collection":[{"href":"https:\/\/semndecarte.metarsis.ro\/index.php?rest_route=\/wp\/v2\/posts"}],"about":[{"href":"https:\/\/semndecarte.metarsis.ro\/index.php?rest_route=\/wp\/v2\/types\/post"}],"author":[{"embeddable":true,"href":"https:\/\/semndecarte.metarsis.ro\/index.php?rest_route=\/wp\/v2\/users\/1"}],"replies":[{"embeddable":true,"href":"https:\/\/semndecarte.metarsis.ro\/index.php?rest_route=%2Fwp%2Fv2%2Fcomments&post=7248"}],"version-history":[{"count":0,"href":"https:\/\/semndecarte.metarsis.ro\/index.php?rest_route=\/wp\/v2\/posts\/7248\/revisions"}],"wp:attachment":[{"href":"https:\/\/semndecarte.metarsis.ro\/index.php?rest_route=%2Fwp%2Fv2%2Fmedia&parent=7248"}],"wp:term":[{"taxonomy":"category","embeddable":true,"href":"https:\/\/semndecarte.metarsis.ro\/index.php?rest_route=%2Fwp%2Fv2%2Fcategories&post=7248"},{"taxonomy":"post_tag","embeddable":true,"href":"https:\/\/semndecarte.metarsis.ro\/index.php?rest_route=%2Fwp%2Fv2%2Ftags&post=7248"}],"curies":[{"name":"wp","href":"https:\/\/api.w.org\/{rel}","templated":true}]}}