{"id":7132,"date":"2012-10-02T21:27:10","date_gmt":"2012-10-02T19:27:10","guid":{"rendered":"http:\/\/semndecarte.metarsis.ro\/?p=7132"},"modified":"2012-10-18T17:06:14","modified_gmt":"2012-10-18T15:06:14","slug":"mici-secrete-dezvaluite-de-viorica-cheregi","status":"publish","type":"post","link":"https:\/\/semndecarte.metarsis.ro\/?p=7132","title":{"rendered":"Mici secrete  &#8211; dezv\u0103luite de Viorica Cheregi"},"content":{"rendered":"<p style=\"text-align: justify;\">Mar\u021bi, 25 septembrie 2012, curtea\u00a0 libr\u0103riei Semn de Carte din Re\u0219i\u021ba a fost, realmente, luat\u0103 cu asalt de doamne \u0219i domni\u0219oare dar \u0219i de domni, dornici s\u0103 o \u00eent\u00e2lneasc\u0103 pe doamna Viorica Cheregi. Figur\u0103 pregnant\u0103 a vie\u021bii sociale re\u0219i\u021bene, so\u021bie, mam\u0103 \u0219i bunic\u0103 a\u00a0 trei genera\u021bii de doctori Cheregi: Mircea so\u021b,\u00a0 Gelu fiu \u0219i Mihai nepot, bunic\u0103 a Gloriei- licen\u021biat\u0103 \u00een germanistic\u0103 \u0219i fericit\u0103 strabunic\u0103 a lui Casian, doamna Viorica Cheregi nu \u00eemb\u0103tr\u00e2ne\u0219te, \u00ee\u0219i r\u0103sfa\u021b\u0103 familia \u0219i \u00eemp\u0103rt\u0103\u0219e\u0219te din vasta sa experien\u021b\u0103, \u00eenv\u0103\u021b\u00e2ndu-ne cum s\u0103 ne comport\u0103m, s\u0103 ne respect\u0103m \u0219i s\u0103 ne iubim. <!--more-->Volumul lansat sub bolta vi\u021bei de vie este al treilea semnat Viorica Cheregi. Dup\u0103 \u201cCarte de bucate alese\u201d, \u201cCarte de bucate alese \u0219i alte delicatese\u201d, \u201cMici secrete, mari efecte\u201d s-a bucurat de un real succes. Evenimentul organizat de Societatea pentru Cultura \u201cMetarsis\u201d prin libr\u0103ria Semn de Carte \u00een colaborare cu Organiza\u021bia Femeilor Social Democrate din Cara\u0219- Severin a fost un prilej minunat de subliniere a rolului femeii \u00een unitatea familiei \u0219i economia casei, despre autoare \u0219i volum vorbind: Tudori\u021ba Nicula- pre\u0219edinta Organiza\u021biei Femeilor Social Democrate Cara\u0219-Severin, Cristina Enuic\u0103- directorul Direc\u021biei Juridice din Primaria Re\u0219i\u021ba, Maria Radu \u0219i Sanda Bogdan membre ale Clubului Cadrelor Didactice Pensionare din Re\u0219i\u021ba.\u00a0Cu v\u0103dit\u0103 emo\u021bie dar \u0219i plin\u0103 de umor, autoarea volumului, Viorica Cheregi a declarat la finalul \u00eent\u00e2lnirii: \u201eCele mai multe dintre re\u0163etele culinare cuprinse \u00een carte sunt mo\u015ftenite de la mama mea, care era o foarte bun\u0103 gospodin\u0103. Tat\u0103l meu, la fel, era un concurent serios \u00een buc\u0103t\u0103rie, de\u015fi era un boem \u015fi \u015ftia foarte multe snoave. Tot el \u00eemi povestea despre felurile de m\u00e2ncare preg\u0103tite de bunici \u015fi str\u0103bunici. A\u015fa am colectat foarte multe re\u0163ete, dar, trebuie s\u0103 recunosc, am \u015fi citit foarte mult, iar \u00een primul meu volum am descris toate re\u0163etele pe care le-am practicat \u015fi le-am \u00eembun\u0103t\u0103\u0163it. \u00cen al doilea volum, m-am inspirat din buc\u0103t\u0103ria oriental\u0103, cu mirodeniile exotice \u015fi extrem de parfumate ale Orientului. Eu nu sunt b\u0103n\u0103\u0163eanc\u0103, sunt din Bucovina, dar m-am adaptat foarte bine la buc\u0103t\u0103ria specific\u0103 din zon\u0103. Totu\u015fi nu m-am limitat la ce se face \u00een Banat. Arta gastronomic\u0103 este at\u00e2t de vast\u0103, at\u00e2t de interesant\u0103, \u00eenc\u00e2t merit\u0103 explorat\u0103, pentru bucuria gustului dar \u015fi a spiritului. \u015eti\u0163i de ce toate pr\u0103jiturile sunt de genul feminin, numai cozonacul este de genul masculin? Deoarece cozonacul con\u0163ine foarte multe ou\u0103!\u201d Seara s-a \u00eencheiat cu un program dedicat doamnelor prezente \u0219i, mai ales, protagonistei. Vincenzzo Cerra a interpretat un c\u00e2ntec german \u0219i o\u00a0 can\u021bonet\u0103 italian\u0103, Doina Gassenheimer \u0219i prof. George Gassenheimer\u00a0 au c\u00e2ntat\u00a0 Johannes Brahms Wiegenlied (Lullaby), Daniela L\u0103c\u0103tu\u0219u a adus muzica cre\u0219tin\u0103 (Nihil sine Deo), prof. Zenaida V\u00e2rdau \u2013oboi \u0219i prof. Lucia Ghilea- pian cu \u201cVals nobil\u201d de Dimitri Shostakovich \u0219i \u201cAve Maria\u201d de Astor Piazzola \u00een interpretarea prof. George Gassenheimer-vioara \u00een acompaniamentul de pian al prof. Lucia Ghilea au \u00eentregit \u00eent\u00e2lnirea a trei genera\u021bii, o sear\u0103 \u00een care doamna Viorica Cheregi ne-a dezv\u0103luit \u201cMici secrete\u2026\u201d cu efecte mari.<\/p>\n<p style=\"text-align: justify;\">\n<p>&nbsp;<\/p>\n<p><a href=\"http:\/\/semndecarte.metarsis.ro\/wp-content\/uploads\/2012\/10\/02.jpg\" rel=\"lightbox[7132]\"><img loading=\"lazy\" class=\"alignleft size-thumbnail wp-image-7133\" title=\"Volumul \u201cMici secrete, mari efecte\u201d lansat sub bolta vi\u021bei de vie este semnat Viorica Cheregi \" src=\"http:\/\/semndecarte.metarsis.ro\/wp-content\/uploads\/2012\/10\/01-95x95.jpg\" alt=\"\" width=\"95\" height=\"95\" \/><\/a><a style=\"font-size: 13px;\" href=\"http:\/\/semndecarte.metarsis.ro\/wp-content\/uploads\/2012\/10\/02.jpg\" rel=\"lightbox[7132]\"><img loading=\"lazy\" class=\"alignleft size-thumbnail wp-image-7134\" style=\"font-size: 13px;\" title=\"Lansare de carte \u201cMici secrete, mari efecte\u201d\" src=\"http:\/\/semndecarte.metarsis.ro\/wp-content\/uploads\/2012\/10\/02-95x95.jpg\" alt=\"\" width=\"95\" height=\"95\" \/><\/a><a href=\"http:\/\/semndecarte.metarsis.ro\/wp-content\/uploads\/2012\/10\/03.jpg\" rel=\"lightbox[7132]\"><img loading=\"lazy\" class=\"alignleft size-thumbnail wp-image-7135\" title=\"Lansare de carte \u201cMici secrete, mari efecte\u201d\" src=\"http:\/\/semndecarte.metarsis.ro\/wp-content\/uploads\/2012\/10\/03-95x95.jpg\" alt=\"\" width=\"95\" height=\"95\" \/><\/a><a href=\"http:\/\/semndecarte.metarsis.ro\/wp-content\/uploads\/2012\/10\/04.jpg\" rel=\"lightbox[7132]\"><img loading=\"lazy\" class=\"alignleft size-thumbnail wp-image-7136\" title=\"Lansare de carte \u201cMici secrete, mari efecte\u201d\" src=\"http:\/\/semndecarte.metarsis.ro\/wp-content\/uploads\/2012\/10\/04-95x95.jpg\" alt=\"\" width=\"95\" height=\"95\" \/><\/a><a href=\"http:\/\/semndecarte.metarsis.ro\/wp-content\/uploads\/2012\/10\/11.jpg\" rel=\"lightbox[7132]\"><img loading=\"lazy\" class=\"alignleft size-thumbnail wp-image-7147\" style=\"font-size: 13px;\" title=\"Lansare de carte \u201cMici secrete, mari efecte\u201d\" src=\"http:\/\/semndecarte.metarsis.ro\/wp-content\/uploads\/2012\/10\/11-95x95.jpg\" alt=\"\" width=\"95\" height=\"95\" \/><\/a><\/p>\n<div>\n<div style=\"text-align: justify;\"><a href=\"http:\/\/semndecarte.metarsis.ro\/wp-content\/uploads\/2012\/10\/05.jpg\" rel=\"lightbox[7132]\"><img loading=\"lazy\" class=\"alignleft size-thumbnail wp-image-7137\" title=\"Lansare de carte \u201cMici secrete, mari efecte\u201d\" src=\"http:\/\/semndecarte.metarsis.ro\/wp-content\/uploads\/2012\/10\/05-95x95.jpg\" alt=\"\" width=\"95\" height=\"95\" \/><\/a><\/div>\n<p><a href=\"http:\/\/semndecarte.metarsis.ro\/wp-content\/uploads\/2012\/10\/06.jpg\" rel=\"lightbox[7132]\"><img loading=\"lazy\" class=\"alignleft size-thumbnail wp-image-7138\" title=\"Lansare de carte \u201cMici secrete, mari efecte\u201d\" src=\"http:\/\/semndecarte.metarsis.ro\/wp-content\/uploads\/2012\/10\/06-95x95.jpg\" alt=\"\" width=\"95\" height=\"95\" \/><\/a><a href=\"http:\/\/semndecarte.metarsis.ro\/wp-content\/uploads\/2012\/10\/07.jpg\" rel=\"lightbox[7132]\"><img loading=\"lazy\" class=\"alignleft size-thumbnail wp-image-7139\" title=\"jurist Tudorita Nicul, presedinta OFSD Caras-Severin la  lansare de carte \u201cMici secrete, mari efecte\u201d\" src=\"http:\/\/semndecarte.metarsis.ro\/wp-content\/uploads\/2012\/10\/07-95x95.jpg\" alt=\"\" width=\"95\" height=\"95\" \/><\/a><a href=\"http:\/\/semndecarte.metarsis.ro\/wp-content\/uploads\/2012\/10\/08.jpg\" rel=\"lightbox[7132]\"><img loading=\"lazy\" class=\"alignleft size-thumbnail wp-image-7140\" title=\"Doamnele Viorica Cheregi, Tudorita Nicula si Cristina Enuica la lansare de carte \u201cMici secrete, mari efecte\u201d\" src=\"http:\/\/semndecarte.metarsis.ro\/wp-content\/uploads\/2012\/10\/08-95x95.jpg\" alt=\"\" width=\"95\" height=\"95\" \/><\/a><a href=\"http:\/\/semndecarte.metarsis.ro\/wp-content\/uploads\/2012\/10\/10.jpg\" rel=\"lightbox[7132]\"><img loading=\"lazy\" class=\"alignleft size-thumbnail wp-image-7142\" title=\"Lansare de carte \u201cMici secrete, mari efecte\u201d\" src=\"http:\/\/semndecarte.metarsis.ro\/wp-content\/uploads\/2012\/10\/10-95x95.jpg\" alt=\"\" width=\"95\" height=\"95\" \/><\/a><a href=\"http:\/\/semndecarte.metarsis.ro\/wp-content\/uploads\/2012\/10\/12.jpg\" rel=\"lightbox[7132]\"><img loading=\"lazy\" class=\"alignleft size-thumbnail wp-image-7143\" title=\"Daniela Lacatusu la lansare de carte \u201cMici secrete, mari efecte\u201d \" src=\"http:\/\/semndecarte.metarsis.ro\/wp-content\/uploads\/2012\/10\/12-95x95.jpg\" alt=\"\" width=\"95\" height=\"95\" \/><\/a><a href=\"http:\/\/semndecarte.metarsis.ro\/wp-content\/uploads\/2012\/10\/09.jpg\" rel=\"lightbox[7132]\"><img loading=\"lazy\" class=\"alignleft size-thumbnail wp-image-7141\" title=\"Doamnele Maria Radu, Sanda Bogdan, Viorrica Cheregi, Tudorita Nicula si Cristina Enuica\" src=\"http:\/\/semndecarte.metarsis.ro\/wp-content\/uploads\/2012\/10\/09-95x95.jpg\" alt=\"\" width=\"95\" height=\"95\" \/><\/a><a href=\"http:\/\/semndecarte.metarsis.ro\/wp-content\/uploads\/2012\/10\/14.jpg\" rel=\"lightbox[7132]\"><img loading=\"lazy\" class=\"alignleft size-thumbnail wp-image-7145\" style=\"font-size: 13px;\" title=\"Mariana Mone, Nicoleta Garoiu si Tudorita Nicula la ansare de carte \u201cMici secrete, mari efecte\u201d\" src=\"http:\/\/semndecarte.metarsis.ro\/wp-content\/uploads\/2012\/10\/14-95x95.jpg\" alt=\"\" width=\"95\" height=\"95\" \/><\/a><a href=\"http:\/\/semndecarte.metarsis.ro\/wp-content\/uploads\/2012\/10\/13.jpg\" rel=\"lightbox[7132]\"><img loading=\"lazy\" class=\"alignleft size-thumbnail wp-image-7144\" title=\"Iolanda Cheregi, Anca Gaita, Mariana Mona, Nicoleta Garoiu, Tudorita Nicula, Viorica Cheregi, Maria Radu la lansare de carte \u201cMici secrete, mari efecte\u201d\" src=\"http:\/\/semndecarte.metarsis.ro\/wp-content\/uploads\/2012\/10\/13-95x95.jpg\" alt=\"\" width=\"95\" height=\"95\" \/><\/a><a href=\"http:\/\/semndecarte.metarsis.ro\/wp-content\/uploads\/2012\/10\/15.jpg\" rel=\"lightbox[7132]\"><img loading=\"lazy\" class=\"alignleft size-thumbnail wp-image-7146\" title=\"Trei generatii: Gloria Dragomir, Iolanda cheregi, Viorica Cheregi, Gelu Cheregi, Casian Dragomir, Doina Lazaroiu si Dorina Lazaroiu\" src=\"http:\/\/semndecarte.metarsis.ro\/wp-content\/uploads\/2012\/10\/15-95x95.jpg\" alt=\"\" width=\"95\" height=\"95\" \/><\/a><\/p>\n<p><object width=\"258\" height=\"212\" classid=\"clsid:d27cdb6e-ae6d-11cf-96b8-444553540000\" codebase=\"http:\/\/download.macromedia.com\/pub\/shockwave\/cabs\/flash\/swflash.cab#version=6,0,40,0\" align=\"left\"><param name=\"loop\" value=\"false\" \/><param name=\"menu\" value=\"false\" \/><param name=\"salign\" value=\"l\" \/><param name=\"src\" value=\"http:\/\/www.youtube.com\/v\/09ccCqRnoBI&amp;feature&amp;rel=0\" \/><embed width=\"258\" height=\"212\" type=\"application\/x-shockwave-flash\" src=\"http:\/\/www.youtube.com\/v\/09ccCqRnoBI&amp;feature&amp;rel=0\" loop=\"false\" menu=\"false\" salign=\"l\" align=\"left\" \/><\/object><\/p>\n<p><object width=\"258\" height=\"212\" classid=\"clsid:d27cdb6e-ae6d-11cf-96b8-444553540000\" codebase=\"http:\/\/download.macromedia.com\/pub\/shockwave\/cabs\/flash\/swflash.cab#version=6,0,40,0\" align=\"left\"><param name=\"loop\" value=\"false\" \/><param name=\"menu\" value=\"false\" \/><param name=\"salign\" value=\"l\" \/><param name=\"src\" value=\"http:\/\/www.youtube.com\/v\/Ygg9eSDscZA&amp;feature&amp;rel=0\" \/><embed width=\"258\" height=\"212\" type=\"application\/x-shockwave-flash\" src=\"http:\/\/www.youtube.com\/v\/Ygg9eSDscZA&amp;feature&amp;rel=0\" loop=\"false\" menu=\"false\" salign=\"l\" align=\"left\" \/><\/object><\/p>\n<\/div>\n","protected":false},"excerpt":{"rendered":"<p>Mar\u021bi, 25 septembrie 2012, curtea  libr\u0103riei Semn de Carte din Re\u0219i\u021ba a fost, realmente, luat\u0103 cu asalt de doamne \u0219i domni\u0219oare dar \u0219i de domni, dornici s\u0103 o \u00eent\u00e2lneasc\u0103 pe doamna Viorica Cheregi. Figur\u0103 pregnant\u0103 a vie\u021bii sociale re\u0219i\u021bene, so\u021bie, mam\u0103 \u0219i bunic\u0103 a  trei genera\u021bii de doctori Cheregi: Mircea so\u021b,  Gelu fiu \u0219i Mihai nepot, bunic\u0103 a Gloriei- licen\u021biat\u0103 \u00een germanistic\u0103 \u0219i fericit\u0103 strabunic\u0103 a lui C\u0103t\u0103lin, doamna Viorica Cheregi nu \u00eemb\u0103tr\u00e2ne\u0219te, \u00ee\u0219i r\u0103sfa\u021b\u0103 familia \u0219i \u00eemp\u0103rt\u0103\u0219e\u0219te din vasta sa experien\u021b\u0103, \u00eenv\u0103\u021b\u00e2ndu-ne cum s\u0103 ne comport\u0103m, s\u0103 ne respect\u0103m \u0219i s\u0103 ne iubim.<\/p>\n","protected":false},"author":1,"featured_media":0,"comment_status":"open","ping_status":"open","sticky":false,"template":"","format":"standard","meta":[],"categories":[6,7],"tags":[69],"_links":{"self":[{"href":"https:\/\/semndecarte.metarsis.ro\/index.php?rest_route=\/wp\/v2\/posts\/7132"}],"collection":[{"href":"https:\/\/semndecarte.metarsis.ro\/index.php?rest_route=\/wp\/v2\/posts"}],"about":[{"href":"https:\/\/semndecarte.metarsis.ro\/index.php?rest_route=\/wp\/v2\/types\/post"}],"author":[{"embeddable":true,"href":"https:\/\/semndecarte.metarsis.ro\/index.php?rest_route=\/wp\/v2\/users\/1"}],"replies":[{"embeddable":true,"href":"https:\/\/semndecarte.metarsis.ro\/index.php?rest_route=%2Fwp%2Fv2%2Fcomments&post=7132"}],"version-history":[{"count":0,"href":"https:\/\/semndecarte.metarsis.ro\/index.php?rest_route=\/wp\/v2\/posts\/7132\/revisions"}],"wp:attachment":[{"href":"https:\/\/semndecarte.metarsis.ro\/index.php?rest_route=%2Fwp%2Fv2%2Fmedia&parent=7132"}],"wp:term":[{"taxonomy":"category","embeddable":true,"href":"https:\/\/semndecarte.metarsis.ro\/index.php?rest_route=%2Fwp%2Fv2%2Fcategories&post=7132"},{"taxonomy":"post_tag","embeddable":true,"href":"https:\/\/semndecarte.metarsis.ro\/index.php?rest_route=%2Fwp%2Fv2%2Ftags&post=7132"}],"curies":[{"name":"wp","href":"https:\/\/api.w.org\/{rel}","templated":true}]}}