{"id":7092,"date":"2012-09-14T22:48:08","date_gmt":"2012-09-14T20:48:08","guid":{"rendered":"http:\/\/semndecarte.metarsis.ro\/?p=7092"},"modified":"2012-11-09T22:48:08","modified_gmt":"2012-11-09T20:48:08","slug":"7-chitare-7-voci","status":"publish","type":"post","link":"https:\/\/semndecarte.metarsis.ro\/?p=7092","title":{"rendered":"7 chitare, 7 voci"},"content":{"rendered":"<p><strong>\u201cPur \u015fi simplu\u201d \u2013 Didina Curea<\/strong><\/p>\n<p style=\"text-align: justify;\">Mar\u0163i 11 septembrie 2012, seara, sub bolta vi\u0163ei de vie, \u00een gr\u0103dina libr\u0103riei Semn de Carte, am redescoperit una dintre bucuriile pe care via\u0163a modern\u0103, \u00een frenezia zilnic\u0103 le \u00eengroap\u0103 tot mai ad\u00e2nc: muzica. A fost o sear\u0103 lini\u015ftit\u0103, perfect \u00eenscris\u0103 \u00een noua tendin\u0163\u0103 european\u0103, aceea a atitudinii lini\u015ftite opuse unei atitudini agitate (slow vs. fast + promovata de Societatea pentru Cultur\u0103 Metarsis) \u00een care cei prezen\u0163i- nu pu\u0163ini la num\u0103r- au gustat din plin energie temperat\u0103 de\u00a0emo\u0163ie nejustificat\u0103 a \u015fase tineri talenta\u0163i, veni\u0163i \u00a0\u00eempreun\u0103 cu chitarele lor tocmai de pe Valea Bistrei, din O\u0163elu-Ro\u015fu (Ferdiandsberg).<!--more--> Casiana Mihu\u0163 (13 ani), Claudia Maria Rusu (13 ani), Sabrina Gherc\u0103 (15 ani), Melisa Dragot\u0103 (15 ani), David Rus (13 ani) \u015fi Florin-Alexandru Andriuc (17 ani) preg\u0103ti\u0163i de \u201cprincipesa care (nu!) pl\u00e2nge, prizonier\u0103 \u00eentre dou\u0103 \u015foapte- \u00een temni\u0163\u0103 de trandafiri\u201d \u2013 Didina Curea, au f\u0103cut deliciul publicului cu un periplu prin muzica popoarelor. Am ascultat melodii ritmate: germane, fran\u0163uze\u015fti, engleze\u015fti, ebraice, spaniole \u015fi romane\u015fti care, sub bagheta Didinei Curea, au sunat a\u015fa de bine \u015fi de vesel, antren\u00e2nd, nu de pu\u0163ine ori, publicul prezent, care s-a manifestat f\u0103r\u0103 inhibi\u0163ii, b\u0103t\u00e2nd din palme, c\u00e2nt\u00e2nd sau \u201c\u0163ipurind\u201d acolo unde era cazul. Recitalul b\u0103n\u0103\u0163enilor de munte din \u201cO\u0163elu\u201ddin seara de var\u0103 t\u00e2rzie a fost \u00eencheiat de cantautoarea cu voce clar\u0103, sensibila dar at\u00e2t de puternic\u0103, Didina Curea, interpret\u0103, printre multe alte melodii, de balade celtice &#8211; drum deschis spre inima ascult\u0103torilor. O nou\u0103 \u00eent\u00e2lnire care a demonstrat, dac\u0103 mai era nevoie, c\u0103 muzica une\u015fte, sensibilizeaz\u0103 \u015fi \u00eennobileaz\u0103.<\/p>\n<p style=\"text-align: justify;\"><a href=\"http:\/\/semndecarte.metarsis.ro\/wp-content\/uploads\/2012\/09\/12.jpg\" rel=\"lightbox[7092]\"><img loading=\"lazy\" class=\"alignleft size-thumbnail wp-image-7093\" title=\"\u201cPur \u015fi simplu\u201d \u2013 Didina Curea\" src=\"http:\/\/semndecarte.metarsis.ro\/wp-content\/uploads\/2012\/09\/12-95x95.jpg\" alt=\"\" width=\"95\" height=\"95\" \/><\/a><a href=\"http:\/\/semndecarte.metarsis.ro\/wp-content\/uploads\/2012\/09\/41.jpg\" rel=\"lightbox[7092]\"><img loading=\"lazy\" class=\"alignleft size-thumbnail wp-image-7094\" title=\"Casiana Mihu\u0163 (13 ani)\" src=\"http:\/\/semndecarte.metarsis.ro\/wp-content\/uploads\/2012\/09\/41-95x95.jpg\" alt=\"\" width=\"95\" height=\"95\" \/><\/a><a href=\"http:\/\/semndecarte.metarsis.ro\/wp-content\/uploads\/2012\/09\/101.jpg\" rel=\"lightbox[7092]\"><img loading=\"lazy\" class=\"alignleft size-thumbnail wp-image-7095\" title=\"Sabrina Gherc\u0103 (15 ani)\" src=\"http:\/\/semndecarte.metarsis.ro\/wp-content\/uploads\/2012\/09\/101-95x95.jpg\" alt=\"\" width=\"95\" height=\"95\" \/><\/a><a href=\"http:\/\/semndecarte.metarsis.ro\/wp-content\/uploads\/2012\/09\/21.jpg\" rel=\"lightbox[7092]\"><img loading=\"lazy\" class=\"alignleft size-thumbnail wp-image-7096\" title=\"Melisa Dragot\u0103 (15 ani)\" src=\"http:\/\/semndecarte.metarsis.ro\/wp-content\/uploads\/2012\/09\/21-95x95.jpg\" alt=\"\" width=\"95\" height=\"95\" \/><\/a><a href=\"http:\/\/semndecarte.metarsis.ro\/wp-content\/uploads\/2012\/09\/71.jpg\" rel=\"lightbox[7092]\"><img loading=\"lazy\" class=\"alignleft size-thumbnail wp-image-7097\" title=\"Claudia Maria Rusu (13 ani)\" src=\"http:\/\/semndecarte.metarsis.ro\/wp-content\/uploads\/2012\/09\/71-95x95.jpg\" alt=\"\" width=\"95\" height=\"95\" \/><\/a><a href=\"http:\/\/semndecarte.metarsis.ro\/wp-content\/uploads\/2012\/09\/111.jpg\" rel=\"lightbox[7092]\"><img loading=\"lazy\" class=\"alignleft size-thumbnail wp-image-7098\" title=\"David Rus (13 ani) \" src=\"http:\/\/semndecarte.metarsis.ro\/wp-content\/uploads\/2012\/09\/111-95x95.jpg\" alt=\"\" width=\"95\" height=\"95\" \/><\/a><a href=\"http:\/\/semndecarte.metarsis.ro\/wp-content\/uploads\/2012\/09\/81.jpg\" rel=\"lightbox[7092]\"><img loading=\"lazy\" class=\"alignleft size-thumbnail wp-image-7099\" title=\"Florin-Alexandru Andriuc (17 ani)\" src=\"http:\/\/semndecarte.metarsis.ro\/wp-content\/uploads\/2012\/09\/81-95x95.jpg\" alt=\"\" width=\"95\" height=\"95\" \/><\/a><a href=\"http:\/\/semndecarte.metarsis.ro\/wp-content\/uploads\/2012\/09\/91.jpg\" rel=\"lightbox[7092]\"><img loading=\"lazy\" class=\"alignleft size-thumbnail wp-image-7101\" title=\"Didina Curea\" src=\"http:\/\/semndecarte.metarsis.ro\/wp-content\/uploads\/2012\/09\/91-95x95.jpg\" alt=\"\" width=\"95\" height=\"95\" \/><\/a><a href=\"http:\/\/semndecarte.metarsis.ro\/wp-content\/uploads\/2012\/09\/3.jpg\" rel=\"lightbox[7092]\"><img loading=\"lazy\" class=\"alignleft size-thumbnail wp-image-7100\" title=\"Serata muzicala cu 7 chitare, 7 voci\" src=\"http:\/\/semndecarte.metarsis.ro\/wp-content\/uploads\/2012\/09\/3-95x95.jpg\" alt=\"\" width=\"95\" height=\"95\" \/><\/a><a href=\"http:\/\/semndecarte.metarsis.ro\/wp-content\/uploads\/2012\/09\/61.jpg\" rel=\"lightbox[7092]\"><img loading=\"lazy\" class=\"alignleft size-thumbnail wp-image-7102\" title=\"\u201cPur \u015fi simplu\u201d \u2013 Didina Curea\" src=\"http:\/\/semndecarte.metarsis.ro\/wp-content\/uploads\/2012\/09\/61-95x95.jpg\" alt=\"\" width=\"95\" height=\"95\" \/><\/a><\/p>\n<p style=\"text-align: justify;\"><object width=\"520\" height=\"428\" classid=\"clsid:d27cdb6e-ae6d-11cf-96b8-444553540000\" codebase=\"http:\/\/download.macromedia.com\/pub\/shockwave\/cabs\/flash\/swflash.cab#version=6,0,40,0\" align=\"left\"><param name=\"loop\" value=\"false\" \/><param name=\"menu\" value=\"false\" \/><param name=\"salign\" value=\"l\" \/><param name=\"src\" value=\"http:\/\/www.youtube.com\/v\/SHKKxQzduZs&amp;feature&amp;rel=0\" \/><embed width=\"520\" height=\"428\" type=\"application\/x-shockwave-flash\" src=\"http:\/\/www.youtube.com\/v\/SHKKxQzduZs&amp;feature&amp;rel=0\" loop=\"false\" menu=\"false\" salign=\"l\" align=\"left\" \/><\/object><\/p>\n","protected":false},"excerpt":{"rendered":"<p>Mar\u0163i 11 septembrie 2012, seara, sub bolta vi\u0163ei de vie, \u00een gr\u0103dina libr\u0103riei Semn de Carte, am redescoperit una dintre bucuriile pe care via\u0163a modern\u0103, \u00een frenezia zilnic\u0103 le \u00eengroap\u0103 tot mai ad\u00e2nc: muzica. A fost o sear\u0103 lini\u015ftit\u0103, perfect \u00eenscris\u0103 \u00een noua tendin\u0163\u0103 european\u0103, aceea a atitudinii lini\u015ftite opuse unei atitudini agitate (slow vs. fast) \u00een care cei prezen\u0163i- nu pu\u0163ini la num\u0103r- au gustat din plin energie temperat\u0103 de emo\u0163ie nejustificat\u0103 a \u015fase tineri talenta\u0163i, veni\u0163i  \u00eempreun\u0103 cu chitarele lor tocmai de pe Valea Bistrei, din O\u0163elu-Ro\u015fu (Ferdiandsberg).<\/p>\n","protected":false},"author":1,"featured_media":0,"comment_status":"open","ping_status":"open","sticky":false,"template":"","format":"standard","meta":[],"categories":[6,7],"tags":[34,234],"_links":{"self":[{"href":"https:\/\/semndecarte.metarsis.ro\/index.php?rest_route=\/wp\/v2\/posts\/7092"}],"collection":[{"href":"https:\/\/semndecarte.metarsis.ro\/index.php?rest_route=\/wp\/v2\/posts"}],"about":[{"href":"https:\/\/semndecarte.metarsis.ro\/index.php?rest_route=\/wp\/v2\/types\/post"}],"author":[{"embeddable":true,"href":"https:\/\/semndecarte.metarsis.ro\/index.php?rest_route=\/wp\/v2\/users\/1"}],"replies":[{"embeddable":true,"href":"https:\/\/semndecarte.metarsis.ro\/index.php?rest_route=%2Fwp%2Fv2%2Fcomments&post=7092"}],"version-history":[{"count":0,"href":"https:\/\/semndecarte.metarsis.ro\/index.php?rest_route=\/wp\/v2\/posts\/7092\/revisions"}],"wp:attachment":[{"href":"https:\/\/semndecarte.metarsis.ro\/index.php?rest_route=%2Fwp%2Fv2%2Fmedia&parent=7092"}],"wp:term":[{"taxonomy":"category","embeddable":true,"href":"https:\/\/semndecarte.metarsis.ro\/index.php?rest_route=%2Fwp%2Fv2%2Fcategories&post=7092"},{"taxonomy":"post_tag","embeddable":true,"href":"https:\/\/semndecarte.metarsis.ro\/index.php?rest_route=%2Fwp%2Fv2%2Ftags&post=7092"}],"curies":[{"name":"wp","href":"https:\/\/api.w.org\/{rel}","templated":true}]}}