{"id":6991,"date":"2012-07-27T11:09:41","date_gmt":"2012-07-27T09:09:41","guid":{"rendered":"http:\/\/semndecarte.metarsis.ro\/?p=6991"},"modified":"2012-11-09T22:56:23","modified_gmt":"2012-11-09T20:56:23","slug":"drumetind-prin-retezat","status":"publish","type":"post","link":"https:\/\/semndecarte.metarsis.ro\/?p=6991","title":{"rendered":"Drume\u0163ind prin Retezat"},"content":{"rendered":"<p><strong>Mar\u0163ea \u00a0\u201cPrietenilor\u201d<\/strong><\/p>\n<p style=\"text-align: justify;\">Dac\u0103 e mar\u0163i e DRUME\u0162IE la Semn de Carte. Pornite cu ceva timp \u00een urm\u0103, la propunerea Societ\u0103\u0163ii pentru Cultur\u0103 Metarsis, \u015fi stabilite \u00een prima zi de mar\u0163i din lun\u0103, \u00eent\u00e2lnirile sec\u0163iei Drume\u0163ie din Asocia\u0163ia Prietenii Muntilor din Re\u015fi\u0163a s-au permanentizat. Astfel, \u00een fiecare mar\u0163i, \u00een ceain\u0103ria librariei Semn de Carte au loc \u00eent\u00e2lniri ale \u201cdrume\u0163ilor\u201d- \u015fi nu numai- \u00een care sunt prezentate imagini mai noi sau mai vechi realizate de iubitori de natur\u0103, \u201cplimb\u0103re\u0163i\u201d pe c\u0103r\u0103ri de munte, prin p\u0103duri, pe v\u0103i \u015fi piscuri s\u0103lbatice, pe itinerarii prestabilite sau nou descoperite, din Banatul-Montan sau din jude\u0163ul vecin, Hunedoara. Mar\u0163i, 24 iulie 2012, Ioan Mato- jr. a prezentat imagini realizate \u00een excursia pe care a f\u0103cut-o, \u00eempreun\u0103 cu un alt \u201cdrume\u0163\u201d \u00eemp\u0103timit- Gigi Cruceru \u00een Retezat \u00eentre 18-21 iulie 2012. <!--more-->Dincolo de rucsacul mult prea \u00eenc\u0103rcat pe care Iancsi Mato- jr. l-a purtat, chinuitor, \u00een spate, \u015fi pe care \u00a0l-a tot umplut, preventiv,\u00a0cu \u201cde toate\u201d- poate-\u2018or trebui- cu bucuria unui copil care pleaca pentru prima oara \u00een excursia mult visat\u0103, r\u0103m\u00e2n pozele superbe, imagini din Retezat surprinse de \u201cochiul fotografului\u201d- parte talent mo\u015ftenit- parte \u015fcoala tat\u0103lui- renumitul fotograf \u00a0Ioan Mato-sr. Imagini \u00a0pe care Iancsi, cu acea\u015fi bucurie candida le-a d\u0103ruit celor prezen\u0163i, nu pu\u0163ini la num\u0103r. Retezatul cu V\u00e2rfurile Peleaga (2509), P\u0103pu\u015fa (2508) \u015fi T\u0103ul Ad\u00e2nc (2150), lacurile Ana \u015fi Bucura, Refugiul Salvamont de la cota 2040, cele cu flora \u015fi fauna din Rezerva\u0163ie, toate au fost o pledoarie pentru drume\u0163ie- \u00eentr-o dup\u0103-amiaz\u0103 \u00een care am realizat, pentru a c\u00e2ta oar\u0103, ce \u00eenseaman\u0103 apropierea de natur\u0103, ce bine e s\u0103 te \u00eentalne\u015fti cu prieteni, s\u0103-\u0163i acorzi timp, s\u0103 vrei s\u0103 te \u00eenal\u0163i \u015fi s\u0103 visezi. \u00cen ultima imagine\u00a0 Iancsi Mato-jr a surprins placa din Retezat pe care st\u0103 un citat dedicat lui Pice de c\u0103tre prieteni \u015fi semnat Abraham Lincoln: \u201cLa sf\u0103r\u015fit nu anii din via\u0163a ta conteaz\u0103 ci via\u0163a din anii t\u0103i\u201d. \u00cenc\u0103 o pledoarie \u00een favoarea conceptului \u201cslow attitude vs. fast\u201d \u2013 o atitudine lini\u015ftit\u0103 contra unei atitudini agitate- concept relativ nou \u00a0&#8211; care Metarsis- vi-l propune.<\/p>\n<p><a href=\"http:\/\/semndecarte.metarsis.ro\/wp-content\/uploads\/2012\/07\/2.jpg\" rel=\"lightbox[6991]\"><img loading=\"lazy\" class=\"alignleft size-thumbnail wp-image-6993\" title=\"Drume\u0163ie \u00een Retezat - proiec\u0163ie imagini, Iancsi Mato jr.\" src=\"http:\/\/semndecarte.metarsis.ro\/wp-content\/uploads\/2012\/07\/2-95x95.jpg\" alt=\"\" width=\"95\" height=\"95\" \/><\/a><a href=\"http:\/\/semndecarte.metarsis.ro\/wp-content\/uploads\/2012\/07\/1.jpg\" rel=\"lightbox[6991]\"><img loading=\"lazy\" class=\"alignleft size-thumbnail wp-image-6992\" title=\"Drume\u0163ie \u00een Retezat - proiec\u0163ie imagini, Iancsi Mato jr.\" src=\"http:\/\/semndecarte.metarsis.ro\/wp-content\/uploads\/2012\/07\/1-95x95.jpg\" alt=\"\" width=\"95\" height=\"95\" \/><\/a><a href=\"http:\/\/semndecarte.metarsis.ro\/wp-content\/uploads\/2012\/07\/3.jpg\" rel=\"lightbox[6991]\"><img loading=\"lazy\" class=\"alignleft size-thumbnail wp-image-6994\" title=\"Drume\u0163ie \u00een Retezat - proiec\u0163ie imagini, Iancsi Mato jr.\" src=\"http:\/\/semndecarte.metarsis.ro\/wp-content\/uploads\/2012\/07\/3-95x95.jpg\" alt=\"\" width=\"95\" height=\"95\" \/><\/a><a href=\"http:\/\/semndecarte.metarsis.ro\/wp-content\/uploads\/2012\/07\/5.jpg\" rel=\"lightbox[6991]\"><img loading=\"lazy\" class=\"alignleft size-thumbnail wp-image-6996\" title=\"Drume\u0163ie \u00een Retezat - proiec\u0163ie imagini, Iancsi Mato jr.\" src=\"http:\/\/semndecarte.metarsis.ro\/wp-content\/uploads\/2012\/07\/5-95x95.jpg\" alt=\"\" width=\"95\" height=\"95\" \/><\/a><a href=\"http:\/\/semndecarte.metarsis.ro\/wp-content\/uploads\/2012\/07\/6.jpg\" rel=\"lightbox[6991]\"><img loading=\"lazy\" class=\"alignleft size-thumbnail wp-image-6995\" title=\"Drume\u0163ie \u00een Retezat - proiec\u0163ie imagini, Iancsi Mato jr.\" src=\"http:\/\/semndecarte.metarsis.ro\/wp-content\/uploads\/2012\/07\/6-95x95.jpg\" alt=\"\" width=\"95\" height=\"95\" \/><\/a><\/p>\n<p><object width=\"520\" height=\"428\" classid=\"clsid:d27cdb6e-ae6d-11cf-96b8-444553540000\" codebase=\"http:\/\/download.macromedia.com\/pub\/shockwave\/cabs\/flash\/swflash.cab#version=6,0,40,0\" align=\"left\"><param name=\"loop\" value=\"false\" \/><param name=\"menu\" value=\"false\" \/><param name=\"salign\" value=\"l\" \/><param name=\"src\" value=\"http:\/\/www.youtube.com\/v\/tqNZ_UBu-ow&amp;rel=0\" \/><embed width=\"520\" height=\"428\" type=\"application\/x-shockwave-flash\" src=\"http:\/\/www.youtube.com\/v\/tqNZ_UBu-ow&amp;rel=0\" loop=\"false\" menu=\"false\" salign=\"l\" align=\"left\" \/><\/object><\/p>\n","protected":false},"excerpt":{"rendered":"<p>Dac\u0103 e mar\u0163i e DRUME\u0162IE la Semn de Carte. Pornite cu ceva timp \u00een urm\u0103 \u015fi stabilite \u00een prima zi de mar\u0163i din lun\u0103, \u00eent\u00e2lnirile sec\u0163iei Drume\u0163ie din Asocia\u0163ia Prietenii Muntilor din Re\u015fi\u0163a s-au permanentizat. Mar\u0163i, 24 iulie 2012, Ioan Mato- jr. a prezentat imagini realizate \u00een excursia pe care a f\u0103cut-o, \u00eempreun\u0103 cu un alt \u201cdrume\u0163\u201d \u00eemp\u0103timit- Gigi Cruceru \u00een Retezat \u00eentre 18-21 iulie 2012.<\/p>\n","protected":false},"author":1,"featured_media":0,"comment_status":"open","ping_status":"open","sticky":false,"template":"","format":"standard","meta":[],"categories":[6,7],"tags":[322,323,309],"_links":{"self":[{"href":"https:\/\/semndecarte.metarsis.ro\/index.php?rest_route=\/wp\/v2\/posts\/6991"}],"collection":[{"href":"https:\/\/semndecarte.metarsis.ro\/index.php?rest_route=\/wp\/v2\/posts"}],"about":[{"href":"https:\/\/semndecarte.metarsis.ro\/index.php?rest_route=\/wp\/v2\/types\/post"}],"author":[{"embeddable":true,"href":"https:\/\/semndecarte.metarsis.ro\/index.php?rest_route=\/wp\/v2\/users\/1"}],"replies":[{"embeddable":true,"href":"https:\/\/semndecarte.metarsis.ro\/index.php?rest_route=%2Fwp%2Fv2%2Fcomments&post=6991"}],"version-history":[{"count":0,"href":"https:\/\/semndecarte.metarsis.ro\/index.php?rest_route=\/wp\/v2\/posts\/6991\/revisions"}],"wp:attachment":[{"href":"https:\/\/semndecarte.metarsis.ro\/index.php?rest_route=%2Fwp%2Fv2%2Fmedia&parent=6991"}],"wp:term":[{"taxonomy":"category","embeddable":true,"href":"https:\/\/semndecarte.metarsis.ro\/index.php?rest_route=%2Fwp%2Fv2%2Fcategories&post=6991"},{"taxonomy":"post_tag","embeddable":true,"href":"https:\/\/semndecarte.metarsis.ro\/index.php?rest_route=%2Fwp%2Fv2%2Ftags&post=6991"}],"curies":[{"name":"wp","href":"https:\/\/api.w.org\/{rel}","templated":true}]}}