{"id":697,"date":"2010-06-05T13:26:02","date_gmt":"2010-06-05T13:26:02","guid":{"rendered":"http:\/\/librariasemndecarte.wordpress.com\/?p=697"},"modified":"2010-09-09T09:52:54","modified_gmt":"2010-09-09T09:52:54","slug":"copiii-cartea-si-muzica","status":"publish","type":"post","link":"https:\/\/semndecarte.metarsis.ro\/?p=697","title":{"rendered":"Copiii, cartea \u015fi muzica"},"content":{"rendered":"<p style=\"text-align: justify;\">\u00cen cadrul  proiectului Metarsis, ac\u0163iunile dedicate copiilor au continuat vineri,  4 iunie, la Libr\u0103ria Semn de carte<span style=\"color: #ff0000;\">*<\/span> din Re\u015fi\u0163a. Cei implica\u0163i \u00een acest  act de cultur\u0103 \u015fi educa\u0163ie, cu titlul \u201eCopiii citesc \u015fi c\u00e2nt\u0103 copiilor\u201d<span style=\"font-weight: normal;\">,  <!--more-->au fost componen\u0163ii corului \u201eMenestrelul\u201d al Palatului Copiilor din  municipiul de pe B\u00e2rzava \u015fi elevii clasei a III-a de la \u015ecoala General\u0103  nr. 8. Publicul numeros a fost constituit din p\u0103rin\u0163i, bunici , elevi \u015fi  cadre didactice, care au avut parte de un recital de muzic\u0103 \u015fi poezie  sus\u0163inut de cei mici, care au creat o atmosfer\u0103 specific\u0103 v\u00e2rstei  inocen\u0163ei .<br \/>\nManifestarea a fost sprijinit\u0103 de profesor Adriana  Ponoran, dirijorul corului de copii, \u00eenv\u0103\u0163\u0103tor Rodica Moldovan \u015fi  Camelia Duca \u2013director al Libr\u0103riei Semn de carte<span style=\"color: #ff0000;\">*<\/span> \u2013 gazda  evenimentului .<br \/>\nPartener oficial media a fost Studioul Regional  Radio Re\u015fi\u0163a.<\/span><\/p>\n<address style=\"text-align: right;\"><strong>Articol scris de                 Mihaela Holub<\/strong> <\/address>\n<address style=\"text-align: right;\">Postat online pe www.radio-re\u0219i\u021ba.ro in\u00a005.06.2010\u00a0<strong><strong><strong><strong> <\/strong><\/strong><\/strong><\/strong><\/address>\n<div style=\"text-align: right;\"><a href=\"http:\/\/www.radio-resita.ro\/copiii-cartea-si-muzica\" target=\"_blank\">http:\/\/www.radio-resita.ro\/copiii-cartea-si-muzica<\/a><\/div>\n<div style=\"text-align: right;\"><span style=\"color: #ffffff;\">.<\/span><\/div>\n<p style=\"text-align: justify;\"><span style=\"font-weight: normal;\"><object classid=\"clsid:d27cdb6e-ae6d-11cf-96b8-444553540000\" width=\"520\" height=\"428\" codebase=\"http:\/\/download.macromedia.com\/pub\/shockwave\/cabs\/flash\/swflash.cab#version=6,0,40,0\"><param name=\"play\" value=\"false\" \/><param name=\"allowFullScreen\" value=\"true\" \/><param name=\"loop\" value=\"false\" \/><param name=\"src\" value=\"http:\/\/www.youtube.com\/v\/MPi8PR7b-3s&amp;rel=0&amp;fs=1\" \/><param name=\"allowfullscreen\" value=\"true\" \/><embed type=\"application\/x-shockwave-flash\" width=\"520\" height=\"428\" src=\"http:\/\/www.youtube.com\/v\/MPi8PR7b-3s&amp;rel=0&amp;fs=1\" loop=\"false\" allowfullscreen=\"true\" play=\"false\"><\/embed><\/object><\/span><\/p>\n<p style=\"text-align: justify;\"><span style=\"font-weight: normal;\"><br \/>\n<\/span><\/p>\n","protected":false},"excerpt":{"rendered":"<p>\u00cen cadrul proiectului Metarsis, ac\u0163iunile dedicate copiilor au continuat vineri, 4 iunie, la Libr\u0103ria Semn de carte* din Re\u015fi\u0163a. Cei implica\u0163i \u00een acest act de cultur\u0103 \u015fi educa\u0163ie, cu titlul \u201eCopiii citesc \u015fi c\u00e2nt\u0103 copiilor\u201d&#8230;<\/p>\n","protected":false},"author":1,"featured_media":0,"comment_status":"open","ping_status":"closed","sticky":false,"template":"","format":"standard","meta":[],"categories":[4,6],"tags":[10,151,37,234,123],"_links":{"self":[{"href":"https:\/\/semndecarte.metarsis.ro\/index.php?rest_route=\/wp\/v2\/posts\/697"}],"collection":[{"href":"https:\/\/semndecarte.metarsis.ro\/index.php?rest_route=\/wp\/v2\/posts"}],"about":[{"href":"https:\/\/semndecarte.metarsis.ro\/index.php?rest_route=\/wp\/v2\/types\/post"}],"author":[{"embeddable":true,"href":"https:\/\/semndecarte.metarsis.ro\/index.php?rest_route=\/wp\/v2\/users\/1"}],"replies":[{"embeddable":true,"href":"https:\/\/semndecarte.metarsis.ro\/index.php?rest_route=%2Fwp%2Fv2%2Fcomments&post=697"}],"version-history":[{"count":0,"href":"https:\/\/semndecarte.metarsis.ro\/index.php?rest_route=\/wp\/v2\/posts\/697\/revisions"}],"wp:attachment":[{"href":"https:\/\/semndecarte.metarsis.ro\/index.php?rest_route=%2Fwp%2Fv2%2Fmedia&parent=697"}],"wp:term":[{"taxonomy":"category","embeddable":true,"href":"https:\/\/semndecarte.metarsis.ro\/index.php?rest_route=%2Fwp%2Fv2%2Fcategories&post=697"},{"taxonomy":"post_tag","embeddable":true,"href":"https:\/\/semndecarte.metarsis.ro\/index.php?rest_route=%2Fwp%2Fv2%2Ftags&post=697"}],"curies":[{"name":"wp","href":"https:\/\/api.w.org\/{rel}","templated":true}]}}