{"id":6965,"date":"2012-07-20T16:44:22","date_gmt":"2012-07-20T14:44:22","guid":{"rendered":"http:\/\/semndecarte.metarsis.ro\/?p=6965"},"modified":"2012-11-09T22:59:53","modified_gmt":"2012-11-09T20:59:53","slug":"muzica-la-inaltime","status":"publish","type":"post","link":"https:\/\/semndecarte.metarsis.ro\/?p=6965","title":{"rendered":"Muzic\u0103 la \u00een\u0103l\u0163ime"},"content":{"rendered":"<p><strong>Muzic\u0103 celtic\u0103 \u015fi muzic\u0103 clasic\u0103 \u00een biseric\u0103<\/strong><\/p>\n<p style=\"text-align: justify;\">Continuare fireasc\u0103 a recitalului de jazz de s\u00e2mb\u0103t\u0103, duminic\u0103 15 iulie 2012, \u00een \u201ccatedrala\u201d- dup\u0103 cum o numea Florian Lungu, \u015fi nu gre\u015fea deloc pentru c\u0103 \u00a0ansamblul din Brebu Nou format din biseric\u0103 \u015fi brazii seculari din avlie chiar formeaz\u0103 un spa\u0163iu special cu trimitere exact\u0103 la reculegere \u015fi introspec\u0163ie- dou\u0103 dintre caracteristicile propuse de Societatea pentru Cultur\u0103 Metarsis \u00een perceptul slow vs. fast- concertul de muzic\u0103 cult\u0103 oferit celor prezen\u0163i a fost unul emo\u0163ionant.<!--more--> Prima parte a apr\u0163inut Didinei Curea, o fat\u0103 frumoas\u0103, cu o chitar\u0103 armonioas\u0103 \u015fi o voce pe care ai tot asculta-o. N\u0103scut\u0103 pe Valea Bistrei, la O\u0163elu-Ro\u015fu, laureat\u0103 a numeroase festivaluri na\u0163ionale, cu apari\u0163ii pe televiziuni \u015fi radiouri, Didina Curea a deschis concertul cu trei piese: \u201cNu mai sunt eu\u201d- piesa care d\u0103 \u015fi titlul albumului ap\u0103rut \u00een 2008, \u201cCa o clepsidr\u0103\u201d \u015fi \u201cPlutire\u201d. Au urmat baladele celtice de secol XVIII, c\u00e2ntate \u00een vechea limb\u0103 galic\u0103: \u201c Aillein duin\u201d \u2013 c\u00e2ntecul fetei care-\u015fi pl\u00e2nge, sear\u0103 de sear\u0103, la marginea m\u0103rii, logodnicul \u00eenghitit de ape, \u201cSiul a run\u201d o balad\u0103 care spune povestea unei fete \u00eendr\u0103gostit\u0103 de un soldat irlandez \u015fi care, \u00eembracat\u0103 \u00een frou ro\u015fu asemenea altor femei care \u00eenso\u0163eau armata ca s\u0103 fie al\u0103turi de iubi\u0163ii, so\u0163ii sau fra\u0163ii lor\u00a0\u015fi care fat\u0103, \u00eentr-o sear\u0103, \u00ee\u015fi cheam\u0103 iubitul s\u0103 ias\u0103 afar\u0103 \u015fi s\u0103 fug\u0103 \u00eempreun\u0103, \u015fi\u00a0 \u201cWill ye go Lassie go\u201d (Wild Mountain Thyme), un alt c\u00e2ntec vechi celtic, de data aceasta, o balad\u0103 \u00a0prin care un cavaler \u00ee\u015fi invit\u0103 iubita \u00een mun\u0163ii s\u0103lbatici s\u0103 culeaga cimbrul s\u0103lbatic \u015fi-i promite un castel cu f\u00e2nt\u00e2ni limpezi. O vocea inconfundabil\u0103 \u015fi un crez: \u201cFiecare dintre noi aduce ceva unic, de aceea fiecare dintre noi are ceva unic de oferit celor din jurul s\u0103u. Nu pot dec\u00e2t s\u0103 mul\u0163umesc bunului Dumnezeu c\u0103 a pus o f\u0103r\u00e2m\u0103 din m\u0103re\u0163ia lui, d\u00e2ndu-mi acest dar, pe care, din tot sufletul, doresc s\u0103-l \u00eempart cu dumneavoastr\u0103 \u201d \u2013 ceea ce a \u015fi facut Didina Curea. A urmat un recital de muzic\u0103 clasic\u0103 sus\u0163inut de muzicieni profesioni\u015fti. Reuni\u0163i \u00een \u201cCameral Grup\u201d, dup\u0103 mai multe \u00eencerc\u0103ri, formula fiind stabilit\u0103 \u00een urm\u0103 cu trei luni, Zenaida V\u00e2rd\u0103u- oboi, Diana Szuiogan- violoncel \u015fi Lorand Balogh-Remelei la pian au adus sonorita\u0163ile muzicii culte \u00een spa\u0163iul unde \u00ee\u015fi g\u0103se\u015fte un loc extrem de potrivit. Pentru c\u0103, ascultat\u0103 \u00een biseric\u0103, muzica devine magic\u0103 \u015fi poate conduce la o stare de gra\u0163ie. A\u015fa s-a \u015fi \u00eent\u00e2mplat. S-a c\u00e2ntat Bach, Dvorak, Rubinstein, Pachebel, Sain-Saens, Schumann, Brahms, Gardel \u015fi Piazzolla \u00eentr-o \u00eempletire fericit\u0103 de sonorit\u0103\u0163i \u015fi completari reciproce a oboiului, violoncelulului \u015fi pianului. Vocea sopranei Cornelia Balogh-Remelei, cu aria Despinei \u00a0din \u00a0\u201cCosi fan tutte\u201d de Mozart, cu \u201cSon tutta duolo\u201d \u00a0de A. Scarlatti, \u201cQuae moerebat\u201d de G.B. Pergolesi \u015fi superbul \u201cSeptembrie cu roze\u201d semnat Nicolae Bretan a \u00eentregit un recital de excep\u0163ie care, prin sonorizarea asigurat\u0103 profesional de Radio Rom\u00e2nia Re\u015fi\u0163a a fost ascultat nu numai \u00een biserica din Brebu Nou ci \u015fi afar\u0103, \u00een \u201ccaterala\u201d natural\u0103 construit\u0103 de natur\u0103 prin \u00a0brazii seculari la umbra c\u0103rora muzica de \u00eenalt\u0103 \u0163inut\u0103 artistic\u0103 a condus la o stare de gra\u0163ie, dureri \u015fi bucurii neexprimate dar reg\u0103site \u00een timp \u015fi spa\u0163iu privilegiat, cinstind Crea\u0163ia. Divin\u0103 sau laic\u0103. Unind, a\u015fa cum numai muzica o poate face, omul cu divinitatea, cu sine \u00eensu\u015fi, cu ceilal\u0163i sau cu natura.<\/p>\n<p style=\"text-align: justify;\">Evenimentul a fost organizat de Societatea pentru Cultur\u0103 Metarsis, cu sprijinul\u00a0 Radio Rom\u00e2nia Re\u015fi\u0163a, al Direc\u0163iei pentru Cultur\u0103 \u015fi Patrimoniu Na\u0163ional Cara\u015f-Severin, al libr\u0103riei Semn de Carte din Re\u015fi\u0163a \u015fi prin bun\u0103voin\u0163a Parohiei Romano Catolice \u201cMaria Z\u0103pezii\u201d prin preot Josef Csaba Pall- Arhidiacon al Banatului de Munte.<\/p>\n<p style=\"text-align: justify;\">\n<p style=\"text-align: justify;\"><a href=\"http:\/\/semndecarte.metarsis.ro\/wp-content\/uploads\/2012\/07\/Brebu_015.jpg\" rel=\"lightbox[6965]\"><img loading=\"lazy\" class=\"alignleft size-thumbnail wp-image-6975\" title=\"Brebu Nou\" src=\"http:\/\/semndecarte.metarsis.ro\/wp-content\/uploads\/2012\/07\/Brebu_015-95x95.jpg\" alt=\"\" width=\"95\" height=\"95\" \/><\/a><a href=\"http:\/\/semndecarte.metarsis.ro\/wp-content\/uploads\/2012\/07\/Brebu_004.jpg\" rel=\"lightbox[6965]\"><img loading=\"lazy\" class=\"alignleft size-thumbnail wp-image-6967\" title=\"Brebu - muzica celtica\" src=\"http:\/\/semndecarte.metarsis.ro\/wp-content\/uploads\/2012\/07\/Brebu_004-95x95.jpg\" alt=\"\" width=\"95\" height=\"95\" \/><\/a><a href=\"http:\/\/semndecarte.metarsis.ro\/wp-content\/uploads\/2012\/07\/Brebu_001.jpg\" rel=\"lightbox[6965]\"><img loading=\"lazy\" class=\"alignleft size-thumbnail wp-image-6966\" title=\"Didina Curea\" src=\"http:\/\/semndecarte.metarsis.ro\/wp-content\/uploads\/2012\/07\/Brebu_001-95x95.jpg\" alt=\"\" width=\"95\" height=\"95\" \/><\/a><a href=\"http:\/\/semndecarte.metarsis.ro\/wp-content\/uploads\/2012\/07\/Brebu_006.jpg\" rel=\"lightbox[6965]\"><img loading=\"lazy\" class=\"alignleft size-thumbnail wp-image-6968\" title=\"Brebu\" src=\"http:\/\/semndecarte.metarsis.ro\/wp-content\/uploads\/2012\/07\/Brebu_006-95x95.jpg\" alt=\"\" width=\"95\" height=\"95\" \/><\/a><a href=\"http:\/\/semndecarte.metarsis.ro\/wp-content\/uploads\/2012\/07\/Brebu_011.jpg\" rel=\"lightbox[6965]\"><img loading=\"lazy\" class=\"alignleft size-thumbnail wp-image-6970\" title=\"Brebu Nou\" src=\"http:\/\/semndecarte.metarsis.ro\/wp-content\/uploads\/2012\/07\/Brebu_011-95x95.jpg\" alt=\"\" width=\"95\" height=\"95\" \/><\/a><a href=\"http:\/\/semndecarte.metarsis.ro\/wp-content\/uploads\/2012\/07\/Brebu_007.jpg\" rel=\"lightbox[6965]\"><img loading=\"lazy\" class=\"alignleft size-thumbnail wp-image-6971\" title=\"Cameral Grup\" src=\"http:\/\/semndecarte.metarsis.ro\/wp-content\/uploads\/2012\/07\/Brebu_007-95x95.jpg\" alt=\"\" width=\"95\" height=\"95\" \/><\/a><a href=\"http:\/\/semndecarte.metarsis.ro\/wp-content\/uploads\/2012\/07\/Brebu_022.jpg\" rel=\"lightbox[6965]\"><img loading=\"lazy\" class=\"alignleft size-thumbnail wp-image-6973\" title=\"Cornelia Balogh Remelei\" src=\"http:\/\/semndecarte.metarsis.ro\/wp-content\/uploads\/2012\/07\/Brebu_022-95x95.jpg\" alt=\"\" width=\"95\" height=\"95\" \/><\/a><a href=\"http:\/\/semndecarte.metarsis.ro\/wp-content\/uploads\/2012\/07\/Brebu_023.jpg\" rel=\"lightbox[6965]\"><img loading=\"lazy\" class=\"alignleft size-thumbnail wp-image-6976\" title=\"Zenaida Vardau si Diana Szuiogan\" src=\"http:\/\/semndecarte.metarsis.ro\/wp-content\/uploads\/2012\/07\/Brebu_023-95x95.jpg\" alt=\"\" width=\"95\" height=\"95\" \/><\/a><a href=\"http:\/\/semndecarte.metarsis.ro\/wp-content\/uploads\/2012\/07\/Brebu_024.jpg\" rel=\"lightbox[6965]\"><img loading=\"lazy\" class=\"alignleft size-thumbnail wp-image-6974\" title=\"Brebu Nou\" src=\"http:\/\/semndecarte.metarsis.ro\/wp-content\/uploads\/2012\/07\/Brebu_024-95x95.jpg\" alt=\"\" width=\"95\" height=\"95\" \/><\/a><a href=\"http:\/\/semndecarte.metarsis.ro\/wp-content\/uploads\/2012\/07\/Brebu_029.jpg\" rel=\"lightbox[6965]\"><img loading=\"lazy\" class=\"alignleft size-thumbnail wp-image-6969\" title=\"Brebu Nou\" src=\"http:\/\/semndecarte.metarsis.ro\/wp-content\/uploads\/2012\/07\/Brebu_029-95x95.jpg\" alt=\"\" width=\"95\" height=\"95\" \/><\/a><\/p>\n","protected":false},"excerpt":{"rendered":"<p>Muzic\u0103 celtic\u0103 \u015fi muzic\u0103 clasic\u0103 \u00een biseric\u0103 Continuare fireasc\u0103 a recitalului de jazz de s\u00e2mb\u0103t\u0103, duminic\u0103 15 iulie 2012, \u00een \u201ccatedrala\u201d- dup\u0103 cum o numea Florian Lungu, \u015fi nu gre\u015fea deloc pentru c\u0103 \u00a0ansamblul din Brebu Nou format din biseric\u0103 \u015fi brazii seculari din avlie chiar formeaz\u0103 un spa\u0163iu special cu trimitere exact\u0103 la reculegere [&hellip;]<\/p>\n","protected":false},"author":1,"featured_media":0,"comment_status":"open","ping_status":"open","sticky":false,"template":"","format":"standard","meta":[],"categories":[7],"tags":[257,82,234,235],"_links":{"self":[{"href":"https:\/\/semndecarte.metarsis.ro\/index.php?rest_route=\/wp\/v2\/posts\/6965"}],"collection":[{"href":"https:\/\/semndecarte.metarsis.ro\/index.php?rest_route=\/wp\/v2\/posts"}],"about":[{"href":"https:\/\/semndecarte.metarsis.ro\/index.php?rest_route=\/wp\/v2\/types\/post"}],"author":[{"embeddable":true,"href":"https:\/\/semndecarte.metarsis.ro\/index.php?rest_route=\/wp\/v2\/users\/1"}],"replies":[{"embeddable":true,"href":"https:\/\/semndecarte.metarsis.ro\/index.php?rest_route=%2Fwp%2Fv2%2Fcomments&post=6965"}],"version-history":[{"count":0,"href":"https:\/\/semndecarte.metarsis.ro\/index.php?rest_route=\/wp\/v2\/posts\/6965\/revisions"}],"wp:attachment":[{"href":"https:\/\/semndecarte.metarsis.ro\/index.php?rest_route=%2Fwp%2Fv2%2Fmedia&parent=6965"}],"wp:term":[{"taxonomy":"category","embeddable":true,"href":"https:\/\/semndecarte.metarsis.ro\/index.php?rest_route=%2Fwp%2Fv2%2Fcategories&post=6965"},{"taxonomy":"post_tag","embeddable":true,"href":"https:\/\/semndecarte.metarsis.ro\/index.php?rest_route=%2Fwp%2Fv2%2Ftags&post=6965"}],"curies":[{"name":"wp","href":"https:\/\/api.w.org\/{rel}","templated":true}]}}