{"id":6953,"date":"2012-07-20T10:31:48","date_gmt":"2012-07-20T08:31:48","guid":{"rendered":"http:\/\/semndecarte.metarsis.ro\/?p=6953"},"modified":"2013-07-18T09:15:46","modified_gmt":"2013-07-18T07:15:46","slug":"jazz-la-inaltime","status":"publish","type":"post","link":"https:\/\/semndecarte.metarsis.ro\/?p=6953","title":{"rendered":"Jazz la \u00een\u0103l\u0163ime"},"content":{"rendered":"<p><strong>Liviu Butoi \u015fi Toni K\u00fchn<\/strong><\/p>\n<p style=\"text-align: justify;\">Desf\u0103\u015furat \u00een spa\u0163iul neconven\u0163ional, recitalul de jazz de s\u00e2mb\u0103t\u0103, 14 iulie 2012, sus\u0163inut de Liviu Butoi \u015fi Toni Kh\u00fcn, moderat de legendarul\u00a0 Florian Lungu, a fost unul la \u00een\u0103l\u0163ime. La propriu \u015fi la figurat. Prin loca\u0163ie, protagoni\u015fti, repertoriu \u015fi public prezent.<!--more--> \u201cJazul este revolta emo\u0163iei \u00eempotriva reprim\u0103rii\u201d <strong> <\/strong>spunea Joel A. Rogers iar recitalul desfa\u015furat \u00een Biserica Romano-Catolic\u0103 din Brebu Nou \u2013Weidenthal a emo\u0163ionat, \u00eencadr\u00e2ndu-se perfect \u00een atitudinea slow versus fast pe care Metarsis o propune. O atitudine lini\u015ftita, o revolt\u0103 \u00eempotriva vitezei,\u00a0 a consumismului \u015fi sentimentelor umane pure mult prea reprimate astazi\u00a0 \u00een goana noastra dup\u0103 acumul\u0103ri materiale, o comuniune cu natura, mult calm \u015fi lini\u015ftite, introspectie \u015fi relaxare \u00een briza muntelui\u00a0 at\u00e2t de dorit\u0103 \u00een aceste zile toride. Publicul prezent \u00een Biseric\u0103 sau, simplu, a\u015fezat \u00een avlie pe banci sau p\u0103turi, a ascultat, a sim\u0163it \u015fi a tr\u0103it secund\u0103 de secund\u0103 muzica \u00eemp\u0103rt\u0103\u015fit\u0103 cu doi muzicieni de incontestabil\u0103 valoare: Liviu Butoi si Toni K\u00fchn. Primul este cel care, \u00een urma cu 16 ani a avut ini\u0163iativa cre\u0103rii unui festival de jazz la poale de Semenic- idee preluata \u015fi dezvoltata de Gigi Tau\u015f iar mai apoi de Fundatia Jazz Banat, ast\u0103zi la G\u0103r\u00e2na (comuna Brebu Nou) fiind unul dintre cele mai mari festivaluri internationale de gen din Europa. Florian Lungu \u2013 omul inseparabil de jazz,\u00a0 moderatorul concertului din Biseric\u0103 a afirmat: \u00a0\u201cOltean la origine\u00a0 \u015fi \u00a0prin adop\u0163ie timi\u015forean, Liviu Butoi devine tot mai mult c\u0103r\u0103\u015fan pentru c\u0103 locuie\u015fte \u00een Brebu Nou, \u015fi-a luat o cas\u0103 aici \u015fi e mult mai fericit dec\u00e2t \u00een nebunia ora\u015fului. Din punct de vedere artistic el este exuberant, impulsiv chiar, iar Toni K\u00fchn \u00eel tempereaz\u0103 un pic, K\u00fchn fiind mult mai reflexiv, meditativ, filozof chiar. Concertul din Biseric\u0103 a fost un moment intim de tr\u0103ire autentic\u0103 \u015fi de emula\u0163ie intens expresiv\u0103 pe care au oficiat acest act de devo\u0163iune fa\u0163\u0103 \u00a0de creativitate, cei doi aprecia\u0163i arti\u015fti ne-au oferit \u015fi surprize pl\u0103cute: Liviu Butoi (o premier\u0103 notabil\u0103!!!) c\u00e2nt\u00e2nd vocal iar Toni K\u00fchn sufl\u00e2nd \u00een clape\u201d.<\/p>\n<p style=\"text-align: justify;\">Evenimentul a fost organizat de Societatea pentru Cultur\u0103 Metarsis, cu sprijinul\u00a0 Radio Rom\u00e2nia Re\u015fi\u0163a, al Direc\u0163iei pentru Cultur\u0103 \u015fi Patrimoniu Na\u0163ional Cara\u015f-Severin, al libr\u0103riei Semn de Carte din Re\u015fi\u0163a \u015fi prin bun\u0103voin\u0163a Parohiei Romano Catolice \u201cMaria Z\u0103pezii\u201d prin preot Josef Csaba Pall- Arhidiacon al Banatului de Munte.<\/p>\n<p style=\"text-align: justify;\"><a href=\"http:\/\/semndecarte.metarsis.ro\/wp-content\/uploads\/2012\/07\/Brebu-jazz_0007.jpg\" rel=\"lightbox[6953]\"><img loading=\"lazy\" class=\"alignleft size-thumbnail wp-image-6957\" title=\"Brebu - jazz\" src=\"http:\/\/semndecarte.metarsis.ro\/wp-content\/uploads\/2012\/07\/Brebu-jazz_0007-95x95.jpg\" alt=\"\" width=\"95\" height=\"95\" \/><\/a><a href=\"http:\/\/semndecarte.metarsis.ro\/wp-content\/uploads\/2012\/07\/Brebu-jazz_0005.jpg\" rel=\"lightbox[6953]\"><img loading=\"lazy\" class=\"alignleft size-thumbnail wp-image-6955\" title=\"Brebu - jazz\" src=\"http:\/\/semndecarte.metarsis.ro\/wp-content\/uploads\/2012\/07\/Brebu-jazz_0005-95x95.jpg\" alt=\"\" width=\"95\" height=\"95\" \/><\/a><a href=\"http:\/\/semndecarte.metarsis.ro\/wp-content\/uploads\/2012\/07\/Brebu-jazz_0004.jpg\" rel=\"lightbox[6953]\"><img loading=\"lazy\" class=\"alignleft size-thumbnail wp-image-6954\" title=\"Brebu - jazz\" src=\"http:\/\/semndecarte.metarsis.ro\/wp-content\/uploads\/2012\/07\/Brebu-jazz_0004-95x95.jpg\" alt=\"\" width=\"95\" height=\"95\" \/><\/a><a href=\"http:\/\/semndecarte.metarsis.ro\/wp-content\/uploads\/2012\/07\/Brebu-jazz_0009.jpg\" rel=\"lightbox[6953]\"><img loading=\"lazy\" class=\"alignleft size-thumbnail wp-image-6959\" title=\"Brebu - jazz\" src=\"http:\/\/semndecarte.metarsis.ro\/wp-content\/uploads\/2012\/07\/Brebu-jazz_0009-95x95.jpg\" alt=\"\" width=\"95\" height=\"95\" \/><\/a><a href=\"http:\/\/semndecarte.metarsis.ro\/wp-content\/uploads\/2012\/07\/Brebu-jazz_0006.jpg\" rel=\"lightbox[6953]\"><img loading=\"lazy\" class=\"alignleft size-thumbnail wp-image-6956\" title=\"Liviu Butoi\" src=\"http:\/\/semndecarte.metarsis.ro\/wp-content\/uploads\/2012\/07\/Brebu-jazz_0006-95x95.jpg\" alt=\"\" width=\"95\" height=\"95\" \/><\/a><a href=\"http:\/\/semndecarte.metarsis.ro\/wp-content\/uploads\/2012\/07\/Brebu-jazz_0012.jpg\" rel=\"lightbox[6953]\"><img loading=\"lazy\" class=\"alignleft size-thumbnail wp-image-6962\" title=\"&quot;Sweet&quot; Florian Lungu\" src=\"http:\/\/semndecarte.metarsis.ro\/wp-content\/uploads\/2012\/07\/Brebu-jazz_0012-95x95.jpg\" alt=\"\" width=\"95\" height=\"95\" \/><\/a><a href=\"http:\/\/semndecarte.metarsis.ro\/wp-content\/uploads\/2012\/07\/Brebu-jazz_0008.jpg\" rel=\"lightbox[6953]\"><img loading=\"lazy\" class=\"alignleft size-thumbnail wp-image-6958\" title=\"Liviu Butoi-Toni Kuhn\" src=\"http:\/\/semndecarte.metarsis.ro\/wp-content\/uploads\/2012\/07\/Brebu-jazz_0008-95x95.jpg\" alt=\"\" width=\"95\" height=\"95\" \/><\/a><a href=\"http:\/\/semndecarte.metarsis.ro\/wp-content\/uploads\/2012\/07\/Brebu-jazz_0010.jpg\" rel=\"lightbox[6953]\"><img loading=\"lazy\" class=\"alignleft size-thumbnail wp-image-6960\" title=\"Liviu Butoi-Toni Kuhn\" src=\"http:\/\/semndecarte.metarsis.ro\/wp-content\/uploads\/2012\/07\/Brebu-jazz_0010-95x95.jpg\" alt=\"\" width=\"95\" height=\"95\" \/><\/a><a href=\"http:\/\/semndecarte.metarsis.ro\/wp-content\/uploads\/2012\/07\/Brebu-jazz_0013.jpg\" rel=\"lightbox[6953]\"><img loading=\"lazy\" class=\"alignleft size-thumbnail wp-image-6963\" title=\"Brebu - jazz\" src=\"http:\/\/semndecarte.metarsis.ro\/wp-content\/uploads\/2012\/07\/Brebu-jazz_0013-95x95.jpg\" alt=\"\" width=\"95\" height=\"95\" \/><\/a><a href=\"http:\/\/semndecarte.metarsis.ro\/wp-content\/uploads\/2012\/07\/Brebu-jazz_0014.jpg\" rel=\"lightbox[6953]\"><img loading=\"lazy\" class=\"alignleft size-thumbnail wp-image-6964\" title=\"Senso TV\" src=\"http:\/\/semndecarte.metarsis.ro\/wp-content\/uploads\/2012\/07\/Brebu-jazz_0014-95x95.jpg\" alt=\"\" width=\"95\" height=\"95\" \/><\/a><\/p>\n<p><iframe src=\"http:\/\/www.youtube.com\/embed\/JrM7ClGNIaM\" frameborder=\"0\" align=\"right\" width=\"260\" height=\"214\"><\/iframe><\/p>\n<p><object width=\"260\" height=\"195\" classid=\"clsid:d27cdb6e-ae6d-11cf-96b8-444553540000\" codebase=\"http:\/\/download.macromedia.com\/pub\/shockwave\/cabs\/flash\/swflash.cab#version=6,0,40,0\" align=\"left\"><param name=\"src\" value=\"http:\/\/www.youtube.com\/v\/VFM_qP9Bgu0&amp;rel=0\" \/><embed width=\"260\" height=\"195\" type=\"application\/x-shockwave-flash\" src=\"http:\/\/www.youtube.com\/v\/VFM_qP9Bgu0&amp;rel=0\" align=\"left\" \/><\/object><iframe src=\"http:\/\/www.youtube.com\/embed\/lGp3rv41RzY\" frameborder=\"0\" align=\"left\" width=\"260\" height=\"214\"><\/iframe><iframe src=\"http:\/\/www.youtube.com\/embed\/2rW9hUcFVZQ\" frameborder=\"0\" align=\"right\" width=\"260\" height=\"214\"><\/iframe><\/p>\n","protected":false},"excerpt":{"rendered":"<p>Liviu Butoi \u015fi Toni K\u00fchn Desf\u0103\u015furat \u00een spa\u0163iul neconven\u0163ional, recitalul de jazz de s\u00e2mb\u0103t\u0103, 14 iulie 2012, sus\u0163inut de Liviu Butoi \u015fi Toni Kh\u00fcn, moderat de legendarul\u00a0 Florian Lungu, a fost unul la \u00een\u0103l\u0163ime. La propriu \u015fi la figurat. Prin loca\u0163ie, protagoni\u015fti, repertoriu \u015fi public prezent.<\/p>\n","protected":false},"author":1,"featured_media":0,"comment_status":"open","ping_status":"open","sticky":false,"template":"","format":"standard","meta":[],"categories":[1],"tags":[334],"_links":{"self":[{"href":"https:\/\/semndecarte.metarsis.ro\/index.php?rest_route=\/wp\/v2\/posts\/6953"}],"collection":[{"href":"https:\/\/semndecarte.metarsis.ro\/index.php?rest_route=\/wp\/v2\/posts"}],"about":[{"href":"https:\/\/semndecarte.metarsis.ro\/index.php?rest_route=\/wp\/v2\/types\/post"}],"author":[{"embeddable":true,"href":"https:\/\/semndecarte.metarsis.ro\/index.php?rest_route=\/wp\/v2\/users\/1"}],"replies":[{"embeddable":true,"href":"https:\/\/semndecarte.metarsis.ro\/index.php?rest_route=%2Fwp%2Fv2%2Fcomments&post=6953"}],"version-history":[{"count":0,"href":"https:\/\/semndecarte.metarsis.ro\/index.php?rest_route=\/wp\/v2\/posts\/6953\/revisions"}],"wp:attachment":[{"href":"https:\/\/semndecarte.metarsis.ro\/index.php?rest_route=%2Fwp%2Fv2%2Fmedia&parent=6953"}],"wp:term":[{"taxonomy":"category","embeddable":true,"href":"https:\/\/semndecarte.metarsis.ro\/index.php?rest_route=%2Fwp%2Fv2%2Fcategories&post=6953"},{"taxonomy":"post_tag","embeddable":true,"href":"https:\/\/semndecarte.metarsis.ro\/index.php?rest_route=%2Fwp%2Fv2%2Ftags&post=6953"}],"curies":[{"name":"wp","href":"https:\/\/api.w.org\/{rel}","templated":true}]}}