{"id":6928,"date":"2012-06-20T16:26:09","date_gmt":"2012-06-20T14:26:09","guid":{"rendered":"http:\/\/semndecarte.metarsis.ro\/?p=6928"},"modified":"2012-11-09T23:02:07","modified_gmt":"2012-11-09T21:02:07","slug":"serata-muzicala","status":"publish","type":"post","link":"https:\/\/semndecarte.metarsis.ro\/?p=6928","title":{"rendered":"Serat\u0103 muzical\u0103"},"content":{"rendered":"<p style=\"text-align: justify;\"><strong>Sorin Petrescu \u00een recital<\/strong><\/p>\n<p style=\"text-align: justify;\">Duminic\u0103 seara, 17 iunie 2012, de la orele 19:00, \u00een gr\u0103dina libr\u0103riei Semn de Carte\u00a0din Re\u015fi\u0163a, sub bolta vi\u0163ei de vie, \u00een compania unui public ales a avut loc recitalul pianistului Sorin Petrescu, solist concertist al Filarmonicii Banatul din Timi\u015foara. Programul, extrem de bine ales, a emo\u0163ionat. <!--more-->Uitasem, \u00een agita\u0163ia zilnic\u0103, c\u00e2t de bine sun\u0103 Chopin \u015fi c\u00e2t\u0103 nevoie avem s\u0103 ascult\u0103m muzic\u0103 bun\u0103. S\u0103 rezon\u0103m cu arta adevarat\u0103. Suntem, noi cei de azi, cei pe care viteza, stresul, agita\u0163ia \u015fi goana dup\u0103 material, angoasa existen\u0163ial\u0103 \u015fi a existen\u0163ei ne devoreaz\u0103 \u015fi ne sufl\u0103 \u00een ceaf\u0103 indep\u0103rt\u00e2ndu-ne de adevaratele valori, diminu\u00e2nd capacitatea noastr\u0103 de a ne bucura de natur\u0103, de momente pozitive absorbite prin sim\u0163uri. Tr\u0103im agresiv cu noi \u00een\u015fine \u015fi cu cei din jur. M\u00e2nc\u0103m repede, iubim repede, tr\u0103im repede. Fast versus slow. Nu mai avem timp pentru cei dragi nou\u0103. Nu mai avem timp pentru noi. Evenimentul de duminic\u0103 seara a fost pentru pentru cei prezen\u0163i, un moment de respiro. Un moment str\u0103lucit, de bucurie \u00een care interpretul, extrem de aproape de public \u015fi la propriu \u015fi la figurat, a oferit iar noi am primit emo\u0163ie profund\u0103. De la\u00a0 Chopin (Scherzo nr. 1 \u00een si minor, op. 20, Nocturna \u00een do minor, op. 48 \u015fi Poloneza \u00een La major, op. 53), Ravel (Alborada del Gracioso), Granados (Andaluza) p\u00e2n\u0103 la\u00a0 Manuel de Falla (Dansul focului) \u015fi din nou Frederic Chopin (Scherzo nr. 3 \u00een do minor, op. 37, Andante spinato \u015fi Grande Polonaise Brilliante) pove\u015ftile spuse \u015fi interpretate cu multa sensibilitate \u015fi impetuozitate de Sorin Petrescu ne-au bucurat \u015fi ne-au \u00eennobilat. Sub bolta vi\u0163ei de vie, \u00een curtea libr\u0103riei Semn de Carte am uitat de griji. N-am auzit nici ma\u015fini, nici claxoane. Nu a fost prea cald cu toate c\u0103 s-a anun\u0163at canicul\u0103. A fost un timp sonor (\u201cMuzica este un timp sonor\u201d spunea Emil Cioran), un timp \u00eemp\u0103r\u0163it cu prietenii, \u00eentr-o \u201cslow attitude vs. fast\u201d- principiu pe care\u00a0 Semn de Carte dore\u015fte s\u0103-l sublinieze acord\u00e2ndu-i importan\u0163a meritat\u0103.. Timp pe care ni l-a \u00eennobilat, prin talent \u015fi interpretare, Sorin Petrescu. Mul\u0163umim, maestre!<\/p>\n<p>Evenimentul a fost organizat de Societatea pentru Cultur\u0103 Metrasis \u00eempreun\u0103 cu Direc\u0163ia pentru Cultur\u0103 \u015fi Patrimoniu Na\u0163ional Cara\u015f-Severin.<\/p>\n<p><a href=\"http:\/\/semndecarte.metarsis.ro\/wp-content\/uploads\/2012\/06\/11.jpg\" rel=\"lightbox[6928]\"><img loading=\"lazy\" class=\"alignleft size-thumbnail wp-image-6937\" title=\"Recital Sorin Petrescu, solist concertist al Filarmonicii Banatul din Timi\u015foara\" src=\"http:\/\/semndecarte.metarsis.ro\/wp-content\/uploads\/2012\/06\/11-95x95.jpg\" alt=\"\" width=\"95\" height=\"95\" \/><\/a><a href=\"http:\/\/semndecarte.metarsis.ro\/wp-content\/uploads\/2012\/06\/92.jpg\" rel=\"lightbox[6928]\"><img loading=\"lazy\" class=\"alignleft size-thumbnail wp-image-6936\" title=\"Recital Sorin Petrescu, solist concertist al Filarmonicii Banatul din Timi\u015foara\" src=\"http:\/\/semndecarte.metarsis.ro\/wp-content\/uploads\/2012\/06\/92-95x95.jpg\" alt=\"\" width=\"95\" height=\"95\" \/><\/a><a href=\"http:\/\/semndecarte.metarsis.ro\/wp-content\/uploads\/2012\/06\/21.jpg\" rel=\"lightbox[6928]\"><img loading=\"lazy\" class=\"alignleft size-thumbnail wp-image-6930\" title=\"Recital Sorin Petrescu, solist concertist al Filarmonicii Banatul din Timi\u015foara\" src=\"http:\/\/semndecarte.metarsis.ro\/wp-content\/uploads\/2012\/06\/21-95x95.jpg\" alt=\"\" width=\"95\" height=\"95\" \/><\/a><a href=\"http:\/\/semndecarte.metarsis.ro\/wp-content\/uploads\/2012\/06\/71.jpg\" rel=\"lightbox[6928]\"><img loading=\"lazy\" class=\"alignleft size-thumbnail wp-image-6935\" title=\"Recital Sorin Petrescu, solist concertist al Filarmonicii Banatul din Timi\u015foara\" src=\"http:\/\/semndecarte.metarsis.ro\/wp-content\/uploads\/2012\/06\/71-95x95.jpg\" alt=\"\" width=\"95\" height=\"95\" \/><\/a><a href=\"http:\/\/semndecarte.metarsis.ro\/wp-content\/uploads\/2012\/06\/43.jpg\" rel=\"lightbox[6928]\"><img loading=\"lazy\" class=\"alignleft size-thumbnail wp-image-6932\" title=\"4Recital Sorin Petrescu, solist concertist al Filarmonicii Banatul din Timi\u015foara\" src=\"http:\/\/semndecarte.metarsis.ro\/wp-content\/uploads\/2012\/06\/43-95x95.jpg\" alt=\"\" width=\"95\" height=\"95\" \/><\/a><a href=\"http:\/\/semndecarte.metarsis.ro\/wp-content\/uploads\/2012\/06\/51.jpg\" rel=\"lightbox[6928]\"><img loading=\"lazy\" class=\"alignleft size-thumbnail wp-image-6933\" title=\"Recital Sorin Petrescu, solist concertist al Filarmonicii Banatul din Timi\u015foara\" src=\"http:\/\/semndecarte.metarsis.ro\/wp-content\/uploads\/2012\/06\/51-95x95.jpg\" alt=\"\" width=\"95\" height=\"95\" \/><\/a><a href=\"http:\/\/semndecarte.metarsis.ro\/wp-content\/uploads\/2012\/06\/61.jpg\" rel=\"lightbox[6928]\"><img loading=\"lazy\" class=\"alignleft size-thumbnail wp-image-6934\" title=\"Recital Sorin Petrescu, solist concertist al Filarmonicii Banatul din Timi\u015foara\" src=\"http:\/\/semndecarte.metarsis.ro\/wp-content\/uploads\/2012\/06\/61-95x95.jpg\" alt=\"\" width=\"95\" height=\"95\" \/><\/a><a href=\"http:\/\/semndecarte.metarsis.ro\/wp-content\/uploads\/2012\/06\/31.jpg\" rel=\"lightbox[6928]\"><img loading=\"lazy\" class=\"alignleft size-thumbnail wp-image-6931\" title=\"Recital Sorin Petrescu, solist concertist al Filarmonicii Banatul din Timi\u015foara\" src=\"http:\/\/semndecarte.metarsis.ro\/wp-content\/uploads\/2012\/06\/31-95x95.jpg\" alt=\"\" width=\"95\" height=\"95\" \/><\/a><a href=\"http:\/\/semndecarte.metarsis.ro\/wp-content\/uploads\/2012\/06\/13.jpg\" rel=\"lightbox[6928]\"><img loading=\"lazy\" class=\"alignleft size-thumbnail wp-image-6939\" title=\"Recital Sorin Petrescu, solist concertist al Filarmonicii Banatul din Timi\u015foara\" src=\"http:\/\/semndecarte.metarsis.ro\/wp-content\/uploads\/2012\/06\/13-95x95.jpg\" alt=\"\" width=\"95\" height=\"95\" \/><\/a><a href=\"http:\/\/semndecarte.metarsis.ro\/wp-content\/uploads\/2012\/06\/12.jpg\" rel=\"lightbox[6928]\"><img loading=\"lazy\" class=\"alignleft size-thumbnail wp-image-6938\" title=\"Recital Sorin Petrescu, solist concertist al Filarmonicii Banatul din Timi\u015foara\" src=\"http:\/\/semndecarte.metarsis.ro\/wp-content\/uploads\/2012\/06\/12-95x95.jpg\" alt=\"\" width=\"95\" height=\"95\" \/><\/a><\/p>\n<p><object style=\"width: 520px; height: 428px;\" width=\"520\" height=\"428\" classid=\"clsid:d27cdb6e-ae6d-11cf-96b8-444553540000\" codebase=\"http:\/\/download.macromedia.com\/pub\/shockwave\/cabs\/flash\/swflash.cab#version=6,0,40,0\" align=\"left\"><param name=\"loop\" value=\"false\" \/><param name=\"menu\" value=\"false\" \/><param name=\"salign\" value=\"l\" \/><param name=\"src\" value=\"http:\/\/www.youtube.com\/v\/uZJBak6rXo0&amp;feature&amp;rel=0\" \/><embed style=\"width: 520px; height: 428px;\" width=\"520\" height=\"428\" type=\"application\/x-shockwave-flash\" src=\"http:\/\/www.youtube.com\/v\/uZJBak6rXo0&amp;feature&amp;rel=0\" loop=\"false\" menu=\"false\" salign=\"l\" align=\"left\" \/><\/object><\/p>\n","protected":false},"excerpt":{"rendered":"<p>Duminic\u0103 seara, 17 iunie 2012, de la orele 19:00, \u00een gr\u0103dina libr\u0103riei Semn de Carte din Re\u015fi\u0163a, sub bolta vi\u0163ei de vie, \u00een compania unui public ales a avut loc recitalul pianistului Sorin Petrescu, solist concertist al Filarmonicii Banatul din Timi\u015foara.<\/p>\n","protected":false},"author":1,"featured_media":0,"comment_status":"open","ping_status":"open","sticky":false,"template":"","format":"standard","meta":[],"categories":[6,7],"tags":[366],"_links":{"self":[{"href":"https:\/\/semndecarte.metarsis.ro\/index.php?rest_route=\/wp\/v2\/posts\/6928"}],"collection":[{"href":"https:\/\/semndecarte.metarsis.ro\/index.php?rest_route=\/wp\/v2\/posts"}],"about":[{"href":"https:\/\/semndecarte.metarsis.ro\/index.php?rest_route=\/wp\/v2\/types\/post"}],"author":[{"embeddable":true,"href":"https:\/\/semndecarte.metarsis.ro\/index.php?rest_route=\/wp\/v2\/users\/1"}],"replies":[{"embeddable":true,"href":"https:\/\/semndecarte.metarsis.ro\/index.php?rest_route=%2Fwp%2Fv2%2Fcomments&post=6928"}],"version-history":[{"count":0,"href":"https:\/\/semndecarte.metarsis.ro\/index.php?rest_route=\/wp\/v2\/posts\/6928\/revisions"}],"wp:attachment":[{"href":"https:\/\/semndecarte.metarsis.ro\/index.php?rest_route=%2Fwp%2Fv2%2Fmedia&parent=6928"}],"wp:term":[{"taxonomy":"category","embeddable":true,"href":"https:\/\/semndecarte.metarsis.ro\/index.php?rest_route=%2Fwp%2Fv2%2Fcategories&post=6928"},{"taxonomy":"post_tag","embeddable":true,"href":"https:\/\/semndecarte.metarsis.ro\/index.php?rest_route=%2Fwp%2Fv2%2Ftags&post=6928"}],"curies":[{"name":"wp","href":"https:\/\/api.w.org\/{rel}","templated":true}]}}