{"id":6898,"date":"2012-06-15T13:54:42","date_gmt":"2012-06-15T11:54:42","guid":{"rendered":"http:\/\/semndecarte.metarsis.ro\/?p=6898"},"modified":"2012-06-15T13:54:42","modified_gmt":"2012-06-15T11:54:42","slug":"cum-se-face-muzica","status":"publish","type":"post","link":"https:\/\/semndecarte.metarsis.ro\/?p=6898","title":{"rendered":"Cum se face muzica"},"content":{"rendered":"<p style=\"text-align: justify;\"><strong>Ultimul concert<\/strong><\/p>\n<p style=\"text-align: justify;\">Joi, 14 iunie 2012, de la orele 12:00, a avut loc ultimul dintre cele cinci concerte-\u015fcoal\u0103 din ciclul \u201cCum se face muzica\u2026\u201d\u00a0 ini\u0163iat de Filarmonica \u201cBanatul\u201d din Timi\u015foara. <!--more-->Concertele-lec\u0163ie, sus\u0163inute de muzicieni consacra\u0163i, \u00ee\u015fi propun s\u0103 familiarizeze copiii cu grupele principale care alc\u0103tuiesc o orchestr\u0103 simfonic\u0103 \u015fi s\u0103-i apropie de muzica simfonic\u0103. Deosebit de celelalte patru concerte prin loca\u0163ia de desf\u0103\u015furare- Aula Magna a Universit\u0103\u0163ii re\u015fi\u0163ene Eftimie Murgu, joi concertul-lec\u0163ie a avut loc \u00een curtea libr\u0103riei Semn de Carte, Societatea pentru Cultur\u0103 -Metarsis- fiind organizatoarea\u00a0concertelor la Re\u015fi\u0163a.<\/p>\n<p style=\"text-align: justify;\">Joi, curtea libr\u0103riei a fost in\u0163esat\u0103 de copiii \u015ecolii cu clasele I-VIII nr. 2 din Re\u015fi\u0163a. S-au \u00eent\u00e2lnit cu pianistul solist concertist al Filarmonicii Banatul din Timi\u015foara- Sorin Petrescu cel care a \u015fi \u0163inut ora special\u0103 de muzic\u0103 \u015fi le-a prezentat instrumentele ajutat fiind de Drago\u015f Natanael- elev al Liceului de Art\u0103 Sabin P\u0103u\u0163a din Re\u015fi\u0163a, clasa prof. Marcela Asan- flaut, muzicienii\u00a0Gabriel Dr\u0103goiu \u2013 oboi \u015fi\u00a0 Dorin Cuibariu \u2013 clarinet \u015fi saxofon.<\/p>\n<p style=\"text-align: justify;\">Muzic\u0103, muzicieni, copiii entuzia\u015fti, parin\u0163i \u015fi dasc\u0103li \u00eentr-o zi frumoas\u0103, sub bolta umbroas\u0103 a vi\u0163ei de vie, \u00een curtea libr\u0103riei Semn de Carte.<\/p>\n<p style=\"text-align: justify;\"><a href=\"http:\/\/semndecarte.metarsis.ro\/wp-content\/uploads\/2012\/06\/1.jpg\" rel=\"lightbox[6898]\"><img loading=\"lazy\" class=\"alignleft size-thumbnail wp-image-6916\" title=\"Dragos Natanael- elev al Liceului de Arta Sabin Pauta din Resita, clasa prof.Marcela Asan- flaut\" src=\"http:\/\/semndecarte.metarsis.ro\/wp-content\/uploads\/2012\/06\/1-95x95.jpg\" alt=\"\" width=\"95\" height=\"95\" \/><\/a><a href=\"http:\/\/semndecarte.metarsis.ro\/wp-content\/uploads\/2012\/06\/2.jpg\" rel=\"lightbox[6898]\"><img loading=\"lazy\" class=\"alignleft size-thumbnail wp-image-6917\" title=\"Cum se face muzica...\" src=\"http:\/\/semndecarte.metarsis.ro\/wp-content\/uploads\/2012\/06\/2-95x95.jpg\" alt=\"\" width=\"95\" height=\"95\" \/><\/a><a href=\"http:\/\/semndecarte.metarsis.ro\/wp-content\/uploads\/2012\/06\/3.jpg\" rel=\"lightbox[6898]\"><img loading=\"lazy\" class=\"alignleft size-thumbnail wp-image-6918\" title=\"Sorin Petrescu, pianist concertist al Filarmonicii &quot; Banatul&quot; din Timisoara\" src=\"http:\/\/semndecarte.metarsis.ro\/wp-content\/uploads\/2012\/06\/3-95x95.jpg\" alt=\"\" width=\"95\" height=\"95\" \/><\/a><a href=\"http:\/\/semndecarte.metarsis.ro\/wp-content\/uploads\/2012\/06\/4.jpg\" rel=\"lightbox[6898]\"><img loading=\"lazy\" class=\"alignleft size-thumbnail wp-image-6919\" title=\"Dorin Cuibariu \u2013 clarinet\" src=\"http:\/\/semndecarte.metarsis.ro\/wp-content\/uploads\/2012\/06\/4-95x95.jpg\" alt=\"\" width=\"95\" height=\"95\" \/><\/a><a href=\"http:\/\/semndecarte.metarsis.ro\/wp-content\/uploads\/2012\/06\/5.jpg\" rel=\"lightbox[6898]\"><img loading=\"lazy\" class=\"alignleft size-thumbnail wp-image-6920\" title=\"Cum se face muzica...\" src=\"http:\/\/semndecarte.metarsis.ro\/wp-content\/uploads\/2012\/06\/5-95x95.jpg\" alt=\"\" width=\"95\" height=\"95\" \/><\/a><a href=\"http:\/\/semndecarte.metarsis.ro\/wp-content\/uploads\/2012\/06\/6.jpg\" rel=\"lightbox[6898]\"><img loading=\"lazy\" class=\"alignleft size-thumbnail wp-image-6921\" title=\"Cum se face muzica...\" src=\"http:\/\/semndecarte.metarsis.ro\/wp-content\/uploads\/2012\/06\/6-95x95.jpg\" alt=\"\" width=\"95\" height=\"95\" \/><\/a><a href=\"http:\/\/semndecarte.metarsis.ro\/wp-content\/uploads\/2012\/06\/7.jpg\" rel=\"lightbox[6898]\"><img loading=\"lazy\" class=\"alignleft size-thumbnail wp-image-6922\" title=\"Gabriel Dragoiu \u2013 oboi\" src=\"http:\/\/semndecarte.metarsis.ro\/wp-content\/uploads\/2012\/06\/7-95x95.jpg\" alt=\"\" width=\"95\" height=\"95\" \/><\/a><a href=\"http:\/\/semndecarte.metarsis.ro\/wp-content\/uploads\/2012\/06\/8.jpg\" rel=\"lightbox[6898]\"><img loading=\"lazy\" class=\"alignleft size-thumbnail wp-image-6923\" title=\"Cum se face muzica...\" src=\"http:\/\/semndecarte.metarsis.ro\/wp-content\/uploads\/2012\/06\/8-95x95.jpg\" alt=\"\" width=\"95\" height=\"95\" \/><\/a><a href=\"http:\/\/semndecarte.metarsis.ro\/wp-content\/uploads\/2012\/06\/91.jpg\" rel=\"lightbox[6898]\"><img loading=\"lazy\" class=\"alignleft size-thumbnail wp-image-6924\" title=\"Cum se face muzica...\" src=\"http:\/\/semndecarte.metarsis.ro\/wp-content\/uploads\/2012\/06\/91-95x95.jpg\" alt=\"\" width=\"95\" height=\"95\" \/><\/a><a href=\"http:\/\/semndecarte.metarsis.ro\/wp-content\/uploads\/2012\/06\/10.jpg\" rel=\"lightbox[6898]\"><img loading=\"lazy\" class=\"alignleft size-thumbnail wp-image-6925\" title=\"Cum se face muzica...\" src=\"http:\/\/semndecarte.metarsis.ro\/wp-content\/uploads\/2012\/06\/10-95x95.jpg\" alt=\"\" width=\"95\" height=\"95\" \/><\/a><\/p>\n","protected":false},"excerpt":{"rendered":"<p>Joi, 14 iunie 2012, de la orele 12:00, a avut loc ultimul dintre cele cinci concerte-\u015fcoal\u0103 din ciclul \u201cCum se face muzica\u2026\u201d  ini\u0163iat de Filarmonica \u201cBanatul\u201d din Timi\u015foara. <\/p>\n","protected":false},"author":1,"featured_media":0,"comment_status":"open","ping_status":"open","sticky":false,"template":"","format":"standard","meta":[],"categories":[6,7],"tags":[308],"_links":{"self":[{"href":"https:\/\/semndecarte.metarsis.ro\/index.php?rest_route=\/wp\/v2\/posts\/6898"}],"collection":[{"href":"https:\/\/semndecarte.metarsis.ro\/index.php?rest_route=\/wp\/v2\/posts"}],"about":[{"href":"https:\/\/semndecarte.metarsis.ro\/index.php?rest_route=\/wp\/v2\/types\/post"}],"author":[{"embeddable":true,"href":"https:\/\/semndecarte.metarsis.ro\/index.php?rest_route=\/wp\/v2\/users\/1"}],"replies":[{"embeddable":true,"href":"https:\/\/semndecarte.metarsis.ro\/index.php?rest_route=%2Fwp%2Fv2%2Fcomments&post=6898"}],"version-history":[{"count":0,"href":"https:\/\/semndecarte.metarsis.ro\/index.php?rest_route=\/wp\/v2\/posts\/6898\/revisions"}],"wp:attachment":[{"href":"https:\/\/semndecarte.metarsis.ro\/index.php?rest_route=%2Fwp%2Fv2%2Fmedia&parent=6898"}],"wp:term":[{"taxonomy":"category","embeddable":true,"href":"https:\/\/semndecarte.metarsis.ro\/index.php?rest_route=%2Fwp%2Fv2%2Fcategories&post=6898"},{"taxonomy":"post_tag","embeddable":true,"href":"https:\/\/semndecarte.metarsis.ro\/index.php?rest_route=%2Fwp%2Fv2%2Ftags&post=6898"}],"curies":[{"name":"wp","href":"https:\/\/api.w.org\/{rel}","templated":true}]}}