{"id":6896,"date":"2012-06-14T22:27:02","date_gmt":"2012-06-14T20:27:02","guid":{"rendered":"http:\/\/semndecarte.metarsis.ro\/?p=6896"},"modified":"2012-11-09T23:03:57","modified_gmt":"2012-11-09T21:03:57","slug":"premii-si-premianti","status":"publish","type":"post","link":"https:\/\/semndecarte.metarsis.ro\/?p=6896","title":{"rendered":"Premii \u015fi premian\u0163i"},"content":{"rendered":"<p style=\"text-align: justify;\">Miercuri, 13 iunie 2012, dup\u0103- amiaz\u0103, \u00a0Centrul Civic al municipiului Re\u015fi\u0163a a fost gazda manifest\u0103rilor prilejuite de \u00eencheierea proiectului \u201cPove\u015fti noi pentru voi\u201d derulat de Radio Rom\u00e2nia Re\u015fi\u0163a prin Departamentul Teatrul Na\u0163ional Radiofonic pentru Copii \u00een colaborare cu Societatea pentru Cultur\u0103 Metarsis si libr\u0103ria Semn de Carte din Re\u015fi\u0163a. <!--more-->Pe perioada anului \u015fcolar 2011-2012 pre\u015fcolari mari, \u015fcolari mici \u015fi mari din gr\u0103dini\u0163e, \u015fcoli \u015fi licee s-au \u00eent\u00e2lnit, miercuri de miercuri, \u00een cein\u0103ria libr\u0103riei Semn de Carte cu teatrul radiofonic pentru copii \u015fi au desenat ceea ce \u015fi-au imaginat ascult\u00e2nd&#8230; Au fost audiate 8 piese de teatru, au fost realizate 839 de desene, care, prin bun\u0103voin\u0163a Prim\u0103riei Re\u015fi\u0163a au fost expuse \u00een Centrul Civic. Astfel copii, dasc\u0103li, p\u0103rin\u0163i, bunici sau simpli trec\u0103tori au putut vedea &#8211; timp de trei ore- expozi\u0163ia, un adev\u0103rat regal de imagina\u0163ie \u015fi creativitate. Evenimentul s-a bucurat de prezen\u0163a tinerilor din Liga Studen\u0163ilor din Universitatea Eftimie Murgu \u015fi de la Grupul Local de Tineret (ARCUS) \u00a0care au ajutat la expunerea pe sfoar\u0103 \u015fi prinderea cu cleme de rufe a sutelor de desene realizate de copii iar apoi, \u00eembr\u0103ca\u0163i \u00een clowni au f\u0103cut anima\u0163ie. Corul de copii \u00a0\u201cMenestrelul\u201d dirijat de prof. Adriana Ponoran- a delectat publicul cu piese muzicale din repertoriul rom\u00e2nesc \u015fi interna\u0163ional \u00a0soli\u015fti fiind: \u015eerban Modrigan, Ioana Imbrescu, Driada Boc, Georgiana Panescu \u015fi R\u0103zvan Borobar. Juriul, format din: Ada D. Cruceanu- critic de art\u0103, Maria Tudur- artist plastic, Adriana Ponoran- profesor, Cristina Ardeleanu- profesor, Oana Gl\u0103van-Cenan- redactor-\u015fef Radio Rom\u00e2nia Re\u015fi\u0163a \u015fi \u00a0Lucian Duca- artist fotograf- libr\u0103ria Semn de Carte, a stabilit urm\u0103toarele premii (pachete formate din c\u0103r\u0163i, cd-uri cu piese de teatru pentru copii \u015fi semne de carte oferite de Radio Rom\u00e2nia Re\u015fi\u0163a \u015fi libr\u0103ria Semn de Carte):<\/p>\n<p style=\"text-align: justify;\">Marele Premiu:\u00a0Daniel Stuparu,\u00a0cl.\u00a0III C, \u015ecoala gen. 2, prof. Ema Jurc\u0103; Premiul Radio Rom\u00e2nia Re\u015fi\u0163a:\u00a0Denisa Corcan, cl. II B, \u015ecoala gen. 9, prof. Adina Belu; Premiul libr\u0103riei Semn de Carte:\u00a0Driada Boc,\u00a0cl.\u00a0II A, \u015ecoala gen. 2,\u00a0prof. Ana Modoran; Premiul I:\u00a0 Daniel P\u0103curaiu, cl. I B, Lic. de Art\u0103 \u201dSabin P\u0103u\u0163a\u201d, \u00a0prof. Ana Purice; Premiul II:\u00a0Iasmina Negrea,\u00a0cl. VII B, Lic. Diaconovici-Tietz, prof. Sonia Cwoika; Premiul III: Ana-Maria Ioan,\u00a0cl. I C, \u015ecoala gen. 2, prof. Camelia B\u0103l\u0103nescu; Men\u0163iune: Naomi Ib\u0103ni\u015fteanu, cl.III A, \u015ecoala gen. 1, prof. Daniela Imbri.<\/p>\n<p style=\"text-align: justify;\">1. Piesa de teatru: <strong>NOAPTE BUN\u0102, DOMNULE MAR\u0162I!<\/strong> de Carmen Dominte: Premiul I: Alexandru Fara, cl. IV A,\u00a0\u015ecoala gen. 2, prof. Florica Fetescu; Premiul II: Alexandra Nicu, cl.III SBS, Colegiul Na\u0163ional Traian Lalescu, prof.Jeni Urechean, prof.Ramona Bl\u0103nariu; Premiul III:\u00a0Anamaria Cristina Aga, cl.V, Lic. Diaconovici-Tietz, prof. Camelia Mladin, prof.Valentina Fi\u015ftea; Mentiune: Dragan Olaru, cl.III SBS, Colegiul Na\u0163ional Traian Lalescu, prof.Jeni Urechean, prof. Ramona Bl\u0103nariu;<\/p>\n<p style=\"text-align: justify;\">2. Piesa de teatru: <strong>DOMNUL DE CIOCOLAT\u0102<\/strong> de S\u00e2nziana Popescu: Premiul I:\u00a0\u00a0 Daniel Stuparu, cl. III C, \u015ecoala gen. 2,\u00a0prof. Ema Jurc\u0103; Premiul II: Naomi Ib\u0103ni\u015fteanu,\u00a0cl.III A, \u015ecoala gen. 1,\u00a0prof. Daniela Imbri, Premiul III:\u00a0Cristina Stancu, cl. IV,\u00a0\u015ecoala gen. 1, prof. Maria Ciontu; Men\u0163iune:\u00a0Maria Alexia Dumitru, cl.III A, \u015ecoala gen. 2, prof. Elisaveta Vl\u0103du\u0163;<\/p>\n<p style=\"text-align: justify;\">3. Piesa de teatru: <strong>ZIUA \u00ceN CARE A FUGIT SOMNUL<\/strong> de Victoria P\u0103tra\u015fcu: Premiul I: Alexandra Hale\u0163a, cl. IV, Lic. Mircea Eliade, prof. Paulina Borchescu; Premiul II: Damaris Dieaconu, cl.III B, \u015ecoala gen. 2, prof. Roberta Oprea; Premiul III:\u00a0Daniel P\u0103curariu, cl. I B, Lic. de Art\u0103 \u201dSabin P\u0103u\u0163a\u201d, prof. Ana Purice; Men\u0163iune: Octavian Solomon, cl.III, Centrul Aurora, prof. Alina Brusture, prof. Maria Ciurescu<\/p>\n<p style=\"text-align: justify;\">4. Piesa de teatru: <strong>IARNA URSULE\u0162ILOR<\/strong> de Ana Ripka Rus: Premiul I:\u00a0Denisa Corcan, cl. II B, \u015ecoala gen. 9, prof. Adina Belu; Premiul II: Ana-Maria Ioan, cl. I C, \u015ecoala gen. 2, prof.Camelia B\u0103l\u0103nescu; Premiul III:\u00a0Dona Olaru, grupa Campionii Gr\u0103dini\u0163a PN\u00a06, prof. Lucia-Mato Chereji; Men\u0163iune:\u00a0Abel Craiovan,\u00a0cl.I C, \u015ecoala gen. 2, prof. Camelia B\u0103l\u0103nescu.<\/p>\n<p style=\"text-align: justify;\">5. Piesa de teatru: <strong>ARTHUR \u015eI CAVALERII MESEI ROTUNDE<\/strong> de Sanda Socoliuc: Premiul I:\u00a0Alex Surdu,\u00a0 cl.IV A, \u015ecoala gen. 7,\u00a0prof. Geta Gaita; Premiul II:\u00a0R\u0103zvan Gr\u0103dinaru,\u00a0cl. IV C, \u015ecoala gen. 7, prof. Cristina Ardeleanu; Premiul III:\u00a0Patricia Mircionia,\u00a0cl. IV A,\u00a0\u015ecoala gen. 2,\u00a0prof. Florica Fetescu; Men\u0163iune: Ionela Cristina Pipin, cl. IV C, \u015ecoala gen. 7, prof.Cristina Ardeleanu.<\/p>\n<p style=\"text-align: justify;\">6. Piesa de teatru: <strong>SIEGFRIED \u015eI KRIEMHILDE<\/strong> de Sanda \u015fi Vasile Socoliuc: Premiul I: Romina Fren\u0163, cl. VIII B,\u00a0Lic. Diaconovici-Tietz, prof. Cristian Barna; Premiul II: Andreea Bek\u00f6, cl. III B SBS, Colegiul Na\u0163ional Traian Lalescu, prof. Jeni Urechean, prof.Ramona Bl\u0103nariu; Premiul III: Iasmina Negrea, cl. VII B, Lic. Diaconovici-Titz,\u00a0prof. Sonia Cwoika; Men\u0163iune: Bogdan Dun\u0103reanu, cl. VI B,\u00a0Lic. Diaconovici-Tietz,\u00a0prof. Cristian Barna.<\/p>\n<p style=\"text-align: justify;\">7. Piesa de teatru <strong>DOMNUL RE DIEZ \u015eI DOMNI\u015eOARA MI BEMOL<\/strong> de Jules Verne: Premiul I: Larisa Bug\u0103rin, cl. I A, \u015ecoala gen. 8, prof. Rodica Moldovan; Premiul II:\u00a0Cristina Varga, cl. I A,\u00a0 \u015ecoala gen. 8, prof. Rodica Moldovan; Premiul III: Larisa Ivan,\u00a0cl. II B,\u00a0Lic. Diaconovici-Tietz, prof. Yvonne Demenyi; Men\u0163iune: Roberto Barbu, cl. I B,\u00a0\u015ecoala gen. 2, prof. Ozana Dr\u0103gil\u0103.<\/p>\n<p style=\"text-align: justify;\">8. Piesa de teatru <strong>ALUNEC\u00c2ND \u00ceNTR-O PRUN\u0102<\/strong> de S\u00e2nziana Popescu: Premiul I:\u00a0Maria-Alexia Dumitru, cl. III A,\u00a0\u00a0\u015ecoala gen. 2, prof. Elisaveta Vl\u0103du\u0163; Premiul II:\u00a0Roxana Rusu, cl. II, \u015ecoala T\u00e2rnova, prof. Alina Kiss; Premiul III:\u00a0Iasmina Pagu,\u00a0cl. III, \u015ecoala T\u00e2rnova, prof. Alina Kiss; Men\u0163iune:\u00a0Mario Terfeloag\u0103,\u00a0\u00a0cl. III A, \u015ecoala gen. 2,\u00a0prof. Elisaveta Vl\u0103du\u0163.<\/p>\n<p style=\"text-align: justify;\">Felicit\u0103ri tuturor c\u00e2\u015ftig\u0103torilor!<\/p>\n<p style=\"text-align: justify;\">Cei care nu au fost prezen\u0163i \u00een Centrul Civic pentru ridicarea premiilor sunt a\u015ftepta\u0163i p\u00e2na la 01,07,2012 la libr\u0103ria Semn de Carte din Re\u015fi\u0163a, str. Libert\u0103\u0163ii 13, pentru a intra \u00een posesia lor.<\/p>\n<p style=\"text-align: justify;\">Toate desenele premiate sunt expuse \u00een curtea libr\u0103riei Semn de Carte unde pot fi v\u0103zute tot p\u00e2n\u0103 la 1 iulie 2012.<\/p>\n<p style=\"text-align: justify;\"><a href=\"http:\/\/semndecarte.metarsis.ro\/wp-content\/uploads\/2012\/06\/15.jpg\" rel=\"lightbox[6896]\"><img loading=\"lazy\" class=\"alignleft size-thumbnail wp-image-6899\" title=\"Povesti noi pentru voi\" src=\"http:\/\/semndecarte.metarsis.ro\/wp-content\/uploads\/2012\/06\/15-95x95.jpg\" alt=\"\" width=\"95\" height=\"95\" \/><\/a><a href=\"http:\/\/semndecarte.metarsis.ro\/wp-content\/uploads\/2012\/06\/22.jpg\" rel=\"lightbox[6896]\"><img loading=\"lazy\" class=\"alignleft size-thumbnail wp-image-6900\" title=\"Corul de copii Menestrelul\" src=\"http:\/\/semndecarte.metarsis.ro\/wp-content\/uploads\/2012\/06\/22-95x95.jpg\" alt=\"\" width=\"95\" height=\"95\" \/><\/a><a href=\"http:\/\/semndecarte.metarsis.ro\/wp-content\/uploads\/2012\/06\/27.jpg\" rel=\"lightbox[6896]\"><img loading=\"lazy\" class=\"alignleft size-thumbnail wp-image-6902\" title=\"Povesti noi pentru voi - premierea\" src=\"http:\/\/semndecarte.metarsis.ro\/wp-content\/uploads\/2012\/06\/27-95x95.jpg\" alt=\"\" width=\"95\" height=\"95\" \/><\/a><a href=\"http:\/\/semndecarte.metarsis.ro\/wp-content\/uploads\/2012\/06\/9.jpg\" rel=\"lightbox[6896]\"><img loading=\"lazy\" class=\"alignleft size-thumbnail wp-image-6915\" title=\"Povesti noi pentru voi - premierea\" src=\"http:\/\/semndecarte.metarsis.ro\/wp-content\/uploads\/2012\/06\/9-95x95.jpg\" alt=\"\" width=\"95\" height=\"95\" \/><\/a><a href=\"http:\/\/semndecarte.metarsis.ro\/wp-content\/uploads\/2012\/06\/35.jpg\" rel=\"lightbox[6896]\"><img loading=\"lazy\" class=\"alignleft size-thumbnail wp-image-6905\" title=\"Povesti noi pentru voi - premierea\" src=\"http:\/\/semndecarte.metarsis.ro\/wp-content\/uploads\/2012\/06\/35-95x95.jpg\" alt=\"\" width=\"95\" height=\"95\" \/><\/a><a href=\"http:\/\/semndecarte.metarsis.ro\/wp-content\/uploads\/2012\/06\/37.jpg\" rel=\"lightbox[6896]\"><img loading=\"lazy\" class=\"alignleft size-thumbnail wp-image-6906\" title=\"Povesti noi pentru voi - premierea\" src=\"http:\/\/semndecarte.metarsis.ro\/wp-content\/uploads\/2012\/06\/37-95x95.jpg\" alt=\"\" width=\"95\" height=\"95\" \/><\/a><a href=\"http:\/\/semndecarte.metarsis.ro\/wp-content\/uploads\/2012\/06\/38.jpg\" rel=\"lightbox[6896]\"><img loading=\"lazy\" class=\"alignleft size-thumbnail wp-image-6907\" title=\"Un merituos castigator\" src=\"http:\/\/semndecarte.metarsis.ro\/wp-content\/uploads\/2012\/06\/38-95x95.jpg\" alt=\"\" width=\"95\" height=\"95\" \/><\/a><a href=\"http:\/\/semndecarte.metarsis.ro\/wp-content\/uploads\/2012\/06\/41.jpg\" rel=\"lightbox[6896]\"><img loading=\"lazy\" class=\"alignleft size-thumbnail wp-image-6908\" title=\"Corul Menestrelul\" src=\"http:\/\/semndecarte.metarsis.ro\/wp-content\/uploads\/2012\/06\/41-95x95.jpg\" alt=\"\" width=\"95\" height=\"95\" \/><\/a><a href=\"http:\/\/semndecarte.metarsis.ro\/wp-content\/uploads\/2012\/06\/42.jpg\" rel=\"lightbox[6896]\"><img loading=\"lazy\" class=\"alignleft size-thumbnail wp-image-6909\" title=\"Povesti noi pentru voi - premierea\" src=\"http:\/\/semndecarte.metarsis.ro\/wp-content\/uploads\/2012\/06\/42-95x95.jpg\" alt=\"\" width=\"95\" height=\"95\" \/><\/a><a href=\"http:\/\/semndecarte.metarsis.ro\/wp-content\/uploads\/2012\/06\/46.jpg\" rel=\"lightbox[6896]\"><img loading=\"lazy\" class=\"alignleft size-thumbnail wp-image-6910\" title=\"Povesti noi pentru voi - premierea\" src=\"http:\/\/semndecarte.metarsis.ro\/wp-content\/uploads\/2012\/06\/46-95x95.jpg\" alt=\"\" width=\"95\" height=\"95\" \/><\/a><a href=\"http:\/\/semndecarte.metarsis.ro\/wp-content\/uploads\/2012\/06\/47.jpg\" rel=\"lightbox[6896]\"><img loading=\"lazy\" class=\"alignleft size-thumbnail wp-image-6911\" title=\"Povesti noi pentru voi\" src=\"http:\/\/semndecarte.metarsis.ro\/wp-content\/uploads\/2012\/06\/47-95x95.jpg\" alt=\"\" width=\"95\" height=\"95\" \/><\/a><a href=\"http:\/\/semndecarte.metarsis.ro\/wp-content\/uploads\/2012\/06\/49.jpg\" rel=\"lightbox[6896]\"><img loading=\"lazy\" class=\"alignleft size-thumbnail wp-image-6912\" title=\"Povesti noi pentru voi - premierea\" src=\"http:\/\/semndecarte.metarsis.ro\/wp-content\/uploads\/2012\/06\/49-95x95.jpg\" alt=\"\" width=\"95\" height=\"95\" \/><\/a><a href=\"http:\/\/semndecarte.metarsis.ro\/wp-content\/uploads\/2012\/06\/55.jpg\" rel=\"lightbox[6896]\"><img loading=\"lazy\" class=\"alignleft size-thumbnail wp-image-6913\" title=\"Povesti noi pentru voi - premierea\" src=\"http:\/\/semndecarte.metarsis.ro\/wp-content\/uploads\/2012\/06\/55-95x95.jpg\" alt=\"\" width=\"95\" height=\"95\" \/><\/a><a href=\"http:\/\/semndecarte.metarsis.ro\/wp-content\/uploads\/2012\/06\/59.jpg\" rel=\"lightbox[6896]\"><img loading=\"lazy\" class=\"alignleft size-thumbnail wp-image-6914\" title=\"Corul Menestrelul\" src=\"http:\/\/semndecarte.metarsis.ro\/wp-content\/uploads\/2012\/06\/59-95x95.jpg\" alt=\"\" width=\"95\" height=\"95\" \/><\/a><a href=\"http:\/\/semndecarte.metarsis.ro\/wp-content\/uploads\/2012\/06\/28.jpg\" rel=\"lightbox[6896]\"><img loading=\"lazy\" class=\"alignleft size-thumbnail wp-image-6903\" title=\"Joc de copii\" src=\"http:\/\/semndecarte.metarsis.ro\/wp-content\/uploads\/2012\/06\/28-95x95.jpg\" alt=\"\" width=\"95\" height=\"95\" \/><\/a><\/p>\n","protected":false},"excerpt":{"rendered":"<p>Miercuri, 13 iunie 2012, dup\u0103- amiaz\u0103,  Centrul Civic al municipiului Re\u015fi\u0163a a fost gazda manifest\u0103rilor prilejuite de \u00eencheierea proiectului \u201cPove\u015fti noi pentru voi\u201d derulat de Radio Rom\u00e2nia Re\u015fi\u0163a prin Departamentul Teatrul Na\u0163ional Radiofonic pentru Copii \u00een colaborare cu libr\u0103ria Semn de Carte din Re\u015fi\u0163a. <\/p>\n","protected":false},"author":1,"featured_media":0,"comment_status":"open","ping_status":"open","sticky":false,"template":"","format":"standard","meta":[],"categories":[7],"tags":[115],"_links":{"self":[{"href":"https:\/\/semndecarte.metarsis.ro\/index.php?rest_route=\/wp\/v2\/posts\/6896"}],"collection":[{"href":"https:\/\/semndecarte.metarsis.ro\/index.php?rest_route=\/wp\/v2\/posts"}],"about":[{"href":"https:\/\/semndecarte.metarsis.ro\/index.php?rest_route=\/wp\/v2\/types\/post"}],"author":[{"embeddable":true,"href":"https:\/\/semndecarte.metarsis.ro\/index.php?rest_route=\/wp\/v2\/users\/1"}],"replies":[{"embeddable":true,"href":"https:\/\/semndecarte.metarsis.ro\/index.php?rest_route=%2Fwp%2Fv2%2Fcomments&post=6896"}],"version-history":[{"count":0,"href":"https:\/\/semndecarte.metarsis.ro\/index.php?rest_route=\/wp\/v2\/posts\/6896\/revisions"}],"wp:attachment":[{"href":"https:\/\/semndecarte.metarsis.ro\/index.php?rest_route=%2Fwp%2Fv2%2Fmedia&parent=6896"}],"wp:term":[{"taxonomy":"category","embeddable":true,"href":"https:\/\/semndecarte.metarsis.ro\/index.php?rest_route=%2Fwp%2Fv2%2Fcategories&post=6896"},{"taxonomy":"post_tag","embeddable":true,"href":"https:\/\/semndecarte.metarsis.ro\/index.php?rest_route=%2Fwp%2Fv2%2Ftags&post=6896"}],"curies":[{"name":"wp","href":"https:\/\/api.w.org\/{rel}","templated":true}]}}