{"id":6855,"date":"2012-05-16T20:15:22","date_gmt":"2012-05-16T18:15:22","guid":{"rendered":"http:\/\/semndecarte.metarsis.ro\/?p=6855"},"modified":"2012-05-30T14:29:58","modified_gmt":"2012-05-30T12:29:58","slug":"miercuri-%e2%80%9calunecand-intr-o-pruna%e2%80%a6-%e2%80%9d","status":"publish","type":"post","link":"https:\/\/semndecarte.metarsis.ro\/?p=6855","title":{"rendered":"Miercuri , \u201cAlunec\u00e2nd \u00eentr-o prun\u0103\u2026.\u201d"},"content":{"rendered":"<p style=\"text-align: justify;\">Ast\u0103zi, la Semn de Carte, \u00een pofida vremii ploioase, copii din grupa mare a Gr\u0103dini\u0163ei cu Program Normal nr. 6 din Re\u015fita, \u00eenso\u0163i\u0163i de doamna Lucia Mato-Chereji au ajuns, ce-i drept destul de greu, \u00een ceain\u0103ria libr\u0103riei la o noua sesiune din proiectul desf\u0103\u015furat pe parcursul anului \u015fcolar 2011-2012 prin care le propunem pre\u015fcolarilor \u015fi \u015fcolarilor s\u0103 asculte o pies\u0103 de teatru radiofonic pentru copii \u015fi s\u0103 deseneze ceea ce aud. Ast\u0103zi \u015fi-au dat fr\u00e2u liber imagina\u0163iei pre\u015fcolarii mari ascult\u00e2nd piesa S\u00e2nzianei Popescu \u00a0\u201cAlunec\u00e2nd \u00eentr-o prun\u0103\u201d.<!--more--><\/p>\n<p style=\"text-align: justify;\">Povestea cu moral\u0103 bine definit\u0103- cea a valorilor prieteniei adev\u0103rate \u015fi familiei- a fost ascultat\u0103 \u015fi desenele au prins contur sub imagina\u0163ia \u015fi candoarea copil\u0103riei.<\/p>\n<p style=\"text-align: justify;\">ARIcel ISTE\u0162, mascota libr\u0103riei Semn de Carte, i-a recompensat pe micu\u0163i cu bomboane iar Radio Rom\u00e2nia Re\u015fi\u0163a cu semne de carte.<\/p>\n<p style=\"text-align: justify;\">Proiectul derulat \u00een parteneriat de Metarsis-activit\u0103\u0163i \u015fi servicii de cultur\u0103 urban\u0103 \u015fi art\u0103 contemporan\u0103, Radio Rom\u00e2nia Re\u015fi\u0163a \u015fi Societatea Rom\u00e2na de\u00a0 Radiodifuziune prin departamantul Teatru Na\u0163ional pentru Copii se apropie de sf\u00e2r\u015fit. Au mai ramas doar\u00a0 trei \u00eent\u00e2lniri\u2026.<\/p>\n<p style=\"text-align: justify;\"><a href=\"http:\/\/semndecarte.metarsis.ro\/?p=6795#more-6795\"><img loading=\"lazy\" class=\"alignleft\" title=\"voteaza-aici\" src=\"http:\/\/semndecarte.metarsis.ro\/wp-content\/uploads\/2011\/10\/voteaza-aici-desen.jpg\" alt=\"\" width=\"260\" height=\"83\" \/><\/a><em>S\u0103pt\u0103m\u00e2nal, pe pagina de internet a libr\u0103riei re\u015fi\u0163ene Semn de Carte\u00a0<a href=\"http:\/\/semndecarte.metarsis.ro\/?p=5719.\" target=\"_blank\"> www.semndecarte.metarsis.ro<\/a> pute\u0163i vota desenele preferate alese pen<\/em><em>tru         a intra \u00een finala     concursului dedicat fiecarei piese de   teatru       prezentate \u015fi pus\u0103  \u00een    imagini de c\u0103tre micu\u0163ii   ascult\u0103tori,       ierarhiz\u00e2nd lucrarile,     men\u0163ion\u00e2nd, \u00een ordine,   numele autorului \u00een       comentariu la articolul ce   con\u0163ine desenele.     La sf\u00e2rsitul       proiectului primii cinci clasa\u0163i vor fi     premia\u0163i.<\/em><\/p>\n<p style=\"text-align: justify;\"><a href=\"http:\/\/semndecarte.metarsis.ro\/wp-content\/uploads\/2012\/05\/IMG_1476.jpg\" rel=\"lightbox[6855]\"><img loading=\"lazy\" class=\"alignleft size-thumbnail wp-image-6856\" title=\"Pre\u015fcolari din grupa mare a Gr\u0103dini\u0163ei cu Program Normal nr. 8 din Re\u015fita, \u00eenso\u0163i\u0163i de doamna Lucia Mato-Chereji\" src=\"http:\/\/semndecarte.metarsis.ro\/wp-content\/uploads\/2012\/05\/IMG_1476-95x95.jpg\" alt=\"\" width=\"95\" height=\"95\" \/><\/a><a href=\"http:\/\/semndecarte.metarsis.ro\/wp-content\/uploads\/2012\/05\/IMG_1477.jpg\" rel=\"lightbox[6855]\"><img loading=\"lazy\" class=\"alignleft size-thumbnail wp-image-6857\" title=\"Pre\u015fcolari din grupa mare a Gr\u0103dini\u0163ei cu Program Normal nr. 8 din Re\u015fita, \u00eenso\u0163i\u0163i de doamna Lucia Mato-Chereji\" src=\"http:\/\/semndecarte.metarsis.ro\/wp-content\/uploads\/2012\/05\/IMG_1477-95x95.jpg\" alt=\"\" width=\"95\" height=\"95\" \/><\/a><a href=\"http:\/\/semndecarte.metarsis.ro\/wp-content\/uploads\/2012\/05\/IMG_1478.jpg\" rel=\"lightbox[6855]\"><img loading=\"lazy\" class=\"alignleft size-thumbnail wp-image-6858\" title=\"Pre\u015fcolari din grupa mare a Gr\u0103dini\u0163ei cu Program Normal nr. 8 din Re\u015fita, \u00eenso\u0163i\u0163i de doamna Lucia Mato-Chereji\" src=\"http:\/\/semndecarte.metarsis.ro\/wp-content\/uploads\/2012\/05\/IMG_1478-95x95.jpg\" alt=\"\" width=\"95\" height=\"95\" \/><\/a><a href=\"http:\/\/semndecarte.metarsis.ro\/wp-content\/uploads\/2012\/05\/IMG_1479.jpg\" rel=\"lightbox[6855]\"><img loading=\"lazy\" class=\"alignleft size-thumbnail wp-image-6859\" title=\"Pre\u015fcolari din grupa mare a Gr\u0103dini\u0163ei cu Program Normal nr. 8 din Re\u015fita, \u00eenso\u0163i\u0163i de doamna Lucia Mato-Chereji\" src=\"http:\/\/semndecarte.metarsis.ro\/wp-content\/uploads\/2012\/05\/IMG_1479-95x95.jpg\" alt=\"\" width=\"95\" height=\"95\" \/><\/a><a href=\"http:\/\/semndecarte.metarsis.ro\/wp-content\/uploads\/2012\/05\/IMG_1480.jpg\" rel=\"lightbox[6855]\"><img loading=\"lazy\" class=\"alignleft size-thumbnail wp-image-6860\" title=\"Pre\u015fcolari din grupa mare a Gr\u0103dini\u0163ei cu Program Normal nr. 8 din Re\u015fita, \u00eenso\u0163i\u0163i de doamna Lucia Mato-Chereji\" src=\"http:\/\/semndecarte.metarsis.ro\/wp-content\/uploads\/2012\/05\/IMG_1480-95x95.jpg\" alt=\"\" width=\"95\" height=\"95\" \/><\/a><\/p>\n","protected":false},"excerpt":{"rendered":"<p>Ast\u0103zi, la Semn de Carte, \u00een pofida vremii ploioase, copii din grupa mare a Gr\u0103dini\u0163ei cu Program Normal nr. 8 din Re\u015fita, \u00eenso\u0163i\u0163i de doamna Lucia Mato-Chereji au ajuns, ce-i drept destul de greu, \u00een ceain\u0103ria libr\u0103riei la o noua sesiune din proiectul desf\u0103\u015furat pe parcursul anului \u015fcolar 2011-2012 prin care le propunem pre\u015fcolarilor \u015fi \u015fcolarilor s\u0103 asculte o pies\u0103 de teatru radiofonic pentru copii \u015fi s\u0103 deseneze ceea ce aud. Ast\u0103zi \u015fi-au dat fr\u00e2u liber imagina\u0163iei pre\u015fcolarii mari ascult\u00e2nd piesa S\u00e2nzianei Popescu  \u201cAlunec\u00e2nd \u00eentr-o prun\u0103\u201d.<\/p>\n","protected":false},"author":1,"featured_media":0,"comment_status":"open","ping_status":"open","sticky":false,"template":"","format":"standard","meta":[],"categories":[7],"tags":[115],"_links":{"self":[{"href":"https:\/\/semndecarte.metarsis.ro\/index.php?rest_route=\/wp\/v2\/posts\/6855"}],"collection":[{"href":"https:\/\/semndecarte.metarsis.ro\/index.php?rest_route=\/wp\/v2\/posts"}],"about":[{"href":"https:\/\/semndecarte.metarsis.ro\/index.php?rest_route=\/wp\/v2\/types\/post"}],"author":[{"embeddable":true,"href":"https:\/\/semndecarte.metarsis.ro\/index.php?rest_route=\/wp\/v2\/users\/1"}],"replies":[{"embeddable":true,"href":"https:\/\/semndecarte.metarsis.ro\/index.php?rest_route=%2Fwp%2Fv2%2Fcomments&post=6855"}],"version-history":[{"count":0,"href":"https:\/\/semndecarte.metarsis.ro\/index.php?rest_route=\/wp\/v2\/posts\/6855\/revisions"}],"wp:attachment":[{"href":"https:\/\/semndecarte.metarsis.ro\/index.php?rest_route=%2Fwp%2Fv2%2Fmedia&parent=6855"}],"wp:term":[{"taxonomy":"category","embeddable":true,"href":"https:\/\/semndecarte.metarsis.ro\/index.php?rest_route=%2Fwp%2Fv2%2Fcategories&post=6855"},{"taxonomy":"post_tag","embeddable":true,"href":"https:\/\/semndecarte.metarsis.ro\/index.php?rest_route=%2Fwp%2Fv2%2Ftags&post=6855"}],"curies":[{"name":"wp","href":"https:\/\/api.w.org\/{rel}","templated":true}]}}