{"id":6804,"date":"2012-05-15T10:41:53","date_gmt":"2012-05-15T08:41:53","guid":{"rendered":"http:\/\/semndecarte.metarsis.ro\/?p=6804"},"modified":"2012-05-30T14:32:05","modified_gmt":"2012-05-30T12:32:05","slug":"teatru-radiofonic-2","status":"publish","type":"post","link":"https:\/\/semndecarte.metarsis.ro\/?p=6804","title":{"rendered":"Teatru radiofonic"},"content":{"rendered":"<p><strong>Alunecand intr-o pruna<\/strong><\/p>\n<p>Miercuri, 9 mai\u00a0 2012\u00a0 la libr\u0103ria Semn de Carte, \u00een cadrul proiectului derulat, \u00een parteneriat, de Metarsis- activit\u0103\u0163i \u015fi servicii de cultur\u0103 urban\u0103 \u015fi art\u0103 contemporan\u0103. Radio Romania Re\u015fi\u0163a \u015fi Societatea Rom\u00e2na de Radiodifuziune prin departamentul Teatrul Na\u0163ional Radiofonic pentru Copii,\u00a0 a avut loc, \u00een premier\u0103 pentru Re\u015fi\u0163a, audi\u0163ia piesei \u201c Alunecand intr-o pruna\u201d de Sanziana Popescu.<!--more--> Ultima piesa din cadrul proiectului desfasurat pe parcursul anului scolar 2011-2012 a adus la Semn de Carte elevii claselor I-IV ( simultan) sectia de limba maghiara de la Liceul Diaconovici-Tietz coordonati de doamna Erszebet Balint -de la orele 11:00 iar de la orele 12:00 elevii clasei a III-a A \u2013Scoala cu clasele I-VIII nr.2 din Resita, coordonator doamna prof. Elisaveta Vladut.\u00a0 Frumo\u015fi, aten\u0163i, \u015fi curio\u015fi, micu\u0163ii au ascultat piesa de teatru, au desenat personaje \u015fi scene imaginate.<\/p>\n<p>ARIcel ISTET, mascota libr\u0103riei Semn de Carte, a \u00eemp\u0103r\u0163it, ca de obicei, bomboane din partea gazdelor \u015fi semne de carte din partea Radio Re\u015fi\u0163a Rom\u00e2nia.<\/p>\n<p><a href=\"http:\/\/semndecarte.metarsis.ro\/?p=6795#more-6795\"><img loading=\"lazy\" class=\"alignleft\" title=\"voteaza-aici\" src=\"http:\/\/semndecarte.metarsis.ro\/wp-content\/uploads\/2011\/10\/voteaza-aici-desen.jpg\" alt=\"\" width=\"260\" height=\"83\" \/><\/a><em>S\u0103pt\u0103m\u00e2nal, pe pagina de internet a libr\u0103riei re\u015fi\u0163ene Semn de Carte\u00a0<a href=\"http:\/\/semndecarte.metarsis.ro\/?p=5719.\" target=\"_blank\"> www.semndecarte.metarsis.ro<\/a> pute\u0163i vota desenele preferate alese pen<\/em><em>tru          a intra \u00een finala     concursului dedicat fiecarei piese de    teatru       prezentate \u015fi pus\u0103  \u00een    imagini de c\u0103tre micu\u0163ii    ascult\u0103tori,       ierarhiz\u00e2nd lucrarile,     men\u0163ion\u00e2nd, \u00een ordine,    numele autorului \u00een       comentariu la articolul ce   con\u0163ine desenele.      La sf\u00e2rsitul       proiectului primii cinci clasa\u0163i vor fi      premia\u0163i.<\/em><\/p>\n<p><a href=\"http:\/\/semndecarte.metarsis.ro\/wp-content\/uploads\/2012\/05\/21.jpg\" rel=\"lightbox[6804]\"><img loading=\"lazy\" class=\"alignleft size-thumbnail wp-image-6821\" title=\"Elevii claselor I-IV ( simultan) sectia de limba maghiara de la Liceul Diaconovici-Tietz coordonati de doamna Erszebet Balint\" src=\"http:\/\/semndecarte.metarsis.ro\/wp-content\/uploads\/2012\/05\/21-95x95.jpg\" alt=\"\" width=\"95\" height=\"95\" \/><\/a><a href=\"http:\/\/semndecarte.metarsis.ro\/wp-content\/uploads\/2012\/05\/31.jpg\" rel=\"lightbox[6804]\"><img loading=\"lazy\" class=\"alignleft size-thumbnail wp-image-6822\" title=\"Elevii claselor I-IV ( simultan) sectia de limba maghiara de la Liceul Diaconovici-Tietz coordonati de doamna Erszebet Balint\" src=\"http:\/\/semndecarte.metarsis.ro\/wp-content\/uploads\/2012\/05\/31-95x95.jpg\" alt=\"\" width=\"95\" height=\"95\" \/><\/a><a href=\"http:\/\/semndecarte.metarsis.ro\/wp-content\/uploads\/2012\/05\/41.jpg\" rel=\"lightbox[6804]\"><img loading=\"lazy\" class=\"alignleft size-thumbnail wp-image-6823\" title=\"Elevii claselor I-IV ( simultan) sectia de limba maghiara de la Liceul Diaconovici-Tietz coordonati de doamna Erszebet Balint\" src=\"http:\/\/semndecarte.metarsis.ro\/wp-content\/uploads\/2012\/05\/41-95x95.jpg\" alt=\"\" width=\"95\" height=\"95\" \/><\/a><a href=\"http:\/\/semndecarte.metarsis.ro\/wp-content\/uploads\/2012\/05\/11.jpg\" rel=\"lightbox[6804]\"><img loading=\"lazy\" class=\"alignleft size-thumbnail wp-image-6820\" title=\"Elevii claselor I-IV ( simultan) sectia de limba maghiara de la Liceul Diaconovici-Tietz coordonati de doamna Erszebet Balint\" src=\"http:\/\/semndecarte.metarsis.ro\/wp-content\/uploads\/2012\/05\/11-95x95.jpg\" alt=\"\" width=\"95\" height=\"95\" \/><\/a><a href=\"http:\/\/semndecarte.metarsis.ro\/wp-content\/uploads\/2012\/05\/16.jpg\" rel=\"lightbox[6804]\"><img loading=\"lazy\" class=\"alignleft size-thumbnail wp-image-6824\" title=\"Libraria Semn de Carte\" src=\"http:\/\/semndecarte.metarsis.ro\/wp-content\/uploads\/2012\/05\/16-95x95.jpg\" alt=\"\" width=\"95\" height=\"95\" \/><\/a><a href=\"http:\/\/semndecarte.metarsis.ro\/wp-content\/uploads\/2012\/05\/22.jpg\" rel=\"lightbox[6804]\"><img loading=\"lazy\" class=\"alignleft size-thumbnail wp-image-6825\" title=\"Elevii clasei a III-a A \u2013Scoala cu clasele I-VIII nr.2 din Resita, coordonator doamna prof. Elisaveta Vladut\" src=\"http:\/\/semndecarte.metarsis.ro\/wp-content\/uploads\/2012\/05\/22-95x95.jpg\" alt=\"\" width=\"95\" height=\"95\" \/><\/a><a href=\"http:\/\/semndecarte.metarsis.ro\/wp-content\/uploads\/2012\/05\/32.jpg\" rel=\"lightbox[6804]\"><img loading=\"lazy\" class=\"alignleft size-thumbnail wp-image-6826\" title=\"Elevii clasei a III-a A \u2013Scoala cu clasele I-VIII nr.2 din Resita, coordonator doamna prof. Elisaveta Vladut\" src=\"http:\/\/semndecarte.metarsis.ro\/wp-content\/uploads\/2012\/05\/32-95x95.jpg\" alt=\"\" width=\"95\" height=\"95\" \/><\/a><a href=\"http:\/\/semndecarte.metarsis.ro\/wp-content\/uploads\/2012\/05\/61.jpg\" rel=\"lightbox[6804]\"><img loading=\"lazy\" class=\"alignleft size-thumbnail wp-image-6829\" title=\"Radio Re\u015fi\u0163a \u00een ac\u0163iune\" src=\"http:\/\/semndecarte.metarsis.ro\/wp-content\/uploads\/2012\/05\/61-95x95.jpg\" alt=\"\" width=\"95\" height=\"95\" \/><\/a><a href=\"http:\/\/semndecarte.metarsis.ro\/wp-content\/uploads\/2012\/05\/43.jpg\" rel=\"lightbox[6804]\"><img loading=\"lazy\" class=\"alignleft size-thumbnail wp-image-6830\" title=\"Elevii clasei a III-a A \u2013Scoala cu clasele I-VIII nr.2 din Resita, coordonator doamna prof. Elisaveta Vladut\" src=\"http:\/\/semndecarte.metarsis.ro\/wp-content\/uploads\/2012\/05\/43-95x95.jpg\" alt=\"\" width=\"95\" height=\"95\" \/><\/a><a href=\"http:\/\/semndecarte.metarsis.ro\/wp-content\/uploads\/2012\/05\/51.jpg\" rel=\"lightbox[6804]\"><img loading=\"lazy\" class=\"alignleft size-thumbnail wp-image-6828\" title=\"Elevii clasei a III-a A \u2013Scoala cu clasele I-VIII nr.2 din Resita, coordonator doamna prof. Elisaveta Vladut\" src=\"http:\/\/semndecarte.metarsis.ro\/wp-content\/uploads\/2012\/05\/51-95x95.jpg\" alt=\"\" width=\"95\" height=\"95\" \/><\/a><\/p>\n","protected":false},"excerpt":{"rendered":"<p>Miercuri, 9 mai  2012  la libr\u0103ria Semn de Carte, \u00een cadrul proiectului derulat, \u00een parteneriat, de Metarsis- activit\u0103\u0163i \u015fi servicii de cultur\u0103 urban\u0103 \u015fi art\u0103 contemporan\u0103. Radio Romania Re\u015fi\u0163a \u015fi Societatea Rom\u00e2na de Radiodifuziune prin departamentul Teatrul Na\u0163ional Radiofonic pentru Copii,  a avut loc, \u00een premier\u0103 pentru Re\u015fi\u0163a, audi\u0163ia piesei \u201c Alunecand intr-o pruna\u201d de Sanziana Popescu.<\/p>\n","protected":false},"author":1,"featured_media":0,"comment_status":"open","ping_status":"open","sticky":false,"template":"","format":"standard","meta":[],"categories":[7],"tags":[115],"_links":{"self":[{"href":"https:\/\/semndecarte.metarsis.ro\/index.php?rest_route=\/wp\/v2\/posts\/6804"}],"collection":[{"href":"https:\/\/semndecarte.metarsis.ro\/index.php?rest_route=\/wp\/v2\/posts"}],"about":[{"href":"https:\/\/semndecarte.metarsis.ro\/index.php?rest_route=\/wp\/v2\/types\/post"}],"author":[{"embeddable":true,"href":"https:\/\/semndecarte.metarsis.ro\/index.php?rest_route=\/wp\/v2\/users\/1"}],"replies":[{"embeddable":true,"href":"https:\/\/semndecarte.metarsis.ro\/index.php?rest_route=%2Fwp%2Fv2%2Fcomments&post=6804"}],"version-history":[{"count":0,"href":"https:\/\/semndecarte.metarsis.ro\/index.php?rest_route=\/wp\/v2\/posts\/6804\/revisions"}],"wp:attachment":[{"href":"https:\/\/semndecarte.metarsis.ro\/index.php?rest_route=%2Fwp%2Fv2%2Fmedia&parent=6804"}],"wp:term":[{"taxonomy":"category","embeddable":true,"href":"https:\/\/semndecarte.metarsis.ro\/index.php?rest_route=%2Fwp%2Fv2%2Fcategories&post=6804"},{"taxonomy":"post_tag","embeddable":true,"href":"https:\/\/semndecarte.metarsis.ro\/index.php?rest_route=%2Fwp%2Fv2%2Ftags&post=6804"}],"curies":[{"name":"wp","href":"https:\/\/api.w.org\/{rel}","templated":true}]}}