{"id":6802,"date":"2012-05-15T12:46:50","date_gmt":"2012-05-15T10:46:50","guid":{"rendered":"http:\/\/semndecarte.metarsis.ro\/?p=6802"},"modified":"2012-05-15T23:24:11","modified_gmt":"2012-05-15T21:24:11","slug":"ziua-europei-2","status":"publish","type":"post","link":"https:\/\/semndecarte.metarsis.ro\/?p=6802","title":{"rendered":"Ziua Europei"},"content":{"rendered":"<p style=\"text-align: justify;\">Miercuri, 9 mai 2012, la libr\u0103ria Semn de Carte a fost s\u0103rb\u0103torit\u0103 Ziua Europei. Printr-o fericit\u0103 coinciden\u0163\u0103, \u00een curtea libr\u0103riei- sub bolta vi\u0163ei-de-vie abia \u00eenmugurit\u0103, s-au \u00eent\u00e2lnit doua evenimente: o manifestare muzical\u0103 din cadrul \u201cPrim\u0103verii Culturale Germane\u201d organizate de \u00a0Forumul Democratic al Germanilor din Cara\u015f-Severin \u00een perioada 9-14 mai \u015fi lansarea volumui colectiv de versuri ale studen\u0163ilor \u201cViziuni\u201d\u00a0ap\u0103rut sub egida Casei de Cultur\u0103 Studen\u0163e\u015fti din Re\u015fi\u0163a \u00een cadrul \u201cZilelor Studentului\u201d desf\u0103\u015furate \u00eentre 8-12 mai 2012.<!--more--><\/p>\n<p style=\"text-align: justify;\">\u00cent\u00e2lnirea a debutat cu Imnul Europei \u015fi Imnul Rom\u00e2niei \u00een interpretarea corului de femei \u201cFranz St\u00fcrmer\u201d al Forumului Democratic al Germanilor din Cara\u015f- Severin, dirijor Nina Coz\u00e2ltea, a continuat cu lansarea volumului \u201cViziuni\u201d aflat la a treia edi\u0163ie, volum cu o selec\u0163ie de versuri prezentate la Festivalul Na\u0163ional Studen\u0163esc &lt;Ion Chichere&gt;\u201d, a continuat cu un moment muzical sus\u0163inut de prof. George Gassenheimer- vioar\u0103 \u015fi prof. Marcela Asan- pian. Versuri din volumul \u201cViziuni\u201d au fost recitate de autori: Adela P\u00e2rlic\u0103, Silviu-Cristian Bistriceanu, Valeriu-Ionu\u0163 O\u015fvar \u015fi Daniel Popa. Surpiz\u0103 pl\u0103cut\u0103 au fost versurile Marinei Alexandra Stan din Gala\u0163i citite de\u00a0 Erwin-Josef \u0162igla, promoter al culturii germane din\/\u00een Banatul Montan- \u015fi nu numai, pre\u015fedinte al Forumului Democratic al Germanilor din Cara\u015f-Severin, moderator al \u00a0\u00eent\u00e2lnirii al\u0103turi de domni\u015foara Adela-Maria Berbentia, manager general al Casei de Cultur\u0103 Studen\u0163e\u015fti din Re\u015fi\u0163a.<\/p>\n<p style=\"text-align: justify;\">Manifestarea s-a \u00eencheiat \u00een sunetele muzicii corale, distinsele doamne din corul \u201cFranz Sturmer\u201d delect\u00e2nd asisten\u0163a.<\/p>\n<p style=\"text-align: justify;\"><a href=\"http:\/\/semndecarte.metarsis.ro\/wp-content\/uploads\/2012\/05\/18.jpg\" rel=\"lightbox[6802]\"><img loading=\"lazy\" class=\"alignleft size-thumbnail wp-image-6831\" title=\"Erwin Josef \u0162igla, pre\u015fedintele Forumului Democratic al Germanilor din Banatul Montan\" src=\"http:\/\/semndecarte.metarsis.ro\/wp-content\/uploads\/2012\/05\/18-95x95.jpg\" alt=\"\" width=\"95\" height=\"95\" \/><\/a><a href=\"http:\/\/semndecarte.metarsis.ro\/wp-content\/uploads\/2012\/05\/111.jpg\" rel=\"lightbox[6802]\"><img loading=\"lazy\" class=\"alignleft size-thumbnail wp-image-6838\" title=\"Adela Maria Berbentia\" src=\"http:\/\/semndecarte.metarsis.ro\/wp-content\/uploads\/2012\/05\/111-95x95.jpg\" alt=\"\" width=\"95\" height=\"95\" \/><\/a><a href=\"http:\/\/semndecarte.metarsis.ro\/wp-content\/uploads\/2012\/05\/23.jpg\" rel=\"lightbox[6802]\"><img loading=\"lazy\" class=\"alignleft size-thumbnail wp-image-6832\" title=\"\u00cen curtea libr\u0103riei Semn de Carte\" src=\"http:\/\/semndecarte.metarsis.ro\/wp-content\/uploads\/2012\/05\/23-95x95.jpg\" alt=\"\" width=\"95\" height=\"95\" \/><\/a><a href=\"http:\/\/semndecarte.metarsis.ro\/wp-content\/uploads\/2012\/05\/33.jpg\" rel=\"lightbox[6802]\"><img loading=\"lazy\" class=\"alignleft size-thumbnail wp-image-6833\" title=\"Waldemar K\u00f6nig \u015fi so\u0163ia Rela\" src=\"http:\/\/semndecarte.metarsis.ro\/wp-content\/uploads\/2012\/05\/33-95x95.jpg\" alt=\"\" width=\"95\" height=\"95\" \/><\/a><a href=\"http:\/\/semndecarte.metarsis.ro\/wp-content\/uploads\/2012\/05\/62.jpg\" rel=\"lightbox[6802]\"><img loading=\"lazy\" class=\"alignleft size-thumbnail wp-image-6834\" title=\"Corul Franz St\u00fcrmer al Forumului Democratic al Germanilor din Re\u015fi\u0163a\" src=\"http:\/\/semndecarte.metarsis.ro\/wp-content\/uploads\/2012\/05\/62-95x95.jpg\" alt=\"\" width=\"95\" height=\"95\" \/><\/a><a href=\"http:\/\/semndecarte.metarsis.ro\/wp-content\/uploads\/2012\/05\/9.jpg\" rel=\"lightbox[6802]\"><img loading=\"lazy\" class=\"alignleft size-thumbnail wp-image-6836\" title=\"Recit\u0103 Daniel Popa\" src=\"http:\/\/semndecarte.metarsis.ro\/wp-content\/uploads\/2012\/05\/9-95x95.jpg\" alt=\"\" width=\"95\" height=\"95\" \/><\/a><a href=\"http:\/\/semndecarte.metarsis.ro\/wp-content\/uploads\/2012\/05\/101.jpg\" rel=\"lightbox[6802]\"><img loading=\"lazy\" class=\"alignleft size-thumbnail wp-image-6837\" title=\"Recit\u0103 Adela P\u00e2rlic\u0103\" src=\"http:\/\/semndecarte.metarsis.ro\/wp-content\/uploads\/2012\/05\/101-95x95.jpg\" alt=\"\" width=\"95\" height=\"95\" \/><\/a><a href=\"http:\/\/semndecarte.metarsis.ro\/wp-content\/uploads\/2012\/05\/71.jpg\" rel=\"lightbox[6802]\"><img loading=\"lazy\" class=\"alignleft size-thumbnail wp-image-6835\" title=\"Prof. George Gassenheimer\" src=\"http:\/\/semndecarte.metarsis.ro\/wp-content\/uploads\/2012\/05\/71-95x95.jpg\" alt=\"\" width=\"95\" height=\"95\" \/><\/a><a href=\"http:\/\/semndecarte.metarsis.ro\/wp-content\/uploads\/2012\/05\/121.jpg\" rel=\"lightbox[6802]\"><img loading=\"lazy\" class=\"alignleft size-thumbnail wp-image-6839\" title=\"Recit\u0103 Cristian Bisriceanu\" src=\"http:\/\/semndecarte.metarsis.ro\/wp-content\/uploads\/2012\/05\/121-95x95.jpg\" alt=\"\" width=\"95\" height=\"95\" \/><\/a><a href=\"http:\/\/semndecarte.metarsis.ro\/wp-content\/uploads\/2012\/05\/131.jpg\" rel=\"lightbox[6802]\"><img loading=\"lazy\" class=\"alignleft size-thumbnail wp-image-6840\" title=\"R\u0103sun\u0103 Imnul Europei\" src=\"http:\/\/semndecarte.metarsis.ro\/wp-content\/uploads\/2012\/05\/131-95x95.jpg\" alt=\"\" width=\"95\" height=\"95\" \/><\/a><\/p>\n<p><object classid=\"clsid:d27cdb6e-ae6d-11cf-96b8-444553540000\" width=\"260\" height=\"214\" codebase=\"http:\/\/download.macromedia.com\/pub\/shockwave\/cabs\/flash\/swflash.cab#version=6,0,40,0\"><param name=\"loop\" value=\"false\" \/><param name=\"menu\" value=\"false\" \/><param name=\"salign\" value=\"l\" \/><param name=\"src\" value=\"http:\/\/www.youtube.com\/v\/a4q659etCGk&amp;list&amp;rel=0\" \/><param name=\"align\" value=\"left\" \/><embed type=\"application\/x-shockwave-flash\" width=\"260\" height=\"214\" src=\"http:\/\/www.youtube.com\/v\/a4q659etCGk&amp;list&amp;rel=0\" align=\"left\" salign=\"l\" menu=\"false\" loop=\"false\"><\/embed><\/object><br \/>\n<\/p>\n<p><object classid=\"clsid:d27cdb6e-ae6d-11cf-96b8-444553540000\" width=\"260\" height=\"214\" codebase=\"http:\/\/download.macromedia.com\/pub\/shockwave\/cabs\/flash\/swflash.cab#version=6,0,40,0\"><param name=\"loop\" value=\"false\" \/><param name=\"menu\" value=\"false\" \/><param name=\"salign\" value=\"l\" \/><param name=\"src\" value=\"http:\/\/www.youtube.com\/v\/Pv9QLrjtvMI&amp;feature&amp;rel=0\" \/><param name=\"align\" value=\"left\" \/><embed type=\"application\/x-shockwave-flash\" width=\"260\" height=\"214\" src=\"http:\/\/www.youtube.com\/v\/Pv9QLrjtvMI&amp;feature&amp;rel=0\" align=\"left\" salign=\"l\" menu=\"false\" loop=\"false\"><\/embed><\/object><\/p>\n","protected":false},"excerpt":{"rendered":"<p>Miercuri, 9 mai 2012, la libr\u0103ria Semn de Carte a fost s\u0103rb\u0103torit\u0103 Ziua Europei. Printr-o fericit\u0103 coinciden\u0163\u0103, \u00een curtea libr\u0103riei- sub bolta vi\u0163ei-de-vie abia \u00eenmugurit\u0103, s-au \u00eent\u00e2lnit doua evenimente: o manifestare muzical\u0103 din cadrul \u201cPrim\u0103verii Culturale Germane\u201d organizate de  Forumul Democratic al Germanilor din Cara\u015f-Severin \u00een perioada 9-14 mai \u015fi lansarea volumui colectiv de versuri ale studen\u0163ilor \u201cViziuni\u201d ap\u0103rut sub egida Casei de Cultur\u0103 Studen\u0163e\u015fti din Re\u015fi\u0163a \u00een cadrul \u201cZilelor Studentului\u201d desf\u0103\u015furate \u00eentre 8-12 mai 2012.<\/p>\n","protected":false},"author":1,"featured_media":0,"comment_status":"open","ping_status":"open","sticky":false,"template":"","format":"standard","meta":[],"categories":[6,7],"tags":[69,363],"_links":{"self":[{"href":"https:\/\/semndecarte.metarsis.ro\/index.php?rest_route=\/wp\/v2\/posts\/6802"}],"collection":[{"href":"https:\/\/semndecarte.metarsis.ro\/index.php?rest_route=\/wp\/v2\/posts"}],"about":[{"href":"https:\/\/semndecarte.metarsis.ro\/index.php?rest_route=\/wp\/v2\/types\/post"}],"author":[{"embeddable":true,"href":"https:\/\/semndecarte.metarsis.ro\/index.php?rest_route=\/wp\/v2\/users\/1"}],"replies":[{"embeddable":true,"href":"https:\/\/semndecarte.metarsis.ro\/index.php?rest_route=%2Fwp%2Fv2%2Fcomments&post=6802"}],"version-history":[{"count":0,"href":"https:\/\/semndecarte.metarsis.ro\/index.php?rest_route=\/wp\/v2\/posts\/6802\/revisions"}],"wp:attachment":[{"href":"https:\/\/semndecarte.metarsis.ro\/index.php?rest_route=%2Fwp%2Fv2%2Fmedia&parent=6802"}],"wp:term":[{"taxonomy":"category","embeddable":true,"href":"https:\/\/semndecarte.metarsis.ro\/index.php?rest_route=%2Fwp%2Fv2%2Fcategories&post=6802"},{"taxonomy":"post_tag","embeddable":true,"href":"https:\/\/semndecarte.metarsis.ro\/index.php?rest_route=%2Fwp%2Fv2%2Ftags&post=6802"}],"curies":[{"name":"wp","href":"https:\/\/api.w.org\/{rel}","templated":true}]}}