{"id":6785,"date":"2012-05-07T20:26:00","date_gmt":"2012-05-07T18:26:00","guid":{"rendered":"http:\/\/semndecarte.metarsis.ro\/?p=6785"},"modified":"2012-05-14T21:09:05","modified_gmt":"2012-05-14T19:09:05","slug":"cum-se-face-muzica%e2%80%a6-2","status":"publish","type":"post","link":"https:\/\/semndecarte.metarsis.ro\/?p=6785","title":{"rendered":"Cum se face muzica\u2026."},"content":{"rendered":"<p style=\"text-align: justify;\"><strong>Al\u0103murile<\/strong><\/p>\n<p style=\"text-align: justify;\">Al patrulea\u00a0din cea de a doua serie de concerte educative sub genericul\u00a0 \u201cCum se face muzica\u2026\u201d\u00a0 organizate de Filarmonica \u201cBanatul\u201d din Timi\u015foara, organizate la Re\u015fi\u0163a\u00a0\u00een parteneriat cu Metarsis \u2013 activit\u0103\u0163i \u015fi servicii de cultur\u0103 urban\u0103 \u015fi art\u0103 contemporan\u0103 prin libr\u0103ria Semn de Carte,\u00a0Radio Rom\u00e2nia Re\u015fi\u0163a si Universitatea \u201cEftimie Murgu\u201d s-a desf\u0103\u015furat joi, 3 mai 2012. De data aceasta, \u00een Aula Magna a Universitatii\u00a0re\u015fi\u0163ene au sunat instrumentele de suflat din alam\u0103. <!--more-->Istoricul, alc\u0103tuirea \u015fi modul de func\u0163ionare al instrumentelor din familia \u201cal\u0103muri\u201d (brass) au fost prezentate de: Corneliu Meici \u2013 trompet\u0103, Andrei Candrianu \u2013 trompet\u0103, Radu Dr\u0103goiu \u2013 corn, Florin Mergan \u2013 trombon \u015fi \u015etefan S\u0103r\u0103cu\u0163i \u2013 tub\u0103, \u00eentr-un spectacol interactiv moderat de prof. Maria Dragomirescu, impresar al Filarmonicii b\u0103n\u0103\u0163ene. Trompetele, cornul englezesc, trombonul \u015fi tuba au lasat o puternica impresie prin forma lor dar mai ales prin sunetele puternice, solemne, triumfatoare, asupra micutilor spectatori- elevi de la \u015ecoala cu clasele I-VIII nr. 2 \u015fi de la Colegiul Na\u0163ional \u201cTraian Lalescu\u201d. Au ascultat, aten\u0163i, printre altele\u00a0 \u201cMuzica apelor\u201d (G.F.Handel), si \u201cR\u0103zboiul stelelor\u201d (John Williams). dar entuziasmul si bucuria micutilor melomani a ajuns la cote maxim la \u201cPantera roz\u201d (Henry Mancini) unde au aplaudand frenetic. \u201eNe bucur\u0103m foarte mult de faptul c\u0103 la Re\u015fi\u0163a, unde exist\u0103 deja o tradi\u0163ie muzical\u0103 bine statornicit\u0103, se afl\u0103 \u015fi un public t\u00e2n\u0103r pe care sper\u0103m s\u0103-l ajut\u0103m \u00een a se forma, pentru ca \u015fi de acum \u00eencolo s\u0103 se poat\u0103 c\u00e2nta muzica clasic\u0103, cult\u0103 \u00een ora\u015ful de pa Barzava\u201d, a precizat\u00a0 Maria Dragomirescu. \u015ei iat\u0103 cum muzica, vorba lui nenea Iancu\u00a0 (tot suntem in anul Caragiale) \u201c\u2026ne-a g\u00e2dilat \u00een mod pl\u0103cut urechile\u201d \u015fi ne-a uns la suflet.<\/p>\n<p style=\"text-align: justify;\"><a href=\"http:\/\/semndecarte.metarsis.ro\/wp-content\/uploads\/2012\/05\/IMG_5951.jpg\" rel=\"lightbox[6785]\"><img loading=\"lazy\" class=\"alignleft size-thumbnail wp-image-6790\" title=\"Corneliu Meici, Andrei Candrianu \u2013 trompet\u0103\" src=\"http:\/\/semndecarte.metarsis.ro\/wp-content\/uploads\/2012\/05\/IMG_5951-95x95.jpg\" alt=\"\" width=\"95\" height=\"95\" \/><\/a><a href=\"http:\/\/semndecarte.metarsis.ro\/wp-content\/uploads\/2012\/05\/IMG_5965.jpg\" rel=\"lightbox[6785]\"><img loading=\"lazy\" class=\"alignleft size-thumbnail wp-image-6788\" title=\"Radu Dr\u0103goiu \u2013 corn\" src=\"http:\/\/semndecarte.metarsis.ro\/wp-content\/uploads\/2012\/05\/IMG_5965-95x95.jpg\" alt=\"\" width=\"95\" height=\"95\" \/><\/a><a href=\"http:\/\/semndecarte.metarsis.ro\/wp-content\/uploads\/2012\/05\/IMG_5986.jpg\" rel=\"lightbox[6785]\"><img loading=\"lazy\" class=\"alignleft size-thumbnail wp-image-6787\" title=\"Florin Mergan \u2013 trombon\" src=\"http:\/\/semndecarte.metarsis.ro\/wp-content\/uploads\/2012\/05\/IMG_5986-95x95.jpg\" alt=\"\" width=\"95\" height=\"95\" \/><\/a><a href=\"http:\/\/semndecarte.metarsis.ro\/wp-content\/uploads\/2012\/05\/IMG_5964.jpg\" rel=\"lightbox[6785]\"><img loading=\"lazy\" class=\"alignleft size-thumbnail wp-image-6789\" title=\"\u015etefan S\u0103r\u0103cu\u0163i \u2013 tub\u0103\" src=\"http:\/\/semndecarte.metarsis.ro\/wp-content\/uploads\/2012\/05\/IMG_5964-95x95.jpg\" alt=\"\" width=\"95\" height=\"95\" \/><\/a><a href=\"http:\/\/semndecarte.metarsis.ro\/wp-content\/uploads\/2012\/05\/IMG_5983.jpg\" rel=\"lightbox[6785]\"><img loading=\"lazy\" class=\"alignleft size-thumbnail wp-image-6791\" title=\"Concert educativ sub genericul  \u201cCum se face muzica\u2026\u201d\" src=\"http:\/\/semndecarte.metarsis.ro\/wp-content\/uploads\/2012\/05\/IMG_5983-95x95.jpg\" alt=\"\" width=\"95\" height=\"95\" \/><\/a><br \/>\n<object classid=\"clsid:d27cdb6e-ae6d-11cf-96b8-444553540000\" width=\"520\" height=\"428\" codebase=\"http:\/\/download.macromedia.com\/pub\/shockwave\/cabs\/flash\/swflash.cab#version=6,0,40,0\"><param name=\"loop\" value=\"false\" \/><param name=\"menu\" value=\"false\" \/><param name=\"salign\" value=\"l\" \/><param name=\"src\" value=\"http:\/\/www.youtube.com\/v\/oiCD-qIKo8Y&amp;list&amp;REL=0\" \/><param name=\"align\" value=\"left\" \/><embed type=\"application\/x-shockwave-flash\" width=\"520\" height=\"428\" src=\"http:\/\/www.youtube.com\/v\/oiCD-qIKo8Y&amp;list&amp;REL=0\" align=\"left\" salign=\"l\" menu=\"false\" loop=\"false\"><\/embed><\/object><\/p>\n","protected":false},"excerpt":{"rendered":"<p>Al patrulea din cea de a doua serie de concerte educative sub genericul  \u201cCum se face muzica\u2026\u201d  organizate de Filarmonica \u201cBanatul\u201d din Timi\u015foara, organizate la Re\u015fi\u0163a \u00een parteneriat cu Metarsis \u2013 activit\u0103\u0163i \u015fi servicii de cultur\u0103 urban\u0103 \u015fi art\u0103 contemporan\u0103 prin libr\u0103ria Semn de Carte, Radio Rom\u00e2nia Re\u015fi\u0163a si Universitatea \u201cEftimie Murgu\u201d s-a desf\u0103\u015furat joi, 3 mai 2012. De data aceasta, \u00een Aula Magna a Universitatii re\u015fi\u0163ene au sunat instrumentele de suflat din alam\u0103. <\/p>\n","protected":false},"author":1,"featured_media":0,"comment_status":"open","ping_status":"open","sticky":false,"template":"","format":"standard","meta":[],"categories":[6,7],"tags":[308,82],"_links":{"self":[{"href":"https:\/\/semndecarte.metarsis.ro\/index.php?rest_route=\/wp\/v2\/posts\/6785"}],"collection":[{"href":"https:\/\/semndecarte.metarsis.ro\/index.php?rest_route=\/wp\/v2\/posts"}],"about":[{"href":"https:\/\/semndecarte.metarsis.ro\/index.php?rest_route=\/wp\/v2\/types\/post"}],"author":[{"embeddable":true,"href":"https:\/\/semndecarte.metarsis.ro\/index.php?rest_route=\/wp\/v2\/users\/1"}],"replies":[{"embeddable":true,"href":"https:\/\/semndecarte.metarsis.ro\/index.php?rest_route=%2Fwp%2Fv2%2Fcomments&post=6785"}],"version-history":[{"count":0,"href":"https:\/\/semndecarte.metarsis.ro\/index.php?rest_route=\/wp\/v2\/posts\/6785\/revisions"}],"wp:attachment":[{"href":"https:\/\/semndecarte.metarsis.ro\/index.php?rest_route=%2Fwp%2Fv2%2Fmedia&parent=6785"}],"wp:term":[{"taxonomy":"category","embeddable":true,"href":"https:\/\/semndecarte.metarsis.ro\/index.php?rest_route=%2Fwp%2Fv2%2Fcategories&post=6785"},{"taxonomy":"post_tag","embeddable":true,"href":"https:\/\/semndecarte.metarsis.ro\/index.php?rest_route=%2Fwp%2Fv2%2Ftags&post=6785"}],"curies":[{"name":"wp","href":"https:\/\/api.w.org\/{rel}","templated":true}]}}