{"id":6777,"date":"2012-04-26T13:35:51","date_gmt":"2012-04-26T11:35:51","guid":{"rendered":"http:\/\/semndecarte.metarsis.ro\/?p=6777"},"modified":"2012-04-26T13:35:51","modified_gmt":"2012-04-26T11:35:51","slug":"miercurea-istetilor","status":"publish","type":"post","link":"https:\/\/semndecarte.metarsis.ro\/?p=6777","title":{"rendered":"Miercurea iste\u0163ilor."},"content":{"rendered":"<p style=\"text-align: justify;\"><strong>Teartu radiofonic, desene, copii \u015fi arici.<\/strong><\/p>\n<p style=\"text-align: justify;\">Miercuri, 25 aprilie 2012, de la ora 11:00 (trecute fix- pentru c\u0103 suntem \u00een anul Caragiale), dup\u0103 o vacan\u0163\u0103 bine meritat\u0103, am reluat, la libr\u0103ria Semn de Carte din Re\u015fi\u0163a,\u00a0 proiectul ini\u0163iat de Metarsis \u00een colaborare cu Radio Re\u015fi\u0163a Rom\u00e2nia \u015fi Radiodifuziunea Rom\u00e2na prin Departamentul Teatrul Na\u0163ional pentru Copii. <!--more-->\u00cent\u00e2lnirea a prilejuit elevilor clasei a II-a B \u2013 sec\u0163ia cu predare \u00een limba german\u0103- de la Liceul Diaconovici-Tietz (supranumit Bastilia),\u00a0\u00eenso\u0163i\u0163i de doamna profesor pentru \u00eenv\u0103\u0163\u0103m\u00e2nt primar Yvonne Christa Demenyi, contactul cu \u201cDomnul Re Diez \u015fi Domni\u015foara Mi Bemol\u201d, piesa tradus\u0103 \u015fi dramatizat\u0103 de Sanda \u015fi Vasile Socoliuc dup\u0103 nuvela \u00a0cu aceela\u015fi nume a inegalabilului Jules Verne. Frumo\u015fi, aten\u0163i \u015fi curio\u015fi, micu\u0163ii au ascultat piesa de teatru, au desenat personaje \u015fi scene imaginate. Aparte a fost momentul muzical ini\u0163iat de micu\u0163ii \u201cbastilieni\u201d care ne-au \u00eenc\u00e2ntat cu piese muzicale \u00een limba german\u0103. Mascota clasei a II-B, ariciul Max-Josef a fost bucuros s\u0103 se \u00eent\u00e2lneasc\u0103 cu ARIcel ISTE\u0162, mascota libr\u0103riei Semn de Carte. \u015ei, pentru c\u0103 au fost aten\u0163i \u015fi cumin\u0163i, au desenat \u015fi au c\u00e2ntat a\u015fa de frumos, micu\u0163ii au fost, ca de obicei, recompensa\u0163i cu bomboane din partea gazdelor \u015fi semne de carte din partea Radio Re\u015fi\u0163a Rom\u00e2nia. Bucuria \u00eent\u00e2lnirii cu teatrul radiofonic dar, mai ales, cu universul minunat al c\u0103r\u0163ilor tip\u0103rite a fost \u00eemp\u0103rt\u0103\u015fita, de copii \u015fi adul\u0163i, \u00een egal\u0103 \u00a0m\u0103sur\u0103.<\/p>\n<p><a href=\"http:\/\/semndecarte.metarsis.ro\/?p=6565#more-6565\"><em><img loading=\"lazy\" class=\"alignleft\" title=\"voteaza-aici\" src=\"http:\/\/semndecarte.metarsis.ro\/wp-content\/uploads\/2011\/10\/voteaza-aici-desen.jpg\" alt=\"\" width=\"260\" height=\"83\" \/><\/em><\/a><em> <\/em><em>S\u0103pt\u0103m\u00e2nal, pe pagina de internet a libr\u0103riei re\u015fi\u0163ene Semn de Carte\u00a0<a href=\"http:\/\/semndecarte.metarsis.ro\/?p=5719.\" target=\"_blank\"> www.semndecarte.metarsis.ro<\/a> pute\u0163i vota desenele preferate alese pen<\/em><em>tru       a intra \u00een finala     concursului dedicat fiecarei piese de teatru       prezentate \u015fi pus\u0103  \u00een    imagini de c\u0103tre micu\u0163ii ascult\u0103tori,       ierarhiz\u00e2nd lucrarile,     men\u0163ion\u00e2nd, \u00een ordine, numele autorului \u00een       comentariu la articolul ce   con\u0163ine desenele.   La sf\u00e2rsitul       proiectului primii cinci clasa\u0163i vor fi   premia\u0163i.<\/em><\/p>\n<p style=\"text-align: justify;\"><a href=\"http:\/\/semndecarte.metarsis.ro\/wp-content\/uploads\/2012\/04\/15.jpg\" rel=\"lightbox[6777]\"><img loading=\"lazy\" class=\"alignleft size-thumbnail wp-image-6778\" title=\"Clasa a II-a B \u2013 sec\u0163ia cu predare \u00een limba german\u0103- de la Liceul Diaconovici-Tietz (supranumit Bastilia), \u00eenso\u0163i\u0163i de doamna profesor pentru \u00eenv\u0103\u0163\u0103m\u00e2nt primar Yvonne Christa Demenyi\" src=\"http:\/\/semndecarte.metarsis.ro\/wp-content\/uploads\/2012\/04\/15-95x95.jpg\" alt=\"\" width=\"95\" height=\"95\" \/><\/a><a href=\"http:\/\/semndecarte.metarsis.ro\/wp-content\/uploads\/2012\/04\/25.jpg\" rel=\"lightbox[6777]\"><img loading=\"lazy\" class=\"alignleft size-thumbnail wp-image-6779\" title=\"Clasa a II-a B \u2013 sec\u0163ia cu predare \u00een limba german\u0103- de la Liceul Diaconovici-Tietz (supranumit Bastilia), \u00eenso\u0163i\u0163i de doamna profesor pentru \u00eenv\u0103\u0163\u0103m\u00e2nt primar Yvonne Christa Demenyi\" src=\"http:\/\/semndecarte.metarsis.ro\/wp-content\/uploads\/2012\/04\/25-95x95.jpg\" alt=\"\" width=\"95\" height=\"95\" \/><\/a><a href=\"http:\/\/semndecarte.metarsis.ro\/wp-content\/uploads\/2012\/04\/35.jpg\" rel=\"lightbox[6777]\"><img loading=\"lazy\" class=\"alignleft size-thumbnail wp-image-6780\" title=\"Clasa a II-a B \u2013 sec\u0163ia cu predare \u00een limba german\u0103- de la Liceul Diaconovici-Tietz (supranumit Bastilia), \u00eenso\u0163i\u0163i de doamna profesor pentru \u00eenv\u0103\u0163\u0103m\u00e2nt primar Yvonne Christa Demenyi\" src=\"http:\/\/semndecarte.metarsis.ro\/wp-content\/uploads\/2012\/04\/35-95x95.jpg\" alt=\"\" width=\"95\" height=\"95\" \/><\/a><a href=\"http:\/\/semndecarte.metarsis.ro\/wp-content\/uploads\/2012\/04\/45.jpg\" rel=\"lightbox[6777]\"><img loading=\"lazy\" class=\"alignleft size-thumbnail wp-image-6781\" title=\"Clasa a II-a B \u2013 sec\u0163ia cu predare \u00een limba german\u0103- de la Liceul Diaconovici-Tietz (supranumit Bastilia), \u00eenso\u0163i\u0163i de doamna profesor pentru \u00eenv\u0103\u0163\u0103m\u00e2nt primar Yvonne Christa Demenyi\" src=\"http:\/\/semndecarte.metarsis.ro\/wp-content\/uploads\/2012\/04\/45-95x95.jpg\" alt=\"\" width=\"95\" height=\"95\" \/><\/a><a href=\"http:\/\/semndecarte.metarsis.ro\/wp-content\/uploads\/2012\/04\/55.jpg\" rel=\"lightbox[6777]\"><img loading=\"lazy\" class=\"alignleft size-thumbnail wp-image-6782\" title=\"Clasa a II-a B \u2013 sec\u0163ia cu predare \u00een limba german\u0103- de la Liceul Diaconovici-Tietz (supranumit Bastilia), \u00eenso\u0163i\u0163i de doamna profesor pentru \u00eenv\u0103\u0163\u0103m\u00e2nt primar Yvonne Christa Demenyi\" src=\"http:\/\/semndecarte.metarsis.ro\/wp-content\/uploads\/2012\/04\/55-95x95.jpg\" alt=\"\" width=\"95\" height=\"95\" \/><\/a><\/p>\n<p>\n<object style=\"width: 520px; height: 428px;\" classid=\"clsid:d27cdb6e-ae6d-11cf-96b8-444553540000\" width=\"520\" height=\"428\" codebase=\"http:\/\/download.macromedia.com\/pub\/shockwave\/cabs\/flash\/swflash.cab#version=6,0,40,0\"><param name=\"loop\" value=\"false\" \/><param name=\"menu\" value=\"false\" \/><param name=\"salign\" value=\"l\" \/><param name=\"src\" value=\"http:\/\/www.youtube.com\/v\/Ph-ws2ErRGk&amp;rel=0\" \/><param name=\"align\" value=\"left\" \/><embed style=\"width: 520px; height: 428px;\" type=\"application\/x-shockwave-flash\" width=\"520\" height=\"428\" src=\"http:\/\/www.youtube.com\/v\/Ph-ws2ErRGk&amp;rel=0\" align=\"left\" salign=\"l\" menu=\"false\" loop=\"false\"><\/embed><\/object><\/p>\n","protected":false},"excerpt":{"rendered":"<p>Miercuri, 25 aprilie 2012, de la ora 11:00 (trecute fix- pentru c\u0103 suntem \u00een anul Caragiale), dup\u0103 o vacan\u0163\u0103 bine meritat\u0103, am reluat, la libr\u0103ria Semn de Carte din Re\u015fi\u0163a,  proiectul ini\u0163iat de Metarsis \u00een colaborare cu Radio Re\u015fi\u0163a Rom\u00e2nia \u015fi Radiodifuziunea Rom\u00e2na prin Departamentul Teatrul Na\u0163ional pentru Copii. <\/p>\n","protected":false},"author":1,"featured_media":0,"comment_status":"open","ping_status":"open","sticky":false,"template":"","format":"standard","meta":[],"categories":[6,7],"tags":[115],"_links":{"self":[{"href":"https:\/\/semndecarte.metarsis.ro\/index.php?rest_route=\/wp\/v2\/posts\/6777"}],"collection":[{"href":"https:\/\/semndecarte.metarsis.ro\/index.php?rest_route=\/wp\/v2\/posts"}],"about":[{"href":"https:\/\/semndecarte.metarsis.ro\/index.php?rest_route=\/wp\/v2\/types\/post"}],"author":[{"embeddable":true,"href":"https:\/\/semndecarte.metarsis.ro\/index.php?rest_route=\/wp\/v2\/users\/1"}],"replies":[{"embeddable":true,"href":"https:\/\/semndecarte.metarsis.ro\/index.php?rest_route=%2Fwp%2Fv2%2Fcomments&post=6777"}],"version-history":[{"count":0,"href":"https:\/\/semndecarte.metarsis.ro\/index.php?rest_route=\/wp\/v2\/posts\/6777\/revisions"}],"wp:attachment":[{"href":"https:\/\/semndecarte.metarsis.ro\/index.php?rest_route=%2Fwp%2Fv2%2Fmedia&parent=6777"}],"wp:term":[{"taxonomy":"category","embeddable":true,"href":"https:\/\/semndecarte.metarsis.ro\/index.php?rest_route=%2Fwp%2Fv2%2Fcategories&post=6777"},{"taxonomy":"post_tag","embeddable":true,"href":"https:\/\/semndecarte.metarsis.ro\/index.php?rest_route=%2Fwp%2Fv2%2Ftags&post=6777"}],"curies":[{"name":"wp","href":"https:\/\/api.w.org\/{rel}","templated":true}]}}