{"id":6758,"date":"2012-04-23T21:50:54","date_gmt":"2012-04-23T19:50:54","guid":{"rendered":"http:\/\/semndecarte.metarsis.ro\/?p=6758"},"modified":"2012-10-18T16:53:49","modified_gmt":"2012-10-18T14:53:49","slug":"resita-orasul-cu-poeti","status":"publish","type":"post","link":"https:\/\/semndecarte.metarsis.ro\/?p=6758","title":{"rendered":"Re\u015fi\u0163a- Ora\u015ful cu poe\u0163i"},"content":{"rendered":"<p style=\"text-align: justify;\"><strong>Bucolicele.\u00a0 De la Vergilius la Constantin Rupa<\/strong><\/p>\n<p style=\"text-align: justify;\">Un eveniment petrecut joi, 19 aprilie 2012 la libr\u0103ria Semn de Carte din Re\u015fi\u0163a, \u00eencadrat perfect \u00een noul concept \u00a0pe care \u015fi Metarsis- activit\u0103\u0163i \u015fi servicii de cultur\u0103 urban\u0103 \u015fi art\u0103 contemporan\u0103 \u00eencearc\u0103 s\u0103-l \u00a0aduc\u0103 \u00een fa\u0163a concet\u0103\u0163enilor: \u201cslow attitude vs. fast attitude\u201d, o atitudine lini\u015ftit\u0103 versus una agitat\u0103, control asupra existen\u0163ei \u015fi comuniune cu natura versus stress \u015fi vitez\u0103 impuse de societatea consumista. O reg\u0103sire a valorilor fundamentale ale omenirii prin comuniunea cu natura.<!--more-->\u201c\u00cen poezia lui Constantin Rupa sunt elemente care ies din realitatea strict poetic\u0103 sau din avangardismul strict sau tradi\u0163ional \u015fi intr\u0103 \u00een sfera ezoteric\u0103. BUCOLICE exist\u0103 \u00een literatura universal\u0103 \u015fi este a unei c\u0103r\u0163i a lui Vergilius, autor latin binecunoscut, printr-o carte fundamental\u0103 a lumii, care este Eneida. Bucolicele sau alte c\u0103r\u0163i ca Georgicele nu fac parte din c\u0103r\u0163ile fundamentale- \u015fi m\u0103 refer aici la Vergilius- \u015fi totu\u015fi exist\u0103. O lume tipic\u0103 pastoralelor, vie\u0163ii la \u0163ar\u0103, unei anumite linii sau armonii pe care poetul de ast\u0103zi- din 2012- \u00eencearc\u0103 s\u0103 o sugereze sau s\u0103 o evoce\u2026 cu trimitere la nivele deosebite ale realit\u0103\u0163ii. Din punct de vedere literar, sigur, cartea ar putea fi citit\u0103 \u00een cheie avangardist\u0103\u2026 pentru c\u0103 \u015fi primul volum (Obsedat texual-1994- ed. Timpul) \u015fi acesta (Bucolice 2012- ed. Tim) nu intr\u0103 \u00een tradi\u0163ie, iese din ea, se distan\u0163eaz\u0103, rupe ritmul, rupe cuvinte, le face de-a\u015fa natur\u0103 \u00eenc\u00e2t s\u0103 se a\u015feze laolalt\u0103 c\u00e2t mai ciudat, c\u00e2t mai interesant, lucru care convine de minune avangardei. Cu, iara\u015fi, precizarea c\u0103 avangarda are o finalitate distructiv\u0103, \u00een timp ce Constantin Rupa pare s\u0103 nu o aibe neap\u0103rat ci s\u0103 construiasc\u0103 un alt tip de realitate. Am putea s\u0103 credem c\u0103 este un fel de suprarealism care \u0163ine de avangardism \u015fi de curentul suprarealist \u00een care, diverse combina\u0163ii \u00eentre real, suprareal, ezoterism, biblie, \u015fi folclor dau acest rezultat\u2026. Autorul este, desigur, autorul poeziilor dar \u015fi al unor desene pe care am preferat s\u0103 le ascundem ca s\u0103 fim \u00een ton cu cartea, pentru c\u0103 \u015fi cartea aceasta, ca orice carte mare, are ni\u015fte mistere ale ei\u2026 \u015fi cititorul trebuie s\u0103 aibe curajul s\u0103 insiste asupra ei pentru a o \u00een\u0163elege deplin. Suntem \u00een fa\u0163a unui autor foarte important \u015fi foarte original, un &lt;poet-fenomen&gt;\u201d a subliniat criticul \u015fi editorul volumului Gheorghe Jurma, moderatorul lans\u0103rii volumului Bucolice semnat Constantin Rupa.<\/p>\n<p style=\"text-align: justify;\">\u201cAre o profunzime \u015fi o expresivitate cum numai prin cultur\u0103 se pot asimila\u2026 Universul emo\u0163ional aparte \u00eel duce pe Constantin Rupa aproape de Ioan S. Pop iar sintaxa \u00eel apropie de Virgil Mazilescu. Este original, are for\u0163a de a ne transpune \u00eentr-un univers al satului aparte, de o profunzime extraordinar\u0103. Poet al discursului, cu spirit postmodern, ludic, autoironic. Ne afl\u0103m \u00een fa\u0163a unei c\u0103r\u0163i-eveniment care trebuie apreciat\u0103 ca atare\u2026 o carte important\u0103, o carte-reper, a\u015fa cum \u015fi \u201cObsedat textual\u201d \u2013 la vremea ei a fost un reper pentru noua poezie scris\u0103 \u00een Banatul de Munte\u201d. Aceasta este doar o parte din discursul poetului Nicolae S\u00e2rbu despre volumul lui Constantin Rupa.<\/p>\n<p style=\"text-align: justify;\">\u201cCitind atent versurile ai tot timpul sentimentul c\u0103 tr\u0103ie\u015fti \u00eentr-o lume rarefiat\u0103, \u00eentr-o lume care este &lt;de dup\u0103&gt; ce s-a \u00eent\u00e2mplat totul, o lume care este, cumva, de dup\u0103 moarte, din cealalt\u0103 lume, dintr-o lume mai bun\u0103\u2026 Poemele \u015focheaz\u0103 printr-o calitate excep\u0163ional\u0103 a limbajului, printr-o prospe\u0163ime deosebit\u0103 a metaforei \u015fi printr-o stranietate de tr\u0103ire care te absorb, toate, \u015fi te fac s\u0103 traie\u015fti \u00een interiorul unui lucru pe care-l recuno\u015fti ca fiind real\u0103 poezie. Un volum extrem de binevenit \u00een biblioteca oric\u0103rui iubitor de poezie\u2026\u201d este de parere Gheorghe Zincescu- poet re\u015fi\u0163ean.<\/p>\n<p style=\"text-align: justify;\">Jurnalistul Matei Mircioane: \u201cAceast\u0103 carte e un obiect artistic \u015fi pentru paginile desenate&#8230; \u00eel \u015ftiu ca poet dar nu-l \u015ftiam a\u015fa bun desenator. Chiar are m\u00e2n\u0103 bun\u0103, nu \u015ftiu de ce s-a ascuns p\u00e2n\u0103 acum. E un grafician; are peni\u0163\u0103&#8230; imaginile recreaz\u0103 o lume, imposibil\u0103 \u015fi chiar poetic\u0103. Pe mine m-a surprins la acest dublu personaj Constantin Rupa- Radu Cern\u0103tescu faptul ca el, ca artist este \u015fi autoironic \u015fi juc\u0103u\u015f \u015fi, uneori, postmodern \u015fi eretic.\u201d<\/p>\n<p style=\"text-align: justify;\">Constantin Rupa autorul BUCOLICELOR: \u201cDimensiunea hermeneutic\u0103 vis a vis de Vergiliu: De ce BUCOLICE? Intr-adevar trimite la Vergilius, dar la un Vergilius altfel \u015ftiut. Bucolicele lui Vergilius, mai exact Eclogae vel bucolica, un autor din sec. I \u00eenainte de Hristos care, c\u00e2ndva, are ni\u015fte viziuni premonitorii iar patristica l-a numit &lt;unul dintre noi-cre\u015ftini&gt;. Aceast\u0103 dimensiune este mult mai profund\u0103. Ceea ce ne propune Vergilius nu este o via\u0163\u0103 la \u0163ar\u0103, campestr\u0103, edulcolat\u0103. Se spune c\u0103 era un manifest de a chema veteranii s\u0103 locuiasc\u0103 la \u0163ar\u0103, \u00eentr-o zon\u0103 nepopulat\u0103 sau depopulat\u0103 \u015fi de a se \u00eentoarce la via\u0163a agricol\u0103, la natur\u0103, la via\u0163\u0103 la \u0163ar\u0103, de a avea agricultori \u00een Imperiu. Nu e numai at\u00e2t. Ceea ce propune Vergilius este mult mai profund. Este o filosofie a micilor mistere care ne arat\u0103 c\u0103 \u00een natur\u0103 vie\u0163uie\u015fte Divinitatea. Natura e Divinitate. Prin aceast\u0103 mare armonie pe care o g\u0103se\u015fti \u00een natur\u0103 g\u0103se\u015fsti Divinitatea.. \u00cen micile mistere ajungeai s\u0103 te cunosti pe tine. NOSCE TE IPSUM; GHOTHI SEAUTON cum spuneau grecii, te vei cunoa\u015fte pe tine \u00eensu\u0163i privind \u00een aceast\u0103 oglind\u0103 care este natura. Din aceast\u0103 filozofie a reg\u0103sirii de sine se aunge la o filozofie a autorului aici de fa\u0163\u0103. A g\u0103si natura, satul, ca pe o lume interioar\u0103 este ceea ce v\u0103 propun. De aceea toposul, sau locul, sau satul care nu apare pe vreo harta este un loc interior\u2026 A te g\u0103si pe tine \u00eensu\u0163i este ideea cu care s-a pornit aceasta carte\u2026 Natura interioar\u0103 este propunerea acestor texte\u2026 Te po\u0163i reg\u0103si pe tine \u00een fa\u0163a naturii cu condi\u0163ia s\u0103 te cau\u0163i pe tine\u2026 Micile bucurii pot fi asumate \u00een interior\u2026 Orice c\u0103l\u0103torie ini\u0163iatic\u0103 sau nu poate duce c\u0103tre sine, c\u0103tre o interioritate care este mult mai mare dec\u00e2t orice aspect exterior al omului. V\u0103 mul\u0163umesc\u201d au fost cuvintele rostite, simplu, de autorul Bucolicelor 2012 &#8211; Constantin Rupa.<\/p>\n<p style=\"text-align: justify;\"><a href=\"http:\/\/semndecarte.metarsis.ro\/wp-content\/uploads\/2012\/04\/Bucolicele_0002.jpg\" rel=\"lightbox[6758]\"><img loading=\"lazy\" class=\"alignleft size-thumbnail wp-image-6759\" title=\"Lansarea volumului \u201cBucolicele\u201d de Constantin Rupa, ap\u0103rut la editura re\u015fi\u0163ean\u0103 TIM\" src=\"http:\/\/semndecarte.metarsis.ro\/wp-content\/uploads\/2012\/04\/Bucolicele_0002-95x95.jpg\" alt=\"\" width=\"95\" height=\"95\" \/><\/a><a href=\"http:\/\/semndecarte.metarsis.ro\/wp-content\/uploads\/2012\/04\/Bucolicele_0007.jpg\" rel=\"lightbox[6758]\"><img loading=\"lazy\" class=\"alignleft size-thumbnail wp-image-6760\" title=\"Lansarea volumului \u201cBucolicele\u201d de Constantin Rupa, ap\u0103rut la editura re\u015fi\u0163ean\u0103 TIM\" src=\"http:\/\/semndecarte.metarsis.ro\/wp-content\/uploads\/2012\/04\/Bucolicele_0007-95x95.jpg\" alt=\"\" width=\"95\" height=\"95\" \/><\/a><a href=\"http:\/\/semndecarte.metarsis.ro\/wp-content\/uploads\/2012\/04\/Bucolicele_0014.jpg\" rel=\"lightbox[6758]\"><img loading=\"lazy\" class=\"alignleft size-thumbnail wp-image-6761\" title=\"Nicolae Sarbu, Gheorghe Jurma si Constantin Rupa\" src=\"http:\/\/semndecarte.metarsis.ro\/wp-content\/uploads\/2012\/04\/Bucolicele_0014-95x95.jpg\" alt=\"\" width=\"95\" height=\"95\" \/><\/a><a href=\"http:\/\/semndecarte.metarsis.ro\/wp-content\/uploads\/2012\/04\/Bucolicele_0034.jpg\" rel=\"lightbox[6758]\"><img loading=\"lazy\" class=\"alignleft size-thumbnail wp-image-6768\" title=\"Constantin Rupa\" src=\"http:\/\/semndecarte.metarsis.ro\/wp-content\/uploads\/2012\/04\/Bucolicele_0034-95x95.jpg\" alt=\"\" width=\"95\" height=\"95\" \/><\/a><a href=\"http:\/\/semndecarte.metarsis.ro\/wp-content\/uploads\/2012\/04\/Bucolicele_0018.jpg\" rel=\"lightbox[6758]\"><img loading=\"lazy\" class=\"alignleft size-thumbnail wp-image-6762\" title=\"Elena Rupa\" src=\"http:\/\/semndecarte.metarsis.ro\/wp-content\/uploads\/2012\/04\/Bucolicele_0018-95x95.jpg\" alt=\"\" width=\"95\" height=\"95\" \/><\/a><a href=\"http:\/\/semndecarte.metarsis.ro\/wp-content\/uploads\/2012\/04\/Bucolicele_0072.jpg\" rel=\"lightbox[6758]\"><img loading=\"lazy\" class=\"alignleft size-thumbnail wp-image-6763\" title=\"Sesiune de autografe\" src=\"http:\/\/semndecarte.metarsis.ro\/wp-content\/uploads\/2012\/04\/Bucolicele_0072-95x95.jpg\" alt=\"\" width=\"95\" height=\"95\" \/><\/a><a href=\"http:\/\/semndecarte.metarsis.ro\/wp-content\/uploads\/2012\/04\/Bucolicele_0065.jpg\" rel=\"lightbox[6758]\"><img loading=\"lazy\" class=\"alignleft size-thumbnail wp-image-6769\" title=\"Sesiune de autografe\" src=\"http:\/\/semndecarte.metarsis.ro\/wp-content\/uploads\/2012\/04\/Bucolicele_0065-95x95.jpg\" alt=\"\" width=\"95\" height=\"95\" \/><\/a><a href=\"http:\/\/semndecarte.metarsis.ro\/wp-content\/uploads\/2012\/04\/DSCN0047.jpg\" rel=\"lightbox[6758]\"><img loading=\"lazy\" class=\"alignleft size-thumbnail wp-image-6764\" title=\"Lansarea volumului \u201cBucolicele\u201d de Constantin Rupa, ap\u0103rut la editura re\u015fi\u0163ean\u0103 TIM\" src=\"http:\/\/semndecarte.metarsis.ro\/wp-content\/uploads\/2012\/04\/DSCN0047-95x95.jpg\" alt=\"\" width=\"95\" height=\"95\" \/><\/a><a href=\"http:\/\/semndecarte.metarsis.ro\/wp-content\/uploads\/2012\/04\/DSCN9987.jpg\" rel=\"lightbox[6758]\"><img loading=\"lazy\" class=\"alignleft size-thumbnail wp-image-6767\" title=\"Matei Mircioane si Gheorghe Zincescu\" src=\"http:\/\/semndecarte.metarsis.ro\/wp-content\/uploads\/2012\/04\/DSCN9987-95x95.jpg\" alt=\"\" width=\"95\" height=\"95\" \/><\/a><a href=\"http:\/\/semndecarte.metarsis.ro\/wp-content\/uploads\/2012\/04\/DSCN9937.jpg\" rel=\"lightbox[6758]\"><img loading=\"lazy\" class=\"alignleft size-thumbnail wp-image-6765\" title=\"Lansarea volumului \u201cBucolicele\u201d de Constantin Rupa, ap\u0103rut la editura re\u015fi\u0163ean\u0103 TIM\" src=\"http:\/\/semndecarte.metarsis.ro\/wp-content\/uploads\/2012\/04\/DSCN9937-95x95.jpg\" alt=\"\" width=\"95\" height=\"95\" \/><\/a><br \/>\n<object style=\"width: 260px; height: 214px;\" width=\"260\" height=\"214\" classid=\"clsid:d27cdb6e-ae6d-11cf-96b8-444553540000\" codebase=\"http:\/\/download.macromedia.com\/pub\/shockwave\/cabs\/flash\/swflash.cab#version=6,0,40,0\" align=\"left\"><param name=\"loop\" value=\"false\" \/><param name=\"menu\" value=\"false\" \/><param name=\"salign\" value=\"l\" \/><param name=\"src\" value=\"http:\/\/www.youtube.com\/v\/SWT0RF-_slY&amp;rel\" \/><embed style=\"width: 260px; height: 214px;\" width=\"260\" height=\"214\" type=\"application\/x-shockwave-flash\" src=\"http:\/\/www.youtube.com\/v\/SWT0RF-_slY&amp;rel\" loop=\"false\" menu=\"false\" salign=\"l\" align=\"left\" \/><\/object><br \/>\n<object style=\"width: 260px; height: 214px;\" width=\"260\" height=\"214\" classid=\"clsid:d27cdb6e-ae6d-11cf-96b8-444553540000\" codebase=\"http:\/\/download.macromedia.com\/pub\/shockwave\/cabs\/flash\/swflash.cab#version=6,0,40,0\" align=\"left\"><param name=\"loop\" value=\"false\" \/><param name=\"menu\" value=\"false\" \/><param name=\"salign\" value=\"l\" \/><param name=\"src\" value=\"http:\/\/www.youtube.com\/v\/EGhwKaEAUa4&amp;rel\" \/><embed style=\"width: 260px; height: 214px;\" width=\"260\" height=\"214\" type=\"application\/x-shockwave-flash\" src=\"http:\/\/www.youtube.com\/v\/EGhwKaEAUa4&amp;rel\" loop=\"false\" menu=\"false\" salign=\"l\" align=\"left\" \/><\/object><\/p>\n","protected":false},"excerpt":{"rendered":"<p>Un eveniment petrecut joi, 19 aprilie 2012 la libr\u0103ria Semn de Carte din Re\u015fi\u0163a, \u00eencadrat perfect \u00een noul concept  pe care \u015fi Metarsis- activit\u0103\u0163i \u015fi servicii de cultur\u0103 urban\u0103 \u015fi art\u0103 contemporan\u0103 \u00eencearc\u0103 s\u0103-l  aduc\u0103 \u00een fa\u0163a concet\u0103\u0163enilor: \u201cslow attitude vs. fast attitude\u201d, o atitudine lini\u015ftit\u0103 versus una agitat\u0103, control asupra existen\u0163ei \u015fi comuniune cu natura versus stress \u015fi vitez\u0103 impuse de societatea consumista. O reg\u0103sire a valorilor fundamentale ale omenirii prin comuniunea cu natura.<\/p>\n","protected":false},"author":1,"featured_media":0,"comment_status":"open","ping_status":"open","sticky":false,"template":"","format":"standard","meta":[],"categories":[6,7],"tags":[69,90],"_links":{"self":[{"href":"https:\/\/semndecarte.metarsis.ro\/index.php?rest_route=\/wp\/v2\/posts\/6758"}],"collection":[{"href":"https:\/\/semndecarte.metarsis.ro\/index.php?rest_route=\/wp\/v2\/posts"}],"about":[{"href":"https:\/\/semndecarte.metarsis.ro\/index.php?rest_route=\/wp\/v2\/types\/post"}],"author":[{"embeddable":true,"href":"https:\/\/semndecarte.metarsis.ro\/index.php?rest_route=\/wp\/v2\/users\/1"}],"replies":[{"embeddable":true,"href":"https:\/\/semndecarte.metarsis.ro\/index.php?rest_route=%2Fwp%2Fv2%2Fcomments&post=6758"}],"version-history":[{"count":0,"href":"https:\/\/semndecarte.metarsis.ro\/index.php?rest_route=\/wp\/v2\/posts\/6758\/revisions"}],"wp:attachment":[{"href":"https:\/\/semndecarte.metarsis.ro\/index.php?rest_route=%2Fwp%2Fv2%2Fmedia&parent=6758"}],"wp:term":[{"taxonomy":"category","embeddable":true,"href":"https:\/\/semndecarte.metarsis.ro\/index.php?rest_route=%2Fwp%2Fv2%2Fcategories&post=6758"},{"taxonomy":"post_tag","embeddable":true,"href":"https:\/\/semndecarte.metarsis.ro\/index.php?rest_route=%2Fwp%2Fv2%2Ftags&post=6758"}],"curies":[{"name":"wp","href":"https:\/\/api.w.org\/{rel}","templated":true}]}}