{"id":6751,"date":"2012-04-20T12:08:17","date_gmt":"2012-04-20T10:08:17","guid":{"rendered":"http:\/\/semndecarte.metarsis.ro\/?p=6751"},"modified":"2012-04-20T12:08:17","modified_gmt":"2012-04-20T10:08:17","slug":"muntii-retezat","status":"publish","type":"post","link":"https:\/\/semndecarte.metarsis.ro\/?p=6751","title":{"rendered":"MUN\u0162II RETEZAT"},"content":{"rendered":"<p><strong>MUN\u0162II RETEZAT\u00a0(Retezatul Central), Marius Terchil\u0103<\/strong><\/p>\n<p style=\"text-align: justify;\">Mar\u0163i, 17 aprilie 2012, la libr\u0103ria Semn de Carte din Re\u015fi\u0163a a avut loc, \u00een prezen\u0163a autorului, lansarea edi\u0163iei a II-a a volumui MUN\u0162II RETEZAT\u00a0(Retezatul Central), lucrare ap\u0103rut\u0103 sub semn\u0103tura profesorului timi\u015forean Marius Terchil\u0103. <!--more-->Parte a Colec\u0163iei \u201cPe c\u0103r\u0103ri de munte\u201d volumul cuprinde, pe l\u00e2ng\u0103 rigoarea\u00a0 descrierii- proprie ghidurilor turistice, trasee parcurse pas cu pas, date geografice, faun\u0103 \u015fi flor\u0103, date istorice, toate \u00eembinate cu farmecul povestirii, profesorul Marius Terchila- acest \u201cturist neobosit\u201d dupa cum \u00eel define\u015fte lector dr. Mircea Ardelean (Universitatea de Vest Timi\u015foara) \u00een prefa\u0163a volumului. Lansat, nu \u00eent\u00e2mpl\u0103tor, \u00een S\u0103pt\u0103m\u00e2na Luminat\u0103, volumul semnat Marius Terchila se muleaz\u0103 excelent pe propunerea libr\u0103riei Semn de Carte:\u00a0 s\u0103 st\u0103m un moment \u015fi s\u0103 ne g\u00e2ndim la noua tendin\u0163\u0103 \u201eslow attitude\u201d vs. \u201cfast attitude\u201d. O atitudine lini\u015ftit\u0103 versus una agitat\u0103, o re\u00eentoarcere la valorile existen\u0163iale ale fiin\u0163ei umane, la micile pl\u0103ceri\u00a0ale vie\u0163ii simple, la comuniunea cu natura\u00a0 versus agitatia, stresul si nebunia generate in societatea modern\u0103 consumist\u0103. Excelent\u0103 \u015fi perfect acordat\u0103 cu atitudinea &#8222;slow&#8221;, dup\u0103 prezentarea volumului sus\u0163inut\u0103 de autor, a fost \u015fi proiec\u0163ia de diapozitive realizate de Marius Terchil\u0103 \u00een Retezat\u00a0\u00een ceain\u0103ria librariei Semn de Carte. \u015ei nu putea nimeni s\u0103 o fac\u0103 mai bine ca profesorul de limba rom\u00e2n\u0103, cel mai longeviv realizator de emisiuni radiofonice turistice din Romania, mai exact la Radio Rom\u00e2nia Re\u015fi\u0163a, promoterul turistic, \u00eendr\u0103gostitul de munte- Marius\u00a0 Terchil\u0103. \u015ei, ca orice lucru f\u0103cut cu dragoste \u015fi pasiune, prezentarea, \u00eembinat\u0103 perfect cu scurte citate\u00a0 apar\u0163in\u00e2nd clasicilor rom\u00e2ni dintre care \u00eei amintim pe Macedonschi \u015fi Eminescu, \u00eempreuna cu\u00a0 lansarea noii edi\u0163ii a volumului MUN\u0162II RETEZAT, Retezatul\u00a0 Central sub semn\u0103tura Marius Terchila au fost dovada vie a motto-ului inspirat ales \u201cDac\u0103 vre\u0163i s\u0103 vede\u0163i o parte de Rai, veni\u0163i \u00een Retezat\u201d.<\/p>\n<p style=\"text-align: justify;\"><a href=\"http:\/\/semndecarte.metarsis.ro\/wp-content\/uploads\/2012\/04\/IMG_1406.jpg\" rel=\"lightbox[6751]\"><img loading=\"lazy\" class=\"alignleft size-thumbnail wp-image-6752\" title=\"Pe c\u0103r\u0103ri de munte cu prof. Marius Terchil\u0103\" src=\"http:\/\/semndecarte.metarsis.ro\/wp-content\/uploads\/2012\/04\/IMG_1406-95x95.jpg\" alt=\"\" width=\"95\" height=\"95\" \/><\/a><a href=\"http:\/\/semndecarte.metarsis.ro\/wp-content\/uploads\/2012\/04\/IMG_1414.jpg\" rel=\"lightbox[6751]\"><img loading=\"lazy\" class=\"alignleft size-thumbnail wp-image-6754\" title=\"Pe c\u0103r\u0103ri de munte cu prof. Marius Terchil\u0103\" src=\"http:\/\/semndecarte.metarsis.ro\/wp-content\/uploads\/2012\/04\/IMG_1414-95x95.jpg\" alt=\"\" width=\"95\" height=\"95\" \/><\/a><a href=\"http:\/\/semndecarte.metarsis.ro\/wp-content\/uploads\/2012\/04\/IMG_1416.jpg\" rel=\"lightbox[6751]\"><img loading=\"lazy\" class=\"alignleft size-thumbnail wp-image-6755\" title=\"Pe c\u0103r\u0103ri de munte cu prof. Marius Terchil\u0103\" src=\"http:\/\/semndecarte.metarsis.ro\/wp-content\/uploads\/2012\/04\/IMG_1416-95x95.jpg\" alt=\"\" width=\"95\" height=\"95\" \/><\/a><a href=\"http:\/\/semndecarte.metarsis.ro\/wp-content\/uploads\/2012\/04\/IMG_1425.jpg\" rel=\"lightbox[6751]\"><img loading=\"lazy\" class=\"alignleft size-thumbnail wp-image-6756\" title=\"Pe c\u0103r\u0103ri de munte cu prof. Marius Terchil\u0103\" src=\"http:\/\/semndecarte.metarsis.ro\/wp-content\/uploads\/2012\/04\/IMG_1425-95x95.jpg\" alt=\"\" width=\"95\" height=\"95\" \/><\/a><a href=\"http:\/\/semndecarte.metarsis.ro\/wp-content\/uploads\/2012\/04\/IMG_1408.jpg\" rel=\"lightbox[6751]\"><img loading=\"lazy\" class=\"alignleft size-thumbnail wp-image-6753\" title=\"Pe c\u0103r\u0103ri de munte cu prof. Marius Terchil\u0103\" src=\"http:\/\/semndecarte.metarsis.ro\/wp-content\/uploads\/2012\/04\/IMG_1408-95x95.jpg\" alt=\"\" width=\"95\" height=\"95\" \/><\/a><\/p>\n<p style=\"text-align: justify;\">\n<object classid=\"clsid:d27cdb6e-ae6d-11cf-96b8-444553540000\" width=\"520\" height=\"428\" codebase=\"http:\/\/download.macromedia.com\/pub\/shockwave\/cabs\/flash\/swflash.cab#version=6,0,40,0\"><param name=\"loop\" value=\"false\" \/><param name=\"salign\" value=\"l\" \/><param name=\"src\" value=\"http:\/\/www.youtube.com\/v\/BrIW05x5aqA&amp;rel=0\" \/><param name=\"align\" value=\"left\" \/><embed type=\"application\/x-shockwave-flash\" width=\"520\" height=\"428\" src=\"http:\/\/www.youtube.com\/v\/BrIW05x5aqA&amp;rel=0\" align=\"left\" salign=\"l\" loop=\"false\"><\/embed><\/object><\/p>\n","protected":false},"excerpt":{"rendered":"<p>Mar\u0163i, 17 aprilie 2012, la libr\u0103ria Semn de Carte din Re\u015fi\u0163a a avut loc, \u00een prezen\u0163a autorului, lansarea edi\u0163iei a II-a a volumui MUN\u0162II RETEZAT (Retezatul Central), lucrare ap\u0103rut\u0103 sub semn\u0103tura profesorului timi\u015forean Marius Terchil\u0103. <\/p>\n","protected":false},"author":1,"featured_media":0,"comment_status":"open","ping_status":"open","sticky":false,"template":"","format":"standard","meta":[],"categories":[6,7],"tags":[69,309],"_links":{"self":[{"href":"https:\/\/semndecarte.metarsis.ro\/index.php?rest_route=\/wp\/v2\/posts\/6751"}],"collection":[{"href":"https:\/\/semndecarte.metarsis.ro\/index.php?rest_route=\/wp\/v2\/posts"}],"about":[{"href":"https:\/\/semndecarte.metarsis.ro\/index.php?rest_route=\/wp\/v2\/types\/post"}],"author":[{"embeddable":true,"href":"https:\/\/semndecarte.metarsis.ro\/index.php?rest_route=\/wp\/v2\/users\/1"}],"replies":[{"embeddable":true,"href":"https:\/\/semndecarte.metarsis.ro\/index.php?rest_route=%2Fwp%2Fv2%2Fcomments&post=6751"}],"version-history":[{"count":0,"href":"https:\/\/semndecarte.metarsis.ro\/index.php?rest_route=\/wp\/v2\/posts\/6751\/revisions"}],"wp:attachment":[{"href":"https:\/\/semndecarte.metarsis.ro\/index.php?rest_route=%2Fwp%2Fv2%2Fmedia&parent=6751"}],"wp:term":[{"taxonomy":"category","embeddable":true,"href":"https:\/\/semndecarte.metarsis.ro\/index.php?rest_route=%2Fwp%2Fv2%2Fcategories&post=6751"},{"taxonomy":"post_tag","embeddable":true,"href":"https:\/\/semndecarte.metarsis.ro\/index.php?rest_route=%2Fwp%2Fv2%2Ftags&post=6751"}],"curies":[{"name":"wp","href":"https:\/\/api.w.org\/{rel}","templated":true}]}}