{"id":6716,"date":"2012-04-13T10:40:45","date_gmt":"2012-04-13T08:40:45","guid":{"rendered":"http:\/\/semndecarte.metarsis.ro\/?p=6716"},"modified":"2012-04-15T19:09:41","modified_gmt":"2012-04-15T17:09:41","slug":"anton-breitenhofer","status":"publish","type":"post","link":"https:\/\/semndecarte.metarsis.ro\/?p=6716","title":{"rendered":"Anton Breitenhofer"},"content":{"rendered":"<p style=\"text-align: justify;\">La  Libr\u0103ria Semn de carte din Re\u015fi\u0163a,a fost  evocat ieri (10 aprilie 2012) scriitorul \u015fi ziaristul re\u015fi\u0163ean Anton Breitenhofer.  Evenimentul a fost dedicat redescoperirii unui scriitor, pe nedrept  r\u0103mas \u00eentr-un con de umbr\u0103, despre care s-a spus c\u0103 \u00een romanele \u015fi  reportajele sale a creat o fresc\u0103 extrem de sugestiv\u0103 a Re\u015fi\u0163ei  muncitore\u015fti.<!--more--><\/p>\n<p style=\"text-align: justify;\">Scriitoarea  Edith-Guip Cobilanschi, din Timi\u015foara, a prezentat pe larg unul dintre  romanele lui Breitenhofer, \u201e\u00cen c\u00e2rca lumii\u201d, a c\u0103rui ac\u0163iune se petrece  la Re\u015fi\u0163a \u015fi a subliniat capacitatea autorului de a crea personaje vii  \u015fi complexe. Criticul Gheorghe Jurma a afirmat: \u201ePosibil ca Anton  Breitenhofer s\u0103 nu fie un foarte mare scriitor, \u00eens\u0103, este, cu  siguran\u0163\u0103, unul dintre scriitorii remarcabili ai Banatului \u015fi unul  dintre importan\u0163ii scriitori pentru care ora\u015ful Re\u015fi\u0163a este centrul  universului literar\u201d.<\/p>\n<p style=\"text-align: justify;\">Poetul \u015fi prozatorul Nicolae S\u00e2rbu, a spus c\u0103 l-a cunoscut pe Anton  Breitenhofer, \u00een anii \u201970, c\u00e2nd acesta era stabilit la Bucure\u015fti, \u00eens\u0103  venea adesea \u00een vizite de documentare la Re\u015fi\u0163a. \u201e\u00cemi pare r\u0103u c\u0103 nu  i-am dat mai mult\u0103 aten\u0163ie. \u00centre mine \u015fi el a existat o barier\u0103  lingvistic\u0103, el scria aproape exclusiv \u00een german\u0103, iar eu nu cunosc  germana. I-am citit acum, \u00een traducere, dou\u0103 dintre romane, \u201ePrea t\u00e2rziu  pentru Marilena\u201d \u015fi \u201ePe culmile Semenicului\u201d. E adev\u0103rat c\u0103 \u015fi  Breitenhofer a dat un tribut vremurilor \u00een care tr\u0103ia, mai ales c\u0103, dup\u0103  r\u0103zboi, a fost \u015fi un activist politic \u00een Partidul Comunist. Dar, pot s\u0103  afirm, c\u0103, f\u0103r\u0103 \u00eendoial\u0103, Breitenhofer nu a fost un scriitor  proletcultist, el a creat personaje remarcabile, \u015fi a recreat cu  m\u0103iestrie literar\u0103 acea atmosfer\u0103 a Re\u015fi\u0163ei industriale, dintre cele  dou\u0103 r\u0103zboaie mondiale\u201d, a spus S\u00e2rbu.<\/p>\n<p style=\"text-align: justify;\">Anton  Breitenhofer s-a n\u0103scut la Re\u015fi\u0163a, \u00een 10 aprilie 1912, \u015fi a fost, timp  de 20 de ani, redactorul \u015fef al cotidianului de limb\u0103 german\u0103 \u201eNeuer  Weg\u201d. A publicat 14 romane, majoritatea dintre ale av\u00e2nd subiecte legate  de Re\u015fi\u0163a. A murit la Bucure\u015fti, \u00een 20 decembrie 1989. Trupul s\u0103u  ne\u00eensufle\u0163it a fost \u00eenhumat la Re\u015fi\u0163a, \u00een cimitirul nr. 3, din cartierul  Muncitoresc.<\/p>\n<p style=\"text-align: justify;\">La evenimentul de la Semn de carte, au fost prezen\u0163i \u015fi membri ai  familiei Breitnhofer, invita\u0163i s\u0103 participe la aniversarea a 100 de ani  de la na\u015fterea scriitorului. Manifestarea a fost realizat\u0103 cu sprijinul  lui Erwin Josef \u0162igla, pre\u015fedintele Forumului Democratic German din  Cara\u015f-Severin, bibliotecar la Biblioteca German\u0103 \u201eAlexander Tietz\u201d din  Re\u015fi\u0163a. <em>(Matei Mircioane &#8211; Argument)<\/em><\/p>\n<p style=\"text-align: justify;\"><a href=\"http:\/\/semndecarte.metarsis.ro\/wp-content\/uploads\/2012\/04\/13.jpg\" rel=\"lightbox[6716]\"><img loading=\"lazy\" class=\"alignleft size-thumbnail wp-image-6717\" title=\"Manifestare comemorativ\u0103 organizat\u0103 la \u00eemplinirea a 100 de ani de la na\u015fterea scriitorului b\u0103n\u0103\u0163ean de factur\u0103 german\u0103 Anton Breitenhofer (10.04.1912- 20.12.1989)\" src=\"http:\/\/semndecarte.metarsis.ro\/wp-content\/uploads\/2012\/04\/13-95x95.jpg\" alt=\"\" width=\"95\" height=\"95\" \/><\/a><a href=\"http:\/\/semndecarte.metarsis.ro\/wp-content\/uploads\/2012\/04\/23.jpg\" rel=\"lightbox[6716]\"><img loading=\"lazy\" class=\"alignleft size-thumbnail wp-image-6718\" title=\"Manifestare comemorativ\u0103 organizat\u0103 la \u00eemplinirea a 100 de ani de la na\u015fterea scriitorului b\u0103n\u0103\u0163ean de factur\u0103 german\u0103 Anton Breitenhofer (10.04.1912- 20.12.1989)\" src=\"http:\/\/semndecarte.metarsis.ro\/wp-content\/uploads\/2012\/04\/23-95x95.jpg\" alt=\"\" width=\"95\" height=\"95\" \/><\/a><a href=\"http:\/\/semndecarte.metarsis.ro\/wp-content\/uploads\/2012\/04\/33.jpg\" rel=\"lightbox[6716]\"><img loading=\"lazy\" class=\"alignleft size-thumbnail wp-image-6719\" title=\"Manifestare comemorativ\u0103 organizat\u0103 la \u00eemplinirea a 100 de ani de la na\u015fterea scriitorului b\u0103n\u0103\u0163ean de factur\u0103 german\u0103 Anton Breitenhofer (10.04.1912- 20.12.1989)\" src=\"http:\/\/semndecarte.metarsis.ro\/wp-content\/uploads\/2012\/04\/33-95x95.jpg\" alt=\"\" width=\"95\" height=\"95\" \/><\/a><a href=\"http:\/\/semndecarte.metarsis.ro\/wp-content\/uploads\/2012\/04\/62.jpg\" rel=\"lightbox[6716]\"><img loading=\"lazy\" class=\"alignleft size-thumbnail wp-image-6722\" title=\"Manifestare comemorativ\u0103 organizat\u0103 la \u00eemplinirea a 100 de ani de la na\u015fterea scriitorului b\u0103n\u0103\u0163ean de factur\u0103 german\u0103 Anton Breitenhofer (10.04.1912- 20.12.1989)\" src=\"http:\/\/semndecarte.metarsis.ro\/wp-content\/uploads\/2012\/04\/62-95x95.jpg\" alt=\"\" width=\"95\" height=\"95\" \/><\/a><a href=\"http:\/\/semndecarte.metarsis.ro\/wp-content\/uploads\/2012\/04\/53.jpg\" rel=\"lightbox[6716]\"><img loading=\"lazy\" class=\"alignleft size-thumbnail wp-image-6721\" title=\"Manifestare comemorativ\u0103 organizat\u0103 la \u00eemplinirea a 100 de ani de la na\u015fterea scriitorului b\u0103n\u0103\u0163ean de factur\u0103 german\u0103 Anton Breitenhofer (10.04.1912- 20.12.1989)\" src=\"http:\/\/semndecarte.metarsis.ro\/wp-content\/uploads\/2012\/04\/53-95x95.jpg\" alt=\"\" width=\"95\" height=\"95\" \/><\/a><a href=\"http:\/\/semndecarte.metarsis.ro\/wp-content\/uploads\/2012\/04\/72.jpg\" rel=\"lightbox[6716]\"><img loading=\"lazy\" class=\"alignleft size-thumbnail wp-image-6723\" title=\"Manifestare comemorativ\u0103 organizat\u0103 la \u00eemplinirea a 100 de ani de la na\u015fterea scriitorului b\u0103n\u0103\u0163ean de factur\u0103 german\u0103 Anton Breitenhofer (10.04.1912- 20.12.1989)\" src=\"http:\/\/semndecarte.metarsis.ro\/wp-content\/uploads\/2012\/04\/72-95x95.jpg\" alt=\"\" width=\"95\" height=\"95\" \/><\/a><a href=\"http:\/\/semndecarte.metarsis.ro\/wp-content\/uploads\/2012\/04\/43.jpg\" rel=\"lightbox[6716]\"><img loading=\"lazy\" class=\"alignleft size-thumbnail wp-image-6720\" title=\"...\" src=\"http:\/\/semndecarte.metarsis.ro\/wp-content\/uploads\/2012\/04\/43-95x95.jpg\" alt=\"\" width=\"95\" height=\"95\" \/><\/a><a href=\"http:\/\/semndecarte.metarsis.ro\/wp-content\/uploads\/2012\/04\/82.jpg\" rel=\"lightbox[6716]\"><img loading=\"lazy\" class=\"alignleft size-thumbnail wp-image-6724\" title=\"Editu Guip-Cobilanschi\" src=\"http:\/\/semndecarte.metarsis.ro\/wp-content\/uploads\/2012\/04\/82-95x95.jpg\" alt=\"\" width=\"95\" height=\"95\" \/><\/a><a href=\"http:\/\/semndecarte.metarsis.ro\/wp-content\/uploads\/2012\/04\/92.jpg\" rel=\"lightbox[6716]\"><img loading=\"lazy\" class=\"alignleft size-thumbnail wp-image-6725\" title=\"Manifestare comemorativ\u0103 organizat\u0103 la \u00eemplinirea a 100 de ani de la na\u015fterea scriitorului b\u0103n\u0103\u0163ean de factur\u0103 german\u0103 Anton Breitenhofer (10.04.1912- 20.12.1989)\" src=\"http:\/\/semndecarte.metarsis.ro\/wp-content\/uploads\/2012\/04\/92-95x95.jpg\" alt=\"\" width=\"95\" height=\"95\" \/><\/a><a href=\"http:\/\/semndecarte.metarsis.ro\/wp-content\/uploads\/2012\/04\/102.jpg\" rel=\"lightbox[6716]\"><img loading=\"lazy\" class=\"alignleft size-thumbnail wp-image-6726\" title=\"Stampila realizata la \u00eemplinirea a 100 de ani de la na\u015fterea scriitorului b\u0103n\u0103\u0163ean de factur\u0103 german\u0103 Anton Breitenhofer (10.04.1912- 20.12.1989)\" src=\"http:\/\/semndecarte.metarsis.ro\/wp-content\/uploads\/2012\/04\/102-95x95.jpg\" alt=\"\" width=\"95\" height=\"95\" \/><\/a><\/p>\n","protected":false},"excerpt":{"rendered":"<p>La Libr\u0103ria Semn de carte din Re\u015fi\u0163a,a fost evocat ieri (10 aprilie 2012) scriitorul \u015fi ziaristul re\u015fi\u0163ean Anton Breitenhofer. Evenimentul a fost dedicat redescoperirii unui scriitor, pe nedrept r\u0103mas \u00eentr-un con de umbr\u0103, despre care s-a spus c\u0103 \u00een romanele \u015fi reportajele sale a creat o fresc\u0103 extrem de sugestiv\u0103 a Re\u015fi\u0163ei muncitore\u015fti. <\/p>\n","protected":false},"author":1,"featured_media":0,"comment_status":"open","ping_status":"open","sticky":false,"template":"","format":"standard","meta":[],"categories":[7],"tags":[303],"_links":{"self":[{"href":"https:\/\/semndecarte.metarsis.ro\/index.php?rest_route=\/wp\/v2\/posts\/6716"}],"collection":[{"href":"https:\/\/semndecarte.metarsis.ro\/index.php?rest_route=\/wp\/v2\/posts"}],"about":[{"href":"https:\/\/semndecarte.metarsis.ro\/index.php?rest_route=\/wp\/v2\/types\/post"}],"author":[{"embeddable":true,"href":"https:\/\/semndecarte.metarsis.ro\/index.php?rest_route=\/wp\/v2\/users\/1"}],"replies":[{"embeddable":true,"href":"https:\/\/semndecarte.metarsis.ro\/index.php?rest_route=%2Fwp%2Fv2%2Fcomments&post=6716"}],"version-history":[{"count":0,"href":"https:\/\/semndecarte.metarsis.ro\/index.php?rest_route=\/wp\/v2\/posts\/6716\/revisions"}],"wp:attachment":[{"href":"https:\/\/semndecarte.metarsis.ro\/index.php?rest_route=%2Fwp%2Fv2%2Fmedia&parent=6716"}],"wp:term":[{"taxonomy":"category","embeddable":true,"href":"https:\/\/semndecarte.metarsis.ro\/index.php?rest_route=%2Fwp%2Fv2%2Fcategories&post=6716"},{"taxonomy":"post_tag","embeddable":true,"href":"https:\/\/semndecarte.metarsis.ro\/index.php?rest_route=%2Fwp%2Fv2%2Ftags&post=6716"}],"curies":[{"name":"wp","href":"https:\/\/api.w.org\/{rel}","templated":true}]}}