{"id":6688,"date":"2012-04-08T23:04:08","date_gmt":"2012-04-08T21:04:08","guid":{"rendered":"http:\/\/semndecarte.metarsis.ro\/?p=6688"},"modified":"2012-04-08T23:04:08","modified_gmt":"2012-04-08T21:04:08","slug":"geografie-cultura-prieteni","status":"publish","type":"post","link":"https:\/\/semndecarte.metarsis.ro\/?p=6688","title":{"rendered":"Geografie, cultur\u0103, prieteni"},"content":{"rendered":"<p><strong>\u015ecoala altfel<\/strong><\/p>\n<p style=\"text-align: justify;\">Vineri 6 aprilie 2012 a avut loc ultima dintre excursiile organizate, \u00een parteneriat, de \u015ecoala nr.7 prin clasa a IV-a C \u2013 prof. Cristina Ardeleanu, Metarsis- activit\u0103\u0163i \u015fi servicii de cultur\u0103 urban\u0103 \u015fi art\u0103 contemporan\u0103 \u015fi Asocia\u0163ia Prietenii Mun\u0163ilor prin sec\u0163ia Drume\u0163ie, \u00een cadrul \u201e\u015ecolii altfel\u201d. <!--more-->Dup\u0103 ce au fost \u00een Cheile Nerei- Beu\u015fni\u0163a la Ochiul Bei- luni, miercuri au v\u0103zut Re\u015fi\u0163a de sus, de pe Dealul Golului, \u00eentr-o lec\u0163ie de istorie sus\u0163inut\u0103 de dr. Mircea Rusnac, vineri au fost \u00eentr-o zona-emblem\u0103 pentru b\u0103n\u0103\u0163eni, \u00een Parcul Na\u0163ional Semenic pe Cheile Cara\u015fului. Au fost la Prolas, au v\u0103zut ruinele Cet\u0103\u0163ii Cara\u015f, au fost pe Chei \u015fi au \u00eencercat, sub strict\u0103 supraveghere, trecerea Cara\u015fului pe cablu- copiii fiind \u00eenc\u00e2nta\u0163i \u015fi deschi\u015fi experimentelor. Oricum, mul\u0163i dintre ei sunt c\u0103li\u0163i \u00een taberele de aventur\u0103 organizate de Doamna lor pe Muntele Mic. \u00censo\u0163i\u0163i, vineri, \u00a0de \u201edrume\u0163ii\u201c Iancsi Mato (multe dintre superbele fotografii i se datoreaz\u0103), Gigi Cruceru \u015fi Horst Neff, copiii &#8211; de-acum \u015fi ei experimenta\u0163i excursioni\u015fti- au avut parte de o adevarat\u0103 lec\u0163ie, cu metode de supravie\u0163uire \u00een p\u0103dure, cu necesarul de echipament pe care trebuie s\u0103-l aibe un excursionist adev\u0103rat, au\u00a0\u00eenv\u0103\u0163at cum s\u0103 se fereasc\u0103 de vipera cu corn \u015fi care sunt primele m\u0103suri de ajutor \u00een cazul mu\u015fc\u0103turilor de viper\u0103, cum se face un foc \u00een p\u0103dure \u00een condi\u0163ii de siguran\u0163\u0103 \u015fi cum se protejeaz\u0103 mediul, ce trebuie s\u0103 ai \u00een rucsac atunci c\u00e2nd pleci \u00een drume\u0163ie. Au aflat lucruri noi despre fauna \u015fi flora din zon\u0103,\u00a0au v\u0103zut st\u00e2nca pe care cre\u015fte \u201cPecetea lui Solomon\u201d \u2013unicat \u00een Europa, o floare pe care o putem vedea doar \u00een Cara\u015f-Severin \u015fi doar \u00een anumite zone. Horst Neff, \u00eemp\u0103timit speolog, a povestit copiilor despre patrimoniul inegalabil al Cara\u015fului \u2013 jude\u0163ul cel mai bogat din \u0163ar\u0103 \u00een \u00a0pe\u015fteri, avene \u015fi doline. O lec\u0163ie de geografie locala, de supravie\u0163uire \u015fi prietenie \u00een s\u0103pt\u0103m\u00e2na \u015ecolii altfel, prin care copiii Cristinei Ardeleanu au descoperit din frumuse\u0163ile \u0163inutului natal. Parol. Am zis!<\/p>\n<p style=\"text-align: justify;\"><a href=\"http:\/\/semndecarte.metarsis.ro\/wp-content\/uploads\/2012\/04\/32.jpg\" rel=\"lightbox[6688]\"><img loading=\"lazy\" class=\"alignleft size-thumbnail wp-image-6691\" title=\"Poza de grup\" src=\"http:\/\/semndecarte.metarsis.ro\/wp-content\/uploads\/2012\/04\/32-95x95.jpg\" alt=\"\" width=\"95\" height=\"95\" \/><\/a><a href=\"http:\/\/semndecarte.metarsis.ro\/wp-content\/uploads\/2012\/04\/61.jpg\" rel=\"lightbox[6688]\"><img loading=\"lazy\" class=\"alignleft size-thumbnail wp-image-6694\" title=\"Escaladare\" src=\"http:\/\/semndecarte.metarsis.ro\/wp-content\/uploads\/2012\/04\/61-95x95.jpg\" alt=\"\" width=\"95\" height=\"95\" \/><\/a><a href=\"http:\/\/semndecarte.metarsis.ro\/wp-content\/uploads\/2012\/04\/42.jpg\" rel=\"lightbox[6688]\"><img loading=\"lazy\" class=\"alignleft size-thumbnail wp-image-6692\" title=\"Numar de cascadorie\" src=\"http:\/\/semndecarte.metarsis.ro\/wp-content\/uploads\/2012\/04\/42-95x95.jpg\" alt=\"\" width=\"95\" height=\"95\" \/><\/a><a href=\"http:\/\/semndecarte.metarsis.ro\/wp-content\/uploads\/2012\/04\/91.jpg\" rel=\"lightbox[6688]\"><img loading=\"lazy\" class=\"alignleft size-thumbnail wp-image-6697\" title=\"O pauza binemeritata\" src=\"http:\/\/semndecarte.metarsis.ro\/wp-content\/uploads\/2012\/04\/91-95x95.jpg\" alt=\"\" width=\"95\" height=\"95\" \/><\/a><a href=\"http:\/\/semndecarte.metarsis.ro\/wp-content\/uploads\/2012\/04\/101.jpg\" rel=\"lightbox[6688]\"><img loading=\"lazy\" class=\"alignleft size-thumbnail wp-image-6698\" title=\"Clasa a IV-a C a prof. Cristina Ardeleanu in Cheile Carasului\" src=\"http:\/\/semndecarte.metarsis.ro\/wp-content\/uploads\/2012\/04\/101-95x95.jpg\" alt=\"\" width=\"95\" height=\"95\" \/><\/a><a href=\"http:\/\/semndecarte.metarsis.ro\/wp-content\/uploads\/2012\/04\/22.jpg\" rel=\"lightbox[6688]\"><img loading=\"lazy\" class=\"alignleft size-thumbnail wp-image-6690\" title=\"Elevii Cristinei Ardeleanu\" src=\"http:\/\/semndecarte.metarsis.ro\/wp-content\/uploads\/2012\/04\/22-95x95.jpg\" alt=\"\" width=\"95\" height=\"95\" \/><\/a><a href=\"http:\/\/semndecarte.metarsis.ro\/wp-content\/uploads\/2012\/04\/81.jpg\" rel=\"lightbox[6688]\"><img loading=\"lazy\" class=\"alignleft size-thumbnail wp-image-6696\" title=\"Elevi ai scolii nr.7, clasa a IV-a C si prof. Cristina Ardeleanu\" src=\"http:\/\/semndecarte.metarsis.ro\/wp-content\/uploads\/2012\/04\/81-95x95.jpg\" alt=\"\" width=\"95\" height=\"95\" \/><\/a><a href=\"http:\/\/semndecarte.metarsis.ro\/wp-content\/uploads\/2012\/04\/52.jpg\" rel=\"lightbox[6688]\"><img loading=\"lazy\" class=\"alignleft size-thumbnail wp-image-6693\" title=\"&quot;Exploratorii&quot;\" src=\"http:\/\/semndecarte.metarsis.ro\/wp-content\/uploads\/2012\/04\/52-95x95.jpg\" alt=\"\" width=\"95\" height=\"95\" \/><\/a><a href=\"http:\/\/semndecarte.metarsis.ro\/wp-content\/uploads\/2012\/04\/12.jpg\" rel=\"lightbox[6688]\"><img loading=\"lazy\" class=\"alignleft size-thumbnail wp-image-6689\" title=\"Horst Neff, un ghid competent\" src=\"http:\/\/semndecarte.metarsis.ro\/wp-content\/uploads\/2012\/04\/12-95x95.jpg\" alt=\"\" width=\"95\" height=\"95\" \/><\/a><a href=\"http:\/\/semndecarte.metarsis.ro\/wp-content\/uploads\/2012\/04\/71.jpg\" rel=\"lightbox[6688]\"><img loading=\"lazy\" class=\"alignleft size-thumbnail wp-image-6695\" title=\"Gen 7 la &quot;inaltime&quot;\" src=\"http:\/\/semndecarte.metarsis.ro\/wp-content\/uploads\/2012\/04\/71-95x95.jpg\" alt=\"\" width=\"95\" height=\"95\" \/><\/a><\/p>\n","protected":false},"excerpt":{"rendered":"<p>Vineri 6 aprilie 2012 a avut loc ultima dintre excursiile organizate, \u00een parteneriat, de \u015ecoala nr.7 prin clasa a IV-a C \u2013 prof. Cristina Ardeleanu, Metarsis- activit\u0103\u0163i \u015fi servicii de cultur\u0103 urban\u0103 \u015fi art\u0103 contemporan\u0103 \u015fi Asocia\u0163ia Prietenii Mun\u0163ilor prin sec\u0163ia Drume\u0163ie, \u00een cadrul \u201e\u015ecolii altfel\u201d. <\/p>\n","protected":false},"author":1,"featured_media":0,"comment_status":"open","ping_status":"open","sticky":false,"template":"","format":"standard","meta":[],"categories":[7],"tags":[322,361],"_links":{"self":[{"href":"https:\/\/semndecarte.metarsis.ro\/index.php?rest_route=\/wp\/v2\/posts\/6688"}],"collection":[{"href":"https:\/\/semndecarte.metarsis.ro\/index.php?rest_route=\/wp\/v2\/posts"}],"about":[{"href":"https:\/\/semndecarte.metarsis.ro\/index.php?rest_route=\/wp\/v2\/types\/post"}],"author":[{"embeddable":true,"href":"https:\/\/semndecarte.metarsis.ro\/index.php?rest_route=\/wp\/v2\/users\/1"}],"replies":[{"embeddable":true,"href":"https:\/\/semndecarte.metarsis.ro\/index.php?rest_route=%2Fwp%2Fv2%2Fcomments&post=6688"}],"version-history":[{"count":0,"href":"https:\/\/semndecarte.metarsis.ro\/index.php?rest_route=\/wp\/v2\/posts\/6688\/revisions"}],"wp:attachment":[{"href":"https:\/\/semndecarte.metarsis.ro\/index.php?rest_route=%2Fwp%2Fv2%2Fmedia&parent=6688"}],"wp:term":[{"taxonomy":"category","embeddable":true,"href":"https:\/\/semndecarte.metarsis.ro\/index.php?rest_route=%2Fwp%2Fv2%2Fcategories&post=6688"},{"taxonomy":"post_tag","embeddable":true,"href":"https:\/\/semndecarte.metarsis.ro\/index.php?rest_route=%2Fwp%2Fv2%2Ftags&post=6688"}],"curies":[{"name":"wp","href":"https:\/\/api.w.org\/{rel}","templated":true}]}}