{"id":6673,"date":"2012-04-08T11:32:16","date_gmt":"2012-04-08T09:32:16","guid":{"rendered":"http:\/\/semndecarte.metarsis.ro\/?p=6673"},"modified":"2012-04-08T11:32:16","modified_gmt":"2012-04-08T09:32:16","slug":"muzica-dans-karaoke-party","status":"publish","type":"post","link":"https:\/\/semndecarte.metarsis.ro\/?p=6673","title":{"rendered":"Muzic\u0103, dans, karaoke party"},"content":{"rendered":"<p><strong>\u015ecoala altfel<\/strong><\/p>\n<p style=\"text-align: justify;\">Joi, 5 aprilie 2012, \u00een cadrul s\u0103pt\u0103m\u00e2nii \u201c\u015ecoala altfel\u201d,\u00a0 la libr\u0103ria Semn de Carte din Re\u015fi\u0163a a fost o zi dedicat\u0103 muzicii clasice, dansului \u015fi muzicii pentru copii. S-au \u00eent\u00e2lnit \u015fcolari \u015fi liceeni de la caterda de instrumente de suflat a Liceului de Art\u0103 \u201cSabin P\u0103u\u0163a\u201d cu p\u0103rin\u0163i, dasc\u0103li \u015fi pre\u015fcolari de la Gr\u0103dini\u0163a PN 6 \u00eentr-o manifesatre de talent, \u00eenocen\u0163\u0103, candoare \u015fi bucurie cum numai cei mici o pot\u00a0 dovedi.<!--more--> Am \u00eenceput cu \u201cMuzica printre cuvinte\u201d, proiect al celor de la Arte, moment care a captat aten\u0163ia celor prezen\u0163i, mul\u0163i dintre pre\u015fcolari v\u0103z\u00e2nd, pentru prima oar\u0103, un oboi, un flaut sau un clarinet. I-am ascultat, \u00eentr-o lini\u015fte deplin\u0103- ceea ce \u00eenseamn\u0103 c\u0103 celor mici chiar le-a pl\u0103cut- cunoscut fiind faptul c\u0103 ei nu pot fi constr\u00e2n\u015fi \u00een niciun canon- pe tinerii arti\u015fti: Bianca Urgei (cl. IX-a) \u015fi Drago\u015f Natanael (cl. VIII-a) flaut \u2013 clasa prof. Marcela Asan cu un Duet de Joseph Haydn, de la clasa prof. Zenaida V\u00e2rd\u0103u pe Alexandru Docea (cl. VII-a) oboi- cu Saraband\u0103 de Vasile Jianu \u015fi pe\u00a0 Corina P\u0103tr\u0103\u015fcanu (cl. VIII-a)\u00a0cu Pastel al aceluia\u015fi autor iar de la clasa prof. Adrian Roiban l-am ascultat, la clarinet, pe Ionu\u0163 Radu cu Roman\u0163a de Carl Stamitz. Acompaniamentul a fost asigurat de prof. Marcela Asan. A urmat o dezl\u0103n\u0163uire de veselie si talent. Pre\u015fcolarii Gr\u0103dini\u0163ei PN.6 \u201cNu m\u0103 uita\u201d, grupele \u201cCampionii\u201d \u015fi \u201cAlbinu\u0163ele\u201d coordona\u0163i de doamnele Lucia Mato- Chereji \u015fi Zori\u0163a Todor au aratat p\u0103rin\u0163ilor, bunicilor \u015fi invita\u0163ilor c\u00e2t sunt de talenta\u0163i la muzic\u0103 \u015fi dans. Karaoke Party for Children a dat ocazia micu\u0163ilor de la clasa de limba englez\u0103- op\u0163ional sus\u0163inut de doamna prof. Andreea Simin s\u0103 c\u00e2nte \u00een limba lui Shakespeare. A urmat dansul sub \u00eendrumarea lui Nicu\u015for B\u0103lu sub genericul \u201dVia\u0163a \u00een pa\u015fi de dans\u201d -op\u0163ional sus\u0163inut de Clubul Mistik din Re\u015fi\u0163a- unde micu\u0163ii au dansat, printre altele cha-cha \u015fi vals lent, gratio\u015fi \u015fi serio\u015fi ca adev\u0103ra\u0163ii profesioni\u015fti. O nou\u0103 manifestare \u00een cadrul s\u0103pt\u0103m\u00e2nii\u00a0\u201c\u015ecoala altfel\u201d prin care sunt \u00eencurajate \u015fi valorizate preocup\u0103rile extra-\u015fcolare \u015fi talentele, \u00eencuraj\u00e2nd dezvoltarea imagina\u0163iei \u015fi creativit\u0103\u0163ii copiilor \u015fi adolescen\u0163ilor, \u00eentr-o societate\u00a0\u00een care cultura trebuie repus\u0103 la locul cuvenit. Parafraz\u00e2ndu-l pe Caragiale, am putea spune c\u0103 \u201c\u2026o societate f\u0103r\u0103 cultur\u0103, care va s\u0103 zic\u0103 nu exist\u0103\u201d. Am zis!<\/p>\n<p style=\"text-align: justify;\"><a href=\"http:\/\/semndecarte.metarsis.ro\/wp-content\/uploads\/2012\/04\/DSCN9105.jpg\" rel=\"lightbox[6673]\"><img loading=\"lazy\" class=\"alignleft size-thumbnail wp-image-6675\" title=\"Bianca Urgei, Dragos Natanael, Alexandru Docea, Corina P\u0103tr\u0103\u015fcanu, Ionu\u0163 Radu\" src=\"http:\/\/semndecarte.metarsis.ro\/wp-content\/uploads\/2012\/04\/DSCN9105-95x95.jpg\" alt=\"\" width=\"95\" height=\"95\" \/><\/a><a href=\"http:\/\/semndecarte.metarsis.ro\/wp-content\/uploads\/2012\/04\/DSCN9114.jpg\" rel=\"lightbox[6673]\"><img loading=\"lazy\" class=\"alignleft size-thumbnail wp-image-6677\" title=\"Bianca Urgei (cl.IX-a) \u015fi Dragos Natanael (cl.VIII-a) flaut \u2013 clasa prof. Marcela Asan cu un Duet de Joseph Haydn\" src=\"http:\/\/semndecarte.metarsis.ro\/wp-content\/uploads\/2012\/04\/DSCN9114-95x95.jpg\" alt=\"\" width=\"95\" height=\"95\" \/><\/a><a href=\"http:\/\/semndecarte.metarsis.ro\/wp-content\/uploads\/2012\/04\/DSCN9127.jpg\" rel=\"lightbox[6673]\"><img loading=\"lazy\" class=\"alignleft size-thumbnail wp-image-6685\" title=\"Ionu\u0163 Radu cu Roman\u0163a de Carl Stamitz\" src=\"http:\/\/semndecarte.metarsis.ro\/wp-content\/uploads\/2012\/04\/DSCN9127-95x95.jpg\" alt=\"\" width=\"95\" height=\"95\" \/><\/a><a href=\"http:\/\/semndecarte.metarsis.ro\/wp-content\/uploads\/2012\/04\/DSCN9119.jpg\" rel=\"lightbox[6673]\"><img loading=\"lazy\" class=\"alignleft size-thumbnail wp-image-6678\" title=\"Alexandru Docea (cl.VII-a) oboi- cu Saraband\u0103 de Vasile Jianu, acompaniament prof. Marcela Asan\" src=\"http:\/\/semndecarte.metarsis.ro\/wp-content\/uploads\/2012\/04\/DSCN9119-95x95.jpg\" alt=\"\" width=\"95\" height=\"95\" \/><\/a><a href=\"http:\/\/semndecarte.metarsis.ro\/wp-content\/uploads\/2012\/04\/DSCN9122.jpg\" rel=\"lightbox[6673]\"><img loading=\"lazy\" class=\"alignleft size-thumbnail wp-image-6679\" title=\"Corina P\u0103tr\u0103\u015fcanu si prof. Marcela Asan.\" src=\"http:\/\/semndecarte.metarsis.ro\/wp-content\/uploads\/2012\/04\/DSCN9122-95x95.jpg\" alt=\"\" width=\"95\" height=\"95\" \/><\/a><a href=\"http:\/\/semndecarte.metarsis.ro\/wp-content\/uploads\/2012\/04\/DSCN9140.jpg\" rel=\"lightbox[6673]\"><img loading=\"lazy\" class=\"alignleft size-thumbnail wp-image-6680\" title=\"Karaoke party\" src=\"http:\/\/semndecarte.metarsis.ro\/wp-content\/uploads\/2012\/04\/DSCN9140-95x95.jpg\" alt=\"\" width=\"95\" height=\"95\" \/><\/a><a href=\"http:\/\/semndecarte.metarsis.ro\/wp-content\/uploads\/2012\/04\/DSCN9157.jpg\" rel=\"lightbox[6673]\"><img loading=\"lazy\" class=\"alignleft size-thumbnail wp-image-6681\" title=\"La microfon\" src=\"http:\/\/semndecarte.metarsis.ro\/wp-content\/uploads\/2012\/04\/DSCN9157-95x95.jpg\" alt=\"\" width=\"95\" height=\"95\" \/><\/a><a href=\"http:\/\/semndecarte.metarsis.ro\/wp-content\/uploads\/2012\/04\/DSCN9168.jpg\" rel=\"lightbox[6673]\"><img loading=\"lazy\" class=\"alignleft size-thumbnail wp-image-6682\" title=\"Prescolari de la Gr\u0103dini\u0163a PN 6 \u00eentr-o manifesatre de talent, coordonati de doamnele Lucia Mato- Chereji si Zorita Todor\" src=\"http:\/\/semndecarte.metarsis.ro\/wp-content\/uploads\/2012\/04\/DSCN9168-95x95.jpg\" alt=\"\" width=\"95\" height=\"95\" \/><\/a><a href=\"http:\/\/semndecarte.metarsis.ro\/wp-content\/uploads\/2012\/04\/DSCN9217.jpg\" rel=\"lightbox[6673]\"><img loading=\"lazy\" class=\"alignleft size-thumbnail wp-image-6683\" title=\"Viata in pasi de dans\" src=\"http:\/\/semndecarte.metarsis.ro\/wp-content\/uploads\/2012\/04\/DSCN9217-95x95.jpg\" alt=\"\" width=\"95\" height=\"95\" \/><\/a><a href=\"http:\/\/semndecarte.metarsis.ro\/wp-content\/uploads\/2012\/04\/DSCN9200.jpg\" rel=\"lightbox[6673]\"><img loading=\"lazy\" class=\"alignleft size-thumbnail wp-image-6684\" title=\"... sub indrumarea lui Nicusor Balu\" src=\"http:\/\/semndecarte.metarsis.ro\/wp-content\/uploads\/2012\/04\/DSCN9200-95x95.jpg\" alt=\"\" width=\"95\" height=\"95\" \/><\/a><\/p>\n","protected":false},"excerpt":{"rendered":"<p>Joi, 5 aprilie 2012, \u00een cadrul s\u0103pt\u0103m\u00e2nii \u201c\u015ecoala altfel\u201d,  la libr\u0103ria Semn de Carte din Re\u015fi\u0163a a fost o zi dedicat\u0103 muzicii clasice, dansului \u015fi muzicii pentru copii. S-au \u00eent\u00e2lnit \u015fcolari \u015fi liceeni de la caterda de instrumente de suflat a Liceului de Art\u0103 \u201cSabin P\u0103u\u0163a\u201d cu p\u0103rin\u0163i, dasc\u0103li \u015fi pre\u015fcolari de la Gr\u0103dini\u0163a PN 6 \u00eentr-o manifesatre de talent, \u00eenocen\u0163\u0103, candoare \u015fi bucurie cum numai cei mici o pot  dovedi.<\/p>\n","protected":false},"author":1,"featured_media":0,"comment_status":"open","ping_status":"open","sticky":false,"template":"","format":"standard","meta":[],"categories":[7],"tags":[362,332,82],"_links":{"self":[{"href":"https:\/\/semndecarte.metarsis.ro\/index.php?rest_route=\/wp\/v2\/posts\/6673"}],"collection":[{"href":"https:\/\/semndecarte.metarsis.ro\/index.php?rest_route=\/wp\/v2\/posts"}],"about":[{"href":"https:\/\/semndecarte.metarsis.ro\/index.php?rest_route=\/wp\/v2\/types\/post"}],"author":[{"embeddable":true,"href":"https:\/\/semndecarte.metarsis.ro\/index.php?rest_route=\/wp\/v2\/users\/1"}],"replies":[{"embeddable":true,"href":"https:\/\/semndecarte.metarsis.ro\/index.php?rest_route=%2Fwp%2Fv2%2Fcomments&post=6673"}],"version-history":[{"count":0,"href":"https:\/\/semndecarte.metarsis.ro\/index.php?rest_route=\/wp\/v2\/posts\/6673\/revisions"}],"wp:attachment":[{"href":"https:\/\/semndecarte.metarsis.ro\/index.php?rest_route=%2Fwp%2Fv2%2Fmedia&parent=6673"}],"wp:term":[{"taxonomy":"category","embeddable":true,"href":"https:\/\/semndecarte.metarsis.ro\/index.php?rest_route=%2Fwp%2Fv2%2Fcategories&post=6673"},{"taxonomy":"post_tag","embeddable":true,"href":"https:\/\/semndecarte.metarsis.ro\/index.php?rest_route=%2Fwp%2Fv2%2Ftags&post=6673"}],"curies":[{"name":"wp","href":"https:\/\/api.w.org\/{rel}","templated":true}]}}