{"id":6642,"date":"2012-04-07T18:13:16","date_gmt":"2012-04-07T16:13:16","guid":{"rendered":"http:\/\/semndecarte.metarsis.ro\/?p=6642"},"modified":"2012-04-07T18:13:16","modified_gmt":"2012-04-07T16:13:16","slug":"intalniri-altfel","status":"publish","type":"post","link":"https:\/\/semndecarte.metarsis.ro\/?p=6642","title":{"rendered":"\u00cent\u00e2lniri altfel"},"content":{"rendered":"<p><strong>Teatru, desen, muzic\u0103<\/strong><\/p>\n<p style=\"text-align: justify;\">\u00cen s\u0103pt\u0103m\u00e2na \u201d\u015ecolii altfel\u201d\u00a0proiectul ini\u0163iat, \u00een colaborare,\u00a0 de Metarsis- activit\u0103\u0163i \u015fi servicii de cultur\u0103 urban\u0103 \u015fi art\u0103 contemporan\u0103 prin libr\u0103ria Semn de Carte, Radio Re\u015fi\u0163a Rom\u00e2nia \u015fi Radiodifuziunea Rom\u00e2n\u0103 prin departamentul Teatrul Na\u0163ional pentru Copii s-a desf\u0103\u015furat mar\u0163i, 3 aprilie 2012, \u015fi nu miercuri, ca de obicei.<!--more--> La Semn de Carte au audiat piesa de teatru \u201cDomnul Re Diez \u015fi Domni\u015foara Mi Bemol\u201d \u015fi au desenat ceea ce \u015fi-au \u00eenchipuit pre\u015fcolarii Grupei Mari din Gradini\u0163a PP 5- coordonator doamna Felicia Weiss, \u015fcolarii mici din clasa I A de la \u015ecoala cu clasele I-VIII nr. 8- coordonator doamna Rodica Moldovan \u015fi \u015fcolarii mari din clasa a V-a C de la \u015ecoala cu clasele I-VIII nr. 2- coordonator doamna Marinela Manole. \u00cen\u00a0 s\u0103pt\u0103m\u00e2na \u00eenv\u0103\u0163\u0103m\u00e2ntului altfel\u00a0la Semn de Carte s-a ascultat teatru radiofonic, s-a desenat \u015fi s-a c\u00e2ntat. Oaspe\u0163i au fost micu\u0163ii \u201cmenestrei\u201d, soli\u015fti ai corului Palatului Copiilor din Re\u015fi\u0163a: Ioana Bongiu- 9 ani \u015fi R\u0103zvan Borobar- 6 ani care au c\u00e2ntat \u201c Azi, de ziua ta\u201d- un c\u00e2ntec \u00eenchinat mamei \u015fi c\u00e2ntecul Cleopatrei Stratan \u201dSurprize\u201d, sub \u201cstricta\u201d supravegere a dirijoarei, doamna Adriana Ponoran. \u015ei cum muzica une\u015fte, copiilor nu le-a trebuit mult \u015fi ne-au c\u00e2ntat \u015fi \u00eenc\u00e2ntat, \u00eentr-o explozie de bucurie.<\/p>\n<p style=\"text-align: justify;\">Spre bucuria gazdelor, grupurile de copii s-au intersectat la Semn de Carte, \u015ftafeta fiind preluat\u0103 de la gr\u0103dini\u0163a p\u00e2n\u0103 la liceu pentru c\u0103, \u00een trecere fiind, liceenii din a IX-a D de la Colegiul Traian Lalescu \u00eenso\u0163i\u0163i de profesorii B\u0103descu \u015fi Chiosa n-au putut trece nep\u0103s\u0103tori \u015fi au intrat \u00een libr\u0103rie, i-au ascultat pe micu\u0163ii soli\u015fti \u015fi, pentru c\u0103 , la r\u00e2ndul lor, sunt talenta\u0163i, reprezentanta liceenilor- domni\u015foara Adriana Krepel, a c\u00e2ntat la pian, spre \u00eenc\u00e2ntarea colegilor \u015fi a celor prezen\u0163i.<\/p>\n<p style=\"text-align: justify;\">O zi minunat\u0103 \u00een care teatrul, desenul \u015fi muzica \u015fi-au dat \u00eent\u00e2lnire cu pre\u015fcolari, \u015fcolari \u015fi liceeni la Semn de Carte, \u00eentr-o s\u0103pt\u0103m\u00e2n\u0103 a \u201c\u015ecolii altfel\u201d.<\/p>\n<p style=\"text-align: justify;\"><a href=\"http:\/\/semndecarte.metarsis.ro\/wp-content\/uploads\/2012\/04\/Gradi_0001.jpg\" rel=\"lightbox[6642]\"><img loading=\"lazy\" class=\"alignleft size-thumbnail wp-image-6644\" title=\"Pre\u015fcolarii Grupei Mari din Gradini\u0163a PP 5- coordonator doamna Felicia Weiss\" src=\"http:\/\/semndecarte.metarsis.ro\/wp-content\/uploads\/2012\/04\/Gradi_0001-95x95.jpg\" alt=\"\" width=\"95\" height=\"95\" \/><\/a><a href=\"http:\/\/semndecarte.metarsis.ro\/wp-content\/uploads\/2012\/04\/Gradi_0002.jpg\" rel=\"lightbox[6642]\"><img loading=\"lazy\" class=\"alignleft size-thumbnail wp-image-6645\" title=\"Pre\u015fcolarii Grupei Mari din Gradini\u0163a PP 5- coordonator doamna Felicia Weiss\" src=\"http:\/\/semndecarte.metarsis.ro\/wp-content\/uploads\/2012\/04\/Gradi_0002-95x95.jpg\" alt=\"\" width=\"95\" height=\"95\" \/><\/a><a href=\"http:\/\/semndecarte.metarsis.ro\/wp-content\/uploads\/2012\/04\/Gradi_0003.jpg\" rel=\"lightbox[6642]\"><img loading=\"lazy\" class=\"alignleft size-thumbnail wp-image-6646\" title=\"Pre\u015fcolarii Grupei Mari din Gradini\u0163a PP 5- coordonator doamna Felicia Weiss\" src=\"http:\/\/semndecarte.metarsis.ro\/wp-content\/uploads\/2012\/04\/Gradi_0003-95x95.jpg\" alt=\"\" width=\"95\" height=\"95\" \/><\/a><a href=\"http:\/\/semndecarte.metarsis.ro\/wp-content\/uploads\/2012\/04\/Moldo_0001.jpg\" rel=\"lightbox[6642]\"><img loading=\"lazy\" class=\"alignleft size-thumbnail wp-image-6647\" title=\"Clasa I A de la \u015ecoala cu clasele I-VIII nr. 8- coordonator doamna Rodica Moldovan\" src=\"http:\/\/semndecarte.metarsis.ro\/wp-content\/uploads\/2012\/04\/Moldo_0001-95x95.jpg\" alt=\"\" width=\"95\" height=\"95\" \/><\/a><a href=\"http:\/\/semndecarte.metarsis.ro\/wp-content\/uploads\/2012\/04\/IMG_4354.jpg\" rel=\"lightbox[6642]\"><img loading=\"lazy\" class=\"alignleft size-thumbnail wp-image-6649\" title=\"Clasa I A de la \u015ecoala cu clasele I-VIII nr. 8- coordonator doamna Rodica Moldovan\" src=\"http:\/\/semndecarte.metarsis.ro\/wp-content\/uploads\/2012\/04\/IMG_4354-95x95.jpg\" alt=\"\" width=\"95\" height=\"95\" \/><\/a><a href=\"http:\/\/semndecarte.metarsis.ro\/wp-content\/uploads\/2012\/04\/V_0001.jpg\" rel=\"lightbox[6642]\"><img loading=\"lazy\" class=\"alignleft size-thumbnail wp-image-6650\" title=\"Clasa a V-a C de la \u015ecoala cu clasele I-VIII nr. 2- coordonator doamna Marinela Manole\" src=\"http:\/\/semndecarte.metarsis.ro\/wp-content\/uploads\/2012\/04\/V_0001-95x95.jpg\" alt=\"\" width=\"95\" height=\"95\" \/><\/a><a href=\"http:\/\/semndecarte.metarsis.ro\/wp-content\/uploads\/2012\/04\/V_0002.jpg\" rel=\"lightbox[6642]\"><img loading=\"lazy\" class=\"alignleft size-thumbnail wp-image-6651\" title=\"Prof. Adriana Ponoran si Ioana Bongiu\" src=\"http:\/\/semndecarte.metarsis.ro\/wp-content\/uploads\/2012\/04\/V_0002-95x95.jpg\" alt=\"\" width=\"95\" height=\"95\" \/><\/a><a href=\"http:\/\/semndecarte.metarsis.ro\/wp-content\/uploads\/2012\/04\/V_0003.jpg\" rel=\"lightbox[6642]\"><img loading=\"lazy\" class=\"alignleft size-thumbnail wp-image-6652\" title=\"Razvan Borobar si prof. Adriana Ponoran\" src=\"http:\/\/semndecarte.metarsis.ro\/wp-content\/uploads\/2012\/04\/V_0003-95x95.jpg\" alt=\"\" width=\"95\" height=\"95\" \/><\/a><a href=\"http:\/\/semndecarte.metarsis.ro\/wp-content\/uploads\/2012\/04\/V_0004.jpg\" rel=\"lightbox[6642]\"><img loading=\"lazy\" class=\"alignleft size-thumbnail wp-image-6653\" title=\"Clasa a V-a C de la \u015ecoala cu clasele I-VIII nr. 2- coordonator doamna Marinela Manole\" src=\"http:\/\/semndecarte.metarsis.ro\/wp-content\/uploads\/2012\/04\/V_0004-95x95.jpg\" alt=\"\" width=\"95\" height=\"95\" \/><\/a><a href=\"http:\/\/semndecarte.metarsis.ro\/wp-content\/uploads\/2012\/04\/XI_0001.jpg\" rel=\"lightbox[6642]\"><img loading=\"lazy\" class=\"alignleft size-thumbnail wp-image-6654\" title=\"Adriana Krepel, la pian si liceenii din a IX-a D de la Colegiul Traian Lalescu inso\u0163i\u0163i de profesorii B\u0103descu \u015fi Chiosa\" src=\"http:\/\/semndecarte.metarsis.ro\/wp-content\/uploads\/2012\/04\/XI_0001-95x95.jpg\" alt=\"\" width=\"95\" height=\"95\" \/><\/a><\/p>\n","protected":false},"excerpt":{"rendered":"<p>\u00cen s\u0103pt\u0103m\u00e2na \u201d\u015ecolii altfel\u201d proiectul ini\u0163iat, \u00een colaborare,  de Metarsis- activit\u0103\u0163i \u015fi servicii de cultur\u0103 urban\u0103 \u015fi art\u0103 contemporan\u0103 prin libr\u0103ria Semn de Carte, Radio Re\u015fi\u0163a Rom\u00e2nia \u015fi Radiodifuziunea Rom\u00e2n\u0103 prin departamentul Teatrul Na\u0163ional pentru Copii s-a desf\u0103\u015furat mar\u0163i, 3 aprilie 2012, \u015fi nu miercuri, ca de obicei.<\/p>\n","protected":false},"author":1,"featured_media":0,"comment_status":"open","ping_status":"open","sticky":false,"template":"","format":"standard","meta":[],"categories":[7],"tags":[361,115],"_links":{"self":[{"href":"https:\/\/semndecarte.metarsis.ro\/index.php?rest_route=\/wp\/v2\/posts\/6642"}],"collection":[{"href":"https:\/\/semndecarte.metarsis.ro\/index.php?rest_route=\/wp\/v2\/posts"}],"about":[{"href":"https:\/\/semndecarte.metarsis.ro\/index.php?rest_route=\/wp\/v2\/types\/post"}],"author":[{"embeddable":true,"href":"https:\/\/semndecarte.metarsis.ro\/index.php?rest_route=\/wp\/v2\/users\/1"}],"replies":[{"embeddable":true,"href":"https:\/\/semndecarte.metarsis.ro\/index.php?rest_route=%2Fwp%2Fv2%2Fcomments&post=6642"}],"version-history":[{"count":0,"href":"https:\/\/semndecarte.metarsis.ro\/index.php?rest_route=\/wp\/v2\/posts\/6642\/revisions"}],"wp:attachment":[{"href":"https:\/\/semndecarte.metarsis.ro\/index.php?rest_route=%2Fwp%2Fv2%2Fmedia&parent=6642"}],"wp:term":[{"taxonomy":"category","embeddable":true,"href":"https:\/\/semndecarte.metarsis.ro\/index.php?rest_route=%2Fwp%2Fv2%2Fcategories&post=6642"},{"taxonomy":"post_tag","embeddable":true,"href":"https:\/\/semndecarte.metarsis.ro\/index.php?rest_route=%2Fwp%2Fv2%2Ftags&post=6642"}],"curies":[{"name":"wp","href":"https:\/\/api.w.org\/{rel}","templated":true}]}}