{"id":6641,"date":"2012-04-07T18:34:24","date_gmt":"2012-04-07T16:34:24","guid":{"rendered":"http:\/\/semndecarte.metarsis.ro\/?p=6641"},"modified":"2012-04-07T18:34:24","modified_gmt":"2012-04-07T16:34:24","slug":"lectia-de-istorie","status":"publish","type":"post","link":"https:\/\/semndecarte.metarsis.ro\/?p=6641","title":{"rendered":"Lec\u0163ia de istorie"},"content":{"rendered":"<p><strong>Re\u015fita v\u0103zut\u0103 de sus<\/strong><\/p>\n<p style=\"text-align: justify;\">\u00cen cadrul Programului \u201e\u015ecoala altfel\u201d, aproximativ 70 de elevi de la \u015ecolile 6 \u015fi 7 din localitate au urcat \u00een 4 aprilie 2012, la stema de pe Dealul Golului pentru a participa la o lec\u0163ie de istorie local\u0103 sus\u0163inut\u0103 de istoricul Mircea Rusnac \u00een acel loc emblematic pentru ora\u015ful de pe B\u00e2rzava. <!--more-->A fost o experien\u0163\u0103 interesant\u0103, elevii afl\u00e2nd elemente care \u0163in de istoria Re\u015fi\u0163ei, de uzinele care au luat na\u015ftere \u00een urm\u0103 cu 240 de ani, de felul \u00een care Re\u015fi\u0163a s-a dezvoltat de-a lungul anilor. Totodat\u0103,\u00a0 copiii au descoperit, de la \u00een\u0103l\u0163ime, cu satisfac\u0163ie \u015fi uimire, diferite locuri ale ora\u015fului lor, cl\u0103diri \u015fi institu\u0163ii reprezentative. De la stem\u0103, drume\u0163ii au cobor\u00e2t \u00een Poiana Golului, descoperind \u015fi alte fe\u0163e ale Re\u015fi\u0163ei. Ac\u0163iunea s-a \u00eencheiat \u00een fa\u0163a Palatului Cultural, unde istoricul Mircea Rusnac le-a vorbit despre apari\u0163ia \u015fi despre existen\u0163a de-a lungul anilor a cl\u0103dirii care ast\u0103zi este monument istoric. Parteneri ai ac\u0163iunii\u00a0 la care au participat elevii claselor a IV-a C de la \u015ecoala 7\u00a0 \u015fi a V-a A \u015fi B de la \u015ecoala 6 Re\u015fi\u0163a \u00eenso\u0163i\u0163i de cadrele didactice\u00a0 Cristina Ardeleanu, Gabriela Gyuretta \u015fi Silviana Stancu, au fost Asocia\u0163ia \u201ePrietenii Mun\u0163ilor\u201d \u015fi \u201eMetarsis\u201d \u2013 Libr\u0103ria \u201eSemn de carte\u201d.\u00a0\u00a0<em>(prof.Cristina Ardeleanu).<\/em><\/p>\n<p style=\"text-align: justify;\"><em><a href=\"http:\/\/semndecarte.metarsis.ro\/wp-content\/uploads\/2012\/04\/21.jpg\" rel=\"lightbox[6641]\"><img loading=\"lazy\" class=\"alignleft size-thumbnail wp-image-6657\" title=\"Elevii claselor a IV-a C de la \u015ecoala 7  \u015fi a V-a A \u015fi B de la \u015ecoala 6 Re\u015fi\u0163a \u00eenso\u0163i\u0163i de cadrele didactice  Cristina Ardeleanu, Gabriela Gyuretta \u015fi Silviana Stancu\" src=\"http:\/\/semndecarte.metarsis.ro\/wp-content\/uploads\/2012\/04\/21-95x95.jpg\" alt=\"\" width=\"95\" height=\"95\" \/><\/a><\/em><a href=\"http:\/\/semndecarte.metarsis.ro\/wp-content\/uploads\/2012\/04\/21.jpg\" rel=\"lightbox[6641]\"><em><a href=\"http:\/\/semndecarte.metarsis.ro\/wp-content\/uploads\/2012\/04\/41.jpg\" rel=\"lightbox[6641]\"><img loading=\"lazy\" class=\"alignleft size-thumbnail wp-image-6659\" title=\"Elevii claselor a IV-a C de la \u015ecoala 7  \u015fi a V-a A \u015fi B de la \u015ecoala 6 Re\u015fi\u0163a \u00eenso\u0163i\u0163i de cadrele didactice  Cristina Ardeleanu, Gabriela Gyuretta \u015fi Silviana Stancu\" src=\"http:\/\/semndecarte.metarsis.ro\/wp-content\/uploads\/2012\/04\/41-95x95.jpg\" alt=\"\" width=\"95\" height=\"95\" \/><\/a><\/em><\/a><em><a href=\"http:\/\/semndecarte.metarsis.ro\/wp-content\/uploads\/2012\/04\/11.jpg\" rel=\"lightbox[6641]\"><img loading=\"lazy\" class=\"alignleft size-thumbnail wp-image-6656\" title=\"Elevii claselor a IV-a C de la \u015ecoala 7  \u015fi a V-a A \u015fi B de la \u015ecoala 6 Re\u015fi\u0163a \u00eenso\u0163i\u0163i de cadrele didactice  Cristina Ardeleanu, Gabriela Gyuretta \u015fi Silviana Stancu\" src=\"http:\/\/semndecarte.metarsis.ro\/wp-content\/uploads\/2012\/04\/11-95x95.jpg\" alt=\"\" width=\"95\" height=\"95\" \/><\/a><\/em><a href=\"http:\/\/semndecarte.metarsis.ro\/wp-content\/uploads\/2012\/04\/11.jpg\" rel=\"lightbox[6641]\"><em><a href=\"http:\/\/semndecarte.metarsis.ro\/wp-content\/uploads\/2012\/04\/51.jpg\" rel=\"lightbox[6641]\"><img loading=\"lazy\" class=\"alignleft size-thumbnail wp-image-6660\" title=\"Elevii claselor a IV-a C de la \u015ecoala 7  \u015fi a V-a A \u015fi B de la \u015ecoala 6 Re\u015fi\u0163a \u00eenso\u0163i\u0163i de cadrele didactice  Cristina Ardeleanu, Gabriela Gyuretta \u015fi Silviana Stancu\" src=\"http:\/\/semndecarte.metarsis.ro\/wp-content\/uploads\/2012\/04\/51-95x95.jpg\" alt=\"\" width=\"95\" height=\"95\" \/><\/a><\/em><\/a><em><a href=\"http:\/\/semndecarte.metarsis.ro\/wp-content\/uploads\/2012\/04\/31.jpg\" rel=\"lightbox[6641]\"><img loading=\"lazy\" class=\"alignleft size-thumbnail wp-image-6658\" title=\"Elevii claselor a IV-a C de la \u015ecoala 7  \u015fi a V-a A \u015fi B de la \u015ecoala 6 Re\u015fi\u0163a \u00eenso\u0163i\u0163i de cadrele didactice  Cristina Ardeleanu, Gabriela Gyuretta \u015fi Silviana Stancu\" src=\"http:\/\/semndecarte.metarsis.ro\/wp-content\/uploads\/2012\/04\/31-95x95.jpg\" alt=\"\" width=\"95\" height=\"95\" \/><\/a><\/em><em><br \/>\n<\/em><\/p>\n","protected":false},"excerpt":{"rendered":"<p>\u00cen cadrul Programului \u201e\u015ecoala altfel\u201d, aproximativ 70 de elevi de la \u015ecolile 6 \u015fi 7 din localitate au urcat \u00een 4 aprilie 2012, la stema de pe Dealul Golului pentru a participa la o lec\u0163ie de istorie local\u0103 sus\u0163inut\u0103 de istoricul Mircea Rusnac \u00een acel loc emblematic pentru ora\u015ful de pe B\u00e2rzava.<\/p>\n","protected":false},"author":1,"featured_media":0,"comment_status":"open","ping_status":"open","sticky":false,"template":"","format":"standard","meta":[],"categories":[7],"tags":[361],"_links":{"self":[{"href":"https:\/\/semndecarte.metarsis.ro\/index.php?rest_route=\/wp\/v2\/posts\/6641"}],"collection":[{"href":"https:\/\/semndecarte.metarsis.ro\/index.php?rest_route=\/wp\/v2\/posts"}],"about":[{"href":"https:\/\/semndecarte.metarsis.ro\/index.php?rest_route=\/wp\/v2\/types\/post"}],"author":[{"embeddable":true,"href":"https:\/\/semndecarte.metarsis.ro\/index.php?rest_route=\/wp\/v2\/users\/1"}],"replies":[{"embeddable":true,"href":"https:\/\/semndecarte.metarsis.ro\/index.php?rest_route=%2Fwp%2Fv2%2Fcomments&post=6641"}],"version-history":[{"count":0,"href":"https:\/\/semndecarte.metarsis.ro\/index.php?rest_route=\/wp\/v2\/posts\/6641\/revisions"}],"wp:attachment":[{"href":"https:\/\/semndecarte.metarsis.ro\/index.php?rest_route=%2Fwp%2Fv2%2Fmedia&parent=6641"}],"wp:term":[{"taxonomy":"category","embeddable":true,"href":"https:\/\/semndecarte.metarsis.ro\/index.php?rest_route=%2Fwp%2Fv2%2Fcategories&post=6641"},{"taxonomy":"post_tag","embeddable":true,"href":"https:\/\/semndecarte.metarsis.ro\/index.php?rest_route=%2Fwp%2Fv2%2Ftags&post=6641"}],"curies":[{"name":"wp","href":"https:\/\/api.w.org\/{rel}","templated":true}]}}