{"id":6630,"date":"2012-04-07T13:51:47","date_gmt":"2012-04-07T11:51:47","guid":{"rendered":"http:\/\/semndecarte.metarsis.ro\/?p=6630"},"modified":"2012-04-07T13:51:47","modified_gmt":"2012-04-07T11:51:47","slug":"daca-e-marti-e-drumetie","status":"publish","type":"post","link":"https:\/\/semndecarte.metarsis.ro\/?p=6630","title":{"rendered":"Dac\u0103 e mar\u0163i, e drume\u0163ie!"},"content":{"rendered":"<p><strong>Mar\u0163ea &#8222;Prietenilor Mun\u0163ilor&#8221;<\/strong><\/p>\n<p style=\"text-align: justify;\">Prima zi de mar\u0163i din lun\u0103, 3 aprilie\u00a0 2012, a fost , ca de obicei, dedicat\u0103 celor care tr\u0103iesc s\u0103n\u0103tos \u015fi iubesc mi\u015fcarea. \u201cDrume\u0163ii\u201d, membri \u015fi simpatizan\u0163i ai Asocia\u0163iei Prietenii Mun\u0163ilor din Re\u015fita au urm\u0103rit prezentarea de diapozitive cu imagini realizate de Ioan Adamek, decanul de v\u00e2rsta- 86 ani, activ- spre surprinderea multora, \u015fi azi. \u00a0<!--more-->Am v\u0103zut: Izbucul Cernei, B\u0103ile Herculane, Lacurile Iovan \u015fi Prisaca, Valea Cernei,\u00a0 Cheile \u0162\u0103snei \u015fi Corcoaiei, Valea Cernei \u015fi Cerna Sat, Crucea Alb\u0103, Cascada V\u00e2ntur\u0103toarea, Mun\u0163ii Domogled, imagini superbe din Banatul Montan, realizate, de-a lungul anilor \u00een drume\u0163ii, pe trasee parcurse de Ioan Adamek \u00eempreun\u0103 cu \u201cdrume\u0163ii\u201d. \u015ei iar \u00eemi vin \u00een minte- c\u0103 tot suntem \u00een anul Caragiale- cuvintele lui Nenea Iancu \u201dNimic nu e mai frumos dec\u00e2t adev\u0103rul \u015fi mai adev\u0103rat dec\u00e2t frumosul\u201d. \u015ei Banatul de Munte e \u015fi frumos \u015fi adev\u0103rat. Ram\u00e2ne doar s\u0103-l descoperim \u015fi s\u0103-l onor\u0103m cum se cuvine.<\/p>\n<p style=\"text-align: justify;\"><a href=\"http:\/\/semndecarte.metarsis.ro\/wp-content\/uploads\/2012\/04\/izbucul-cernei.jpg\" rel=\"lightbox[6630]\"><img loading=\"lazy\" class=\"alignleft size-thumbnail wp-image-6635\" title=\"Izbucul Cernei (foto: sursa externa)\" src=\"http:\/\/semndecarte.metarsis.ro\/wp-content\/uploads\/2012\/04\/izbucul-cernei-95x95.jpg\" alt=\"\" width=\"95\" height=\"95\" \/><\/a><a href=\"http:\/\/semndecarte.metarsis.ro\/wp-content\/uploads\/2012\/04\/v-cernei.jpg\" rel=\"lightbox[6630]\"><img loading=\"lazy\" class=\"alignleft size-thumbnail wp-image-6638\" title=\"Valea Cernei (foto: sursa externa)\" src=\"http:\/\/semndecarte.metarsis.ro\/wp-content\/uploads\/2012\/04\/v-cernei-95x95.jpg\" alt=\"\" width=\"95\" height=\"95\" \/><\/a><a href=\"http:\/\/semndecarte.metarsis.ro\/wp-content\/uploads\/2012\/04\/vanturatoarea1.jpg\" rel=\"lightbox[6630]\"><img loading=\"lazy\" class=\"alignleft size-thumbnail wp-image-6640\" title=\"Cascada Vanturatoarea (foto: sursa externa)\" src=\"http:\/\/semndecarte.metarsis.ro\/wp-content\/uploads\/2012\/04\/vanturatoarea1-95x95.jpg\" alt=\"\" width=\"95\" height=\"95\" \/><\/a><a href=\"http:\/\/semndecarte.metarsis.ro\/wp-content\/uploads\/2012\/04\/lac.jpg\" rel=\"lightbox[6630]\"><img loading=\"lazy\" class=\"alignleft size-thumbnail wp-image-6636\" title=\"Lacul Prisaca\" src=\"http:\/\/semndecarte.metarsis.ro\/wp-content\/uploads\/2012\/04\/lac-95x95.jpg\" alt=\"\" width=\"95\" height=\"95\" \/><\/a><a href=\"http:\/\/semndecarte.metarsis.ro\/wp-content\/uploads\/2012\/04\/valeacernei60os4.jpg\" rel=\"lightbox[6630]\"><img loading=\"lazy\" class=\"alignleft size-thumbnail wp-image-6639\" title=\"Valea Cernei (foto: sursa externa)\" src=\"http:\/\/semndecarte.metarsis.ro\/wp-content\/uploads\/2012\/04\/valeacernei60os4-95x95.jpg\" alt=\"\" width=\"95\" height=\"95\" \/><\/a><a href=\"http:\/\/semndecarte.metarsis.ro\/wp-content\/uploads\/2012\/04\/cheile-corcoaiei.gif\" rel=\"lightbox[6630]\"><img loading=\"lazy\" class=\"alignleft size-thumbnail wp-image-6632\" title=\"Cheile Corcoaiei (foto: sursa externa)\" src=\"http:\/\/semndecarte.metarsis.ro\/wp-content\/uploads\/2012\/04\/cheile-corcoaiei-95x95.gif\" alt=\"\" width=\"95\" height=\"95\" \/><\/a><a href=\"http:\/\/semndecarte.metarsis.ro\/wp-content\/uploads\/2012\/04\/cheile_corcoaiei_pod.jpg\" rel=\"lightbox[6630]\"><img loading=\"lazy\" class=\"alignleft size-thumbnail wp-image-6631\" title=\"Cheile Corcoaiei (foto: sursa externa)\" src=\"http:\/\/semndecarte.metarsis.ro\/wp-content\/uploads\/2012\/04\/cheile_corcoaiei_pod-95x95.jpg\" alt=\"\" width=\"95\" height=\"95\" \/><\/a><a href=\"http:\/\/semndecarte.metarsis.ro\/wp-content\/uploads\/2012\/04\/corcoaiei.jpg\" rel=\"lightbox[6630]\"><img loading=\"lazy\" class=\"alignleft size-thumbnail wp-image-6633\" title=\"Cheile Corcoaiei (foto: sursa externa)\" src=\"http:\/\/semndecarte.metarsis.ro\/wp-content\/uploads\/2012\/04\/corcoaiei-95x95.jpg\" alt=\"\" width=\"95\" height=\"95\" \/><\/a><a href=\"http:\/\/semndecarte.metarsis.ro\/wp-content\/uploads\/2012\/04\/Lacul-Iovanu.jpg\" rel=\"lightbox[6630]\"><img loading=\"lazy\" class=\"alignleft size-thumbnail wp-image-6637\" title=\"Lacul Iovanu (foto: sursa externa)\" src=\"http:\/\/semndecarte.metarsis.ro\/wp-content\/uploads\/2012\/04\/Lacul-Iovanu-95x95.jpg\" alt=\"\" width=\"95\" height=\"95\" \/><\/a><a href=\"http:\/\/semndecarte.metarsis.ro\/wp-content\/uploads\/2012\/04\/crucea-alba.jpg\" rel=\"lightbox[6630]\"><img loading=\"lazy\" class=\"alignleft size-thumbnail wp-image-6634\" title=\"Crucea Alba (foto: sursa externa)\" src=\"http:\/\/semndecarte.metarsis.ro\/wp-content\/uploads\/2012\/04\/crucea-alba-95x95.jpg\" alt=\"\" width=\"95\" height=\"95\" \/><\/a><\/p>\n","protected":false},"excerpt":{"rendered":"<p>Prima zi de mar\u0163i din lun\u0103, 3 aprilie  2012, a fost , ca de obicei, dedicat\u0103 celor care tr\u0103iesc s\u0103n\u0103tos \u015fi iubesc mi\u015fcarea. \u201cDrume\u0163ii\u201d, membri \u015fi simpatizan\u0163i ai Asocia\u0163iei Prietenii Mun\u0163ilor din Re\u015fita au urm\u0103rit prezentarea de diapozitive cu imagini realizate de Ioan Adamek, decanul de v\u00e2rsta- 86 ani, activ- spre surprinderea multora, \u015fi azi.  <\/p>\n","protected":false},"author":1,"featured_media":0,"comment_status":"open","ping_status":"open","sticky":false,"template":"","format":"standard","meta":[],"categories":[7],"tags":[319,323],"_links":{"self":[{"href":"https:\/\/semndecarte.metarsis.ro\/index.php?rest_route=\/wp\/v2\/posts\/6630"}],"collection":[{"href":"https:\/\/semndecarte.metarsis.ro\/index.php?rest_route=\/wp\/v2\/posts"}],"about":[{"href":"https:\/\/semndecarte.metarsis.ro\/index.php?rest_route=\/wp\/v2\/types\/post"}],"author":[{"embeddable":true,"href":"https:\/\/semndecarte.metarsis.ro\/index.php?rest_route=\/wp\/v2\/users\/1"}],"replies":[{"embeddable":true,"href":"https:\/\/semndecarte.metarsis.ro\/index.php?rest_route=%2Fwp%2Fv2%2Fcomments&post=6630"}],"version-history":[{"count":0,"href":"https:\/\/semndecarte.metarsis.ro\/index.php?rest_route=\/wp\/v2\/posts\/6630\/revisions"}],"wp:attachment":[{"href":"https:\/\/semndecarte.metarsis.ro\/index.php?rest_route=%2Fwp%2Fv2%2Fmedia&parent=6630"}],"wp:term":[{"taxonomy":"category","embeddable":true,"href":"https:\/\/semndecarte.metarsis.ro\/index.php?rest_route=%2Fwp%2Fv2%2Fcategories&post=6630"},{"taxonomy":"post_tag","embeddable":true,"href":"https:\/\/semndecarte.metarsis.ro\/index.php?rest_route=%2Fwp%2Fv2%2Ftags&post=6630"}],"curies":[{"name":"wp","href":"https:\/\/api.w.org\/{rel}","templated":true}]}}