{"id":6593,"date":"2012-04-03T19:18:22","date_gmt":"2012-04-03T17:18:22","guid":{"rendered":"http:\/\/semndecarte.metarsis.ro\/?p=6593"},"modified":"2012-04-03T21:34:38","modified_gmt":"2012-04-03T19:34:38","slug":"drumetie-si-lectura-intre-%e2%80%9cprieteni%e2%80%9d","status":"publish","type":"post","link":"https:\/\/semndecarte.metarsis.ro\/?p=6593","title":{"rendered":"Drume\u0163ie \u015fi lectur\u0103 \u00eentre  \u201cPrieteni\u201d"},"content":{"rendered":"<p style=\"text-align: justify;\">Luni, 2 aprilie 2012,\u00a0 \u00een cadrul Programului \u201e\u015ecoala altfel\u201d, aproape\u00a0 50 de copii din clasele I, a III-a \u015fi a IV-a de la \u015ecoala cu cls. I-VIII Nr. 7 Re\u015fi\u0163a au participat la activitatea \u201e<em>Parcuri Na\u0163ionale \u00een Banat<\/em>\u201d.\u00a0 Ac\u0163iunea a constat \u00eentr-o excursie pe traseul Re\u015fi\u0163a \u2013 Oravi\u0163a \u2013 Potoc, continuat\u0103 cu o \u00a0drume\u0163ie \u00een Parcul Na\u0163ional Cheile Nerei-Beu\u015fni\u0163a, p\u00e2n\u0103 la Lacul Ochiul Beiului \u015fi Cascada Beu\u015fni\u0163a.<!--more--> Pe parcursul celor 11 km parcur\u015fi, copiii au aflat lucruri lucruri inedite care \u0163in de geografie local\u0103, de vegeta\u0163ia \u015fi animalele\u00a0 din locul \u00een care se aflau. Au fost informa\u0163i cu privire la parcurile na\u0163ionale din Cara\u015f-Severin. \u00a0Au fost \u00eendruma\u0163i \u00a0de c\u0103tre reprezentan\u0163i ai Asocia\u0163iei \u201ePrietenii Mun\u0163ilor\u201d (Ioan Adamek, decanul de v\u00e2rst\u0103 al Asocia\u0163iei, Margareta Demeny, Horst Neff, Cristian Debona, Gigi Cruceru, Iancsi Mato), care au oferit informa\u0163ii, dar \u015fi sprijin \u00een parcurgerea traseului. Cu totul special\u0103\u00a0 a fost sus\u0163inerea unui moment de lectur\u0103 la malul Lacului Ochiul Beiului, care a constituit marcarea \u00eentr-un mod aparte a Zilei Interna\u0163ionale a C\u0103r\u0163ii pentru Copii. Organizatori ai excursiei au fost cadrele didactice Cristina Ardeleanu, Doina Caracalean \u015fi Lenu\u0163a Meche\u0163i, Asocia\u0163ia \u201ePrietenii Mun\u0163ilor\u201d \u015fi \u201cMetarsis\u201d prin Libr\u0103ria \u201eSemn de carte\u201d fiind parteneri \u00een organizarea \u015fi derularea ac\u0163iunii. \u00a0Excursia se \u00eenscrie \u00een cadrul proiectului jude\u0163ean \u201eC\u0103l\u0103tor \u00een Mun\u0163ii Banatului\u201d, proiect care face parte din Calendarul Activit\u0103\u0163ilor Educative avizat de ISJ Cara\u015f-Severin. A doua parte a ac\u0163iunii va reprezenta o drume\u0163ie \u00een Parcul na\u0163ional \u201eSemenic \u2013 Cheile Cara\u015fului\u201d. <em>(autorul articolului si foto: prof. Cristina Ardelean)<\/em><\/p>\n<p style=\"text-align: justify;\"><a href=\"http:\/\/semndecarte.metarsis.ro\/wp-content\/uploads\/2012\/04\/9.jpg\" rel=\"lightbox[6593]\"><img loading=\"lazy\" class=\"alignleft size-thumbnail wp-image-6615\" title=\"Copii din clasele I, a III-a \u015fi a IV-a de la \u015ecoala cu cls. I-VIII Nr. 7 Re\u015fi\u0163a insotiti de Cristina Ardeleanu, Doina Caracalean \u015fi Lenu\u0163a Meche\u0163i, membrii ai Asocia\u0163ia \u201ePrietenii Mun\u0163ilor\u201d \" src=\"http:\/\/semndecarte.metarsis.ro\/wp-content\/uploads\/2012\/04\/9-95x95.jpg\" alt=\"\" width=\"95\" height=\"95\" \/><\/a><a href=\"http:\/\/semndecarte.metarsis.ro\/wp-content\/uploads\/2012\/04\/8.jpg\" rel=\"lightbox[6593]\"><img loading=\"lazy\" class=\"alignleft size-thumbnail wp-image-6614\" title=\"Copii din clasele I, a III-a \u015fi a IV-a de la \u015ecoala cu cls. I-VIII Nr. 7 Re\u015fi\u0163a insotiti de Cristina Ardeleanu, Doina Caracalean \u015fi Lenu\u0163a Meche\u0163i, membrii ai Asocia\u0163ia \u201ePrietenii Mun\u0163ilor\u201d \" src=\"http:\/\/semndecarte.metarsis.ro\/wp-content\/uploads\/2012\/04\/8-95x95.jpg\" alt=\"\" width=\"95\" height=\"95\" \/><\/a><a href=\"http:\/\/semndecarte.metarsis.ro\/wp-content\/uploads\/2012\/04\/7.jpg\" rel=\"lightbox[6593]\"><img loading=\"lazy\" class=\"alignleft size-thumbnail wp-image-6613\" title=\"Copii din clasele I, a III-a \u015fi a IV-a de la \u015ecoala cu cls. I-VIII Nr. 7 Re\u015fi\u0163a insotiti de Cristina Ardeleanu, Doina Caracalean \u015fi Lenu\u0163a Meche\u0163i, membrii ai Asocia\u0163ia \u201ePrietenii Mun\u0163ilor\u201d \" src=\"http:\/\/semndecarte.metarsis.ro\/wp-content\/uploads\/2012\/04\/7-95x95.jpg\" alt=\"\" width=\"95\" height=\"95\" \/><\/a><a href=\"http:\/\/semndecarte.metarsis.ro\/wp-content\/uploads\/2012\/04\/6.jpg\" rel=\"lightbox[6593]\"><img loading=\"lazy\" class=\"alignleft size-thumbnail wp-image-6612\" title=\"Copii din clasele I, a III-a \u015fi a IV-a de la \u015ecoala cu cls. I-VIII Nr. 7 Re\u015fi\u0163a insotiti de Cristina Ardeleanu, Doina Caracalean \u015fi Lenu\u0163a Meche\u0163i, membrii ai Asocia\u0163ia \u201ePrietenii Mun\u0163ilor\u201d \" src=\"http:\/\/semndecarte.metarsis.ro\/wp-content\/uploads\/2012\/04\/6-95x95.jpg\" alt=\"\" width=\"95\" height=\"95\" \/><\/a><a href=\"http:\/\/semndecarte.metarsis.ro\/wp-content\/uploads\/2012\/04\/5.jpg\" rel=\"lightbox[6593]\"><img loading=\"lazy\" class=\"alignleft size-thumbnail wp-image-6611\" title=\"Copii din clasele I, a III-a \u015fi a IV-a de la \u015ecoala cu cls. I-VIII Nr. 7 Re\u015fi\u0163a insotiti de Cristina Ardeleanu, Doina Caracalean \u015fi Lenu\u0163a Meche\u0163i, membrii ai Asocia\u0163ia \u201ePrietenii Mun\u0163ilor\u201d \" src=\"http:\/\/semndecarte.metarsis.ro\/wp-content\/uploads\/2012\/04\/5-95x95.jpg\" alt=\"\" width=\"95\" height=\"95\" \/><\/a><a href=\"http:\/\/semndecarte.metarsis.ro\/wp-content\/uploads\/2012\/04\/4.jpg\" rel=\"lightbox[6593]\"><img loading=\"lazy\" class=\"alignleft size-thumbnail wp-image-6610\" title=\"Copii din clasele I, a III-a \u015fi a IV-a de la \u015ecoala cu cls. I-VIII Nr. 7 Re\u015fi\u0163a insotiti de Cristina Ardeleanu, Doina Caracalean \u015fi Lenu\u0163a Meche\u0163i, membrii ai Asocia\u0163ia \u201ePrietenii Mun\u0163ilor\u201d \" src=\"http:\/\/semndecarte.metarsis.ro\/wp-content\/uploads\/2012\/04\/4-95x95.jpg\" alt=\"\" width=\"95\" height=\"95\" \/><\/a><a href=\"http:\/\/semndecarte.metarsis.ro\/wp-content\/uploads\/2012\/04\/2.jpg\" rel=\"lightbox[6593]\"><img loading=\"lazy\" class=\"alignleft size-thumbnail wp-image-6608\" title=\"Copii din clasele I, a III-a \u015fi a IV-a de la \u015ecoala cu cls. I-VIII Nr. 7 Re\u015fi\u0163a insotiti de Cristina Ardeleanu, Doina Caracalean \u015fi Lenu\u0163a Meche\u0163i, membrii ai Asocia\u0163ia \u201ePrietenii Mun\u0163ilor\u201d \" src=\"http:\/\/semndecarte.metarsis.ro\/wp-content\/uploads\/2012\/04\/2-95x95.jpg\" alt=\"\" width=\"95\" height=\"95\" \/><\/a><a href=\"http:\/\/semndecarte.metarsis.ro\/wp-content\/uploads\/2012\/04\/1.jpg\" rel=\"lightbox[6593]\"><img loading=\"lazy\" class=\"alignleft size-thumbnail wp-image-6607\" title=\"Copii din clasele I, a III-a \u015fi a IV-a de la \u015ecoala cu cls. I-VIII Nr. 7 Re\u015fi\u0163a insotiti de Cristina Ardeleanu, Doina Caracalean \u015fi Lenu\u0163a Meche\u0163i, membrii ai Asocia\u0163ia \u201ePrietenii Mun\u0163ilor\u201d \" src=\"http:\/\/semndecarte.metarsis.ro\/wp-content\/uploads\/2012\/04\/1-95x95.jpg\" alt=\"\" width=\"95\" height=\"95\" \/><\/a><a href=\"http:\/\/semndecarte.metarsis.ro\/wp-content\/uploads\/2012\/04\/3.jpg\" rel=\"lightbox[6593]\"><img loading=\"lazy\" class=\"alignleft size-thumbnail wp-image-6609\" title=\"Copii din clasele I, a III-a \u015fi a IV-a de la \u015ecoala cu cls. I-VIII Nr. 7 Re\u015fi\u0163a insotiti de Cristina Ardeleanu, Doina Caracalean \u015fi Lenu\u0163a Meche\u0163i, membrii ai Asocia\u0163ia \u201ePrietenii Mun\u0163ilor\u201d \" src=\"http:\/\/semndecarte.metarsis.ro\/wp-content\/uploads\/2012\/04\/3-95x95.jpg\" alt=\"\" width=\"95\" height=\"95\" \/><\/a><a href=\"http:\/\/semndecarte.metarsis.ro\/wp-content\/uploads\/2012\/04\/10.jpg\" rel=\"lightbox[6593]\"><img loading=\"lazy\" class=\"alignleft size-thumbnail wp-image-6616\" title=\"Copii din clasele I, a III-a \u015fi a IV-a de la \u015ecoala cu cls. I-VIII Nr. 7 Re\u015fi\u0163a insotiti de Cristina Ardeleanu, Doina Caracalean \u015fi Lenu\u0163a Meche\u0163i, membrii ai Asocia\u0163ia \u201ePrietenii Mun\u0163ilor\u201d \" src=\"http:\/\/semndecarte.metarsis.ro\/wp-content\/uploads\/2012\/04\/10-95x95.jpg\" alt=\"\" width=\"95\" height=\"95\" \/><\/a><\/p>\n","protected":false},"excerpt":{"rendered":"<p>Luni, 2 aprilie 2012,  \u00een cadrul Programului \u201e\u015ecoala altfel\u201d, aproape  50 de copii din clasele I, a III-a \u015fi a IV-a de la \u015ecoala cu cls. I-VIII Nr. 7 Re\u015fi\u0163a au participat la activitatea \u201eParcuri Na\u0163ionale \u00een Banat\u201d.  Ac\u0163iunea a constat \u00eentr-o excursie pe traseul Re\u015fi\u0163a \u2013 Oravi\u0163a \u2013 Potoc, continuat\u0103 cu o  drume\u0163ie \u00een Parcul Na\u0163ional Cheile Nerei-Beu\u015fni\u0163a, p\u00e2n\u0103 la Lacul Ochiul Beiului \u015fi Cascada Beu\u015fni\u0163a.<\/p>\n","protected":false},"author":1,"featured_media":0,"comment_status":"open","ping_status":"open","sticky":false,"template":"","format":"standard","meta":[],"categories":[7],"tags":[323,361],"_links":{"self":[{"href":"https:\/\/semndecarte.metarsis.ro\/index.php?rest_route=\/wp\/v2\/posts\/6593"}],"collection":[{"href":"https:\/\/semndecarte.metarsis.ro\/index.php?rest_route=\/wp\/v2\/posts"}],"about":[{"href":"https:\/\/semndecarte.metarsis.ro\/index.php?rest_route=\/wp\/v2\/types\/post"}],"author":[{"embeddable":true,"href":"https:\/\/semndecarte.metarsis.ro\/index.php?rest_route=\/wp\/v2\/users\/1"}],"replies":[{"embeddable":true,"href":"https:\/\/semndecarte.metarsis.ro\/index.php?rest_route=%2Fwp%2Fv2%2Fcomments&post=6593"}],"version-history":[{"count":0,"href":"https:\/\/semndecarte.metarsis.ro\/index.php?rest_route=\/wp\/v2\/posts\/6593\/revisions"}],"wp:attachment":[{"href":"https:\/\/semndecarte.metarsis.ro\/index.php?rest_route=%2Fwp%2Fv2%2Fmedia&parent=6593"}],"wp:term":[{"taxonomy":"category","embeddable":true,"href":"https:\/\/semndecarte.metarsis.ro\/index.php?rest_route=%2Fwp%2Fv2%2Fcategories&post=6593"},{"taxonomy":"post_tag","embeddable":true,"href":"https:\/\/semndecarte.metarsis.ro\/index.php?rest_route=%2Fwp%2Fv2%2Ftags&post=6593"}],"curies":[{"name":"wp","href":"https:\/\/api.w.org\/{rel}","templated":true}]}}