{"id":6558,"date":"2012-03-23T22:34:59","date_gmt":"2012-03-23T20:34:59","guid":{"rendered":"http:\/\/semndecarte.metarsis.ro\/?p=6558"},"modified":"2012-03-23T22:34:59","modified_gmt":"2012-03-23T20:34:59","slug":"la-multi-ani-camelia","status":"publish","type":"post","link":"https:\/\/semndecarte.metarsis.ro\/?p=6558","title":{"rendered":"La multi ani Camelia!"},"content":{"rendered":"<p style=\"text-align: justify;\">\u201ePove\u015ftile mele\u201d se intituleaz\u0103  expozi\u0163ia de art\u0103 naiv\u0103 vernisat\u0103 \u00een seara de joi, 22 martie la Libr\u0103ria  \u201eSemn de Carte\u201d din Re\u015fi\u0163a sub semn\u0103tura Cameliei Ciobanu Constantin,  artist cu un bogat palmares de premii \u015fi distinc\u0163ii culese de-a lungul  unei cariere de peste 20 de ani, dar \u015fi cu numeroase particip\u0103ri la  expozi\u0163ii, saloane \u015fi tabere de crea\u0163ie na\u0163ionale \u015fi interna\u0163ionale.<!--more--><\/p>\n<p style=\"text-align: justify;\">Vernisajul a fost o avanpremier\u0103  aniversar\u0103, pentru c\u0103 artista \u00eempline\u015fte ast\u0103zi 46 de ani, iar lucr\u0103rile  ei, deloc \u201enaive\u201d povestesc despre un timp al \u201eanotimpurilor\u201d tr\u0103ite  sub semnul culorii \u015fi al bucuriei vie\u0163ii. Expozi\u0163ia a fost deschis\u0103 de  criticul de art\u0103 dr. Ada D. Cruceanu care a precizat c\u0103 \u201eelementul cel  mai important r\u0103m\u00e2ne cromatica, dar \u015fi exuberan\u0163a cu care Camelia  Ciobanu reu\u015fe\u015fte s\u0103 asezoneze \u015fi s\u0103 amalgameze elemente din varii spa\u0163ii  culturale\u201d. Prezent la vernisaj, seniorul \u015fcolii de art\u0103 naiv\u0103 din  Cara\u015f-Severin, pictorul Mihai Vintil\u0103 a felicitat-o pe artist\u0103 \u015fi a  evocat c\u00e2teva momente de succes din activitatea ei, argument\u00e2nd c\u0103  pasiunea cu care picteaz\u0103, deopotriv\u0103, icoane pe sticl\u0103 \u0163ine de un  talent eviden\u0163iat \u00een repetate r\u00e2nduri la saloanele \u015fi expozi\u0163iile la  care au participat \u00eempreun\u0103. <em>(Alexandra Gorghiu &#8211; Radio Romania Resita)<\/em><\/p>\n<p style=\"text-align: justify;\"><a href=\"http:\/\/semndecarte.metarsis.ro\/wp-content\/uploads\/2012\/03\/DSC_0020.jpg\" rel=\"lightbox[6558]\"><img loading=\"lazy\" class=\"alignleft size-thumbnail wp-image-6559\" title=\"Vernisaj &quot;Povestile mele&quot; - Camelia Ciobanu Constantin\" src=\"http:\/\/semndecarte.metarsis.ro\/wp-content\/uploads\/2012\/03\/DSC_0020-95x95.jpg\" alt=\"\" width=\"95\" height=\"95\" \/><\/a><a href=\"http:\/\/semndecarte.metarsis.ro\/wp-content\/uploads\/2012\/03\/DSC_0040.jpg\" rel=\"lightbox[6558]\"><img loading=\"lazy\" class=\"alignleft size-thumbnail wp-image-6560\" title=\"Vernisaj &quot;Povestile mele&quot; - Camelia Ciobanu Constantin\" src=\"http:\/\/semndecarte.metarsis.ro\/wp-content\/uploads\/2012\/03\/DSC_0040-95x95.jpg\" alt=\"\" width=\"95\" height=\"95\" \/><\/a><a href=\"http:\/\/semndecarte.metarsis.ro\/wp-content\/uploads\/2012\/03\/DSC_0045.jpg\" rel=\"lightbox[6558]\"><img loading=\"lazy\" class=\"alignleft size-thumbnail wp-image-6561\" title=\"Vernisaj &quot;Povestile mele&quot; - Camelia Ciobanu Constantin\" src=\"http:\/\/semndecarte.metarsis.ro\/wp-content\/uploads\/2012\/03\/DSC_0045-95x95.jpg\" alt=\"\" width=\"95\" height=\"95\" \/><\/a><a href=\"http:\/\/semndecarte.metarsis.ro\/wp-content\/uploads\/2012\/03\/DSC_0106.jpg\" rel=\"lightbox[6558]\"><img loading=\"lazy\" class=\"alignleft size-thumbnail wp-image-6563\" title=\"Vernisaj &quot;Povestile mele&quot; - Camelia Ciobanu Constantin\" src=\"http:\/\/semndecarte.metarsis.ro\/wp-content\/uploads\/2012\/03\/DSC_0106-95x95.jpg\" alt=\"\" width=\"95\" height=\"95\" \/><\/a><a href=\"http:\/\/semndecarte.metarsis.ro\/wp-content\/uploads\/2012\/03\/DSCN8183.jpg\" rel=\"lightbox[6558]\"><img loading=\"lazy\" class=\"alignleft size-thumbnail wp-image-6564\" title=\"Vernisaj &quot;Povestile mele&quot; - Camelia Ciobanu Constantin\" src=\"http:\/\/semndecarte.metarsis.ro\/wp-content\/uploads\/2012\/03\/DSCN8183-95x95.jpg\" alt=\"\" width=\"95\" height=\"95\" \/><\/a><br \/>\n<object style=\"width: 258px; height: 212px;\" classid=\"clsid:d27cdb6e-ae6d-11cf-96b8-444553540000\" width=\"258\" height=\"212\" codebase=\"http:\/\/download.macromedia.com\/pub\/shockwave\/cabs\/flash\/swflash.cab#version=6,0,40,0\"><param name=\"loop\" value=\"false\" \/><param name=\"menu\" value=\"false\" \/><param name=\"salign\" value=\"l\" \/><param name=\"src\" value=\"http:\/\/www.youtube.com\/v\/JwkLyZ2MiL8&amp;rel=0\" \/><param name=\"align\" value=\"left\" \/><embed style=\"width: 258px; height: 212px;\" type=\"application\/x-shockwave-flash\" width=\"258\" height=\"212\" src=\"http:\/\/www.youtube.com\/v\/JwkLyZ2MiL8&amp;rel=0\" align=\"left\" salign=\"l\" menu=\"false\" loop=\"false\"><\/embed><\/object><br \/>\n<object classid=\"clsid:d27cdb6e-ae6d-11cf-96b8-444553540000\" width=\"258\" height=\"212\" codebase=\"http:\/\/download.macromedia.com\/pub\/shockwave\/cabs\/flash\/swflash.cab#version=6,0,40,0\"><param name=\"loop\" value=\"false\" \/><param name=\"menu\" value=\"false\" \/><param name=\"salign\" value=\"l\" \/><param name=\"src\" value=\"http:\/\/www.youtube.com\/v\/r9i4qtL0o9E&amp;rel=0\" \/><param name=\"align\" value=\"left\" \/><embed type=\"application\/x-shockwave-flash\" width=\"258\" height=\"212\" src=\"http:\/\/www.youtube.com\/v\/r9i4qtL0o9E&amp;rel=0\" align=\"left\" salign=\"l\" menu=\"false\" loop=\"false\"><\/embed><\/object><\/p>\n","protected":false},"excerpt":{"rendered":"<p>\u201ePove\u015ftile mele\u201d se intituleaz\u0103 expozi\u0163ia de art\u0103 naiv\u0103 vernisat\u0103 \u00een seara de joi, 22 martie la Libr\u0103ria \u201eSemn de Carte\u201d din Re\u015fi\u0163a sub semn\u0103tura Cameliei Ciobanu Constantin, artist cu un bogat palmares de premii \u015fi distinc\u0163ii culese de-a lungul unei cariere de peste 20 de ani, dar \u015fi cu numeroase particip\u0103ri la expozi\u0163ii, saloane \u015fi tabere de crea\u0163ie na\u0163ionale \u015fi interna\u0163ionale.<\/p>\n","protected":false},"author":1,"featured_media":0,"comment_status":"open","ping_status":"open","sticky":false,"template":"","format":"standard","meta":[],"categories":[7],"tags":[250,241],"_links":{"self":[{"href":"https:\/\/semndecarte.metarsis.ro\/index.php?rest_route=\/wp\/v2\/posts\/6558"}],"collection":[{"href":"https:\/\/semndecarte.metarsis.ro\/index.php?rest_route=\/wp\/v2\/posts"}],"about":[{"href":"https:\/\/semndecarte.metarsis.ro\/index.php?rest_route=\/wp\/v2\/types\/post"}],"author":[{"embeddable":true,"href":"https:\/\/semndecarte.metarsis.ro\/index.php?rest_route=\/wp\/v2\/users\/1"}],"replies":[{"embeddable":true,"href":"https:\/\/semndecarte.metarsis.ro\/index.php?rest_route=%2Fwp%2Fv2%2Fcomments&post=6558"}],"version-history":[{"count":0,"href":"https:\/\/semndecarte.metarsis.ro\/index.php?rest_route=\/wp\/v2\/posts\/6558\/revisions"}],"wp:attachment":[{"href":"https:\/\/semndecarte.metarsis.ro\/index.php?rest_route=%2Fwp%2Fv2%2Fmedia&parent=6558"}],"wp:term":[{"taxonomy":"category","embeddable":true,"href":"https:\/\/semndecarte.metarsis.ro\/index.php?rest_route=%2Fwp%2Fv2%2Fcategories&post=6558"},{"taxonomy":"post_tag","embeddable":true,"href":"https:\/\/semndecarte.metarsis.ro\/index.php?rest_route=%2Fwp%2Fv2%2Ftags&post=6558"}],"curies":[{"name":"wp","href":"https:\/\/api.w.org\/{rel}","templated":true}]}}