{"id":6505,"date":"2012-03-15T18:17:25","date_gmt":"2012-03-15T16:17:25","guid":{"rendered":"http:\/\/semndecarte.metarsis.ro\/?p=6505"},"modified":"2012-03-15T18:17:25","modified_gmt":"2012-03-15T16:17:25","slug":"intre-prieteni-si-munti","status":"publish","type":"post","link":"https:\/\/semndecarte.metarsis.ro\/?p=6505","title":{"rendered":"\u00centre prieteni \u015fi mun\u0163i"},"content":{"rendered":"<p style=\"text-align: justify;\">O nou\u0103 prezentare de diapozitive, o nou\u0103 sear\u0103 \u00eentre prieteni ai mun\u0163ilor a avut loc la Semn de Carte. Decanul de v\u00e2rst\u0103 al Asocia\u0163iei, conducatorul sec\u0163iei \u201cDrume\u0163ie\u201d, incredibilul Ioan Adamek (86 ani) ne-a readus \u00een memorie Semenicul anilor 1980 \u015fi neuitatele \u201cCarnavaluri ale z\u0103pezii\u201d din perioada 1992 &#8211; 1993. <!--more-->Am rev\u0103zut cu nostalgie dar \u015fi cu bucurie copii- ast\u0103zi adul\u0163i- crescu\u0163i \u00een spirit montagnard, recunoscu\u0163i, ce-i drept, destul de greu din cauza m\u0103\u015ftilor, de patru dintre cei ce-i monitorizau \u015fi-i instruiau pe micu\u0163ii schiori, dedica\u0163i si azi muntelui \u015fi copiilor: Helmuth Krubl, Gelu Ebetiuc,Vio Gr\u0103dinaru \u015fi Adi Iovanovici. I-am v\u0103zut, copiii fiind, printre altii, pe: Sorina \u015fi Florin Sab\u0103u, Silvia Ebetiuc, Andreea Oros, Alina Alaci, Cinti Ionescu, Robi Krubl, Ioana Berci, Cipi Popa, Roxana Ferchescu, Adi Mate\u015foane, Andra Gr\u0103dinaru, Codru\u0163a Polianschi, Dani Cisma\u015f, Siegfried Jianu, i-am rev\u0103zut, cu pl\u0103cere, pe \u00a0Kathy Back, Kuki \u015fi Linda Staroscik, Rodica \u015fi Viorel Hurmuz, Neli Krubl, Mi\u015fu Sab\u0103u, Corina Chitan, Mihai Neme\u015f, Eda Fhei, Tibi Ifrim, Sorin R\u0103doi, Adriana Sab\u0103u, Victor Tulbureanu. Au fost prezenatate diapozitive din prima tab\u0103r\u0103 de turism organizat\u0103 acum, 30 de ani la Cabana Prietenilor, de c\u0103tre membrii sec\u0163iei \u201cDrume\u0163ie\u201d. I-am v\u0103zut str\u0103b\u0103t\u00e2nd trasee \u00eempreun\u0103 cu copiii din tab\u0103r\u0103 pe Ioan Adamek, Rusalin Lin\u0163a, pe so\u0163ii Anhauer \u015fi Kopetschi, pe doamna Margareta Demeny, drume\u0163ind pe c\u0103r\u0103rile Mun\u0163ilor Semenic, de la Crucea de Brazi, Vf. Cuca, Nedeeia, Valea Soarelui \u015fi Vila Klaus, Vf. Murgila p\u00e2na la Poienile \u015fi Teregova, la cules de afine \u015fi prins de pe\u015fte.<\/p>\n<p style=\"text-align: justify;\">O nou\u0103 \u00eent\u00e2lnire a prietenilor mun\u0163ilor, cu imagini superbe \u015fi aduceri aminte, o sear\u0103 f\u0103r\u0103 mofturi. Am zis!<\/p>\n<p style=\"text-align: justify;\"><a href=\"http:\/\/semndecarte.metarsis.ro\/wp-content\/uploads\/2012\/03\/IMG_1772.jpg\" rel=\"lightbox[6505]\"><img loading=\"lazy\" class=\"alignleft size-thumbnail wp-image-6506\" title=\"Serb\u0103rile z\u0103pezii pe Semenic \u00een anii 1992-1993\" src=\"http:\/\/semndecarte.metarsis.ro\/wp-content\/uploads\/2012\/03\/IMG_1772-95x95.jpg\" alt=\"\" width=\"95\" height=\"95\" \/><\/a><a href=\"http:\/\/semndecarte.metarsis.ro\/wp-content\/uploads\/2012\/03\/IMG_1776.jpg\" rel=\"lightbox[6505]\"><img loading=\"lazy\" class=\"alignleft size-thumbnail wp-image-6507\" title=\"Serb\u0103rile z\u0103pezii pe Semenic \u00een anii 1992-1993\" src=\"http:\/\/semndecarte.metarsis.ro\/wp-content\/uploads\/2012\/03\/IMG_1776-95x95.jpg\" alt=\"\" width=\"95\" height=\"95\" \/><\/a><a href=\"http:\/\/semndecarte.metarsis.ro\/wp-content\/uploads\/2012\/03\/IMG_1777.jpg\" rel=\"lightbox[6505]\"><img loading=\"lazy\" class=\"alignleft size-thumbnail wp-image-6508\" title=\"Serb\u0103rile z\u0103pezii pe Semenic \u00een anii 1992-1993\" src=\"http:\/\/semndecarte.metarsis.ro\/wp-content\/uploads\/2012\/03\/IMG_1777-95x95.jpg\" alt=\"\" width=\"95\" height=\"95\" \/><\/a><a href=\"http:\/\/semndecarte.metarsis.ro\/wp-content\/uploads\/2012\/03\/IMG_1778.jpg\" rel=\"lightbox[6505]\"><img loading=\"lazy\" class=\"alignleft size-thumbnail wp-image-6509\" title=\"Serb\u0103rile z\u0103pezii pe Semenic \u00een anii 1992-1993\" src=\"http:\/\/semndecarte.metarsis.ro\/wp-content\/uploads\/2012\/03\/IMG_1778-95x95.jpg\" alt=\"\" width=\"95\" height=\"95\" \/><\/a><a href=\"http:\/\/semndecarte.metarsis.ro\/wp-content\/uploads\/2012\/03\/IMG_1786.jpg\" rel=\"lightbox[6505]\"><img loading=\"lazy\" class=\"alignleft size-thumbnail wp-image-6511\" title=\"Serb\u0103rile z\u0103pezii pe Semenic \u00een anii 1992-1993\" src=\"http:\/\/semndecarte.metarsis.ro\/wp-content\/uploads\/2012\/03\/IMG_1786-95x95.jpg\" alt=\"\" width=\"95\" height=\"95\" \/><\/a><a href=\"http:\/\/semndecarte.metarsis.ro\/wp-content\/uploads\/2012\/03\/IMG_1790.jpg\" rel=\"lightbox[6505]\"><img loading=\"lazy\" class=\"alignleft size-thumbnail wp-image-6512\" title=\"Serb\u0103rile z\u0103pezii pe Semenic \u00een anii 1992-1993\" src=\"http:\/\/semndecarte.metarsis.ro\/wp-content\/uploads\/2012\/03\/IMG_1790-95x95.jpg\" alt=\"\" width=\"95\" height=\"95\" \/><\/a><a href=\"http:\/\/semndecarte.metarsis.ro\/wp-content\/uploads\/2012\/03\/IMG_1794.jpg\" rel=\"lightbox[6505]\"><img loading=\"lazy\" class=\"alignleft size-thumbnail wp-image-6513\" title=\"Serb\u0103rile z\u0103pezii pe Semenic \u00een anii 1992-1993\" src=\"http:\/\/semndecarte.metarsis.ro\/wp-content\/uploads\/2012\/03\/IMG_1794-95x95.jpg\" alt=\"\" width=\"95\" height=\"95\" \/><\/a><a href=\"http:\/\/semndecarte.metarsis.ro\/wp-content\/uploads\/2012\/03\/IMG_1798.jpg\" rel=\"lightbox[6505]\"><img loading=\"lazy\" class=\"alignleft size-thumbnail wp-image-6514\" title=\"Serb\u0103rile z\u0103pezii pe Semenic \u00een anii 1992-1993\" src=\"http:\/\/semndecarte.metarsis.ro\/wp-content\/uploads\/2012\/03\/IMG_1798-95x95.jpg\" alt=\"\" width=\"95\" height=\"95\" \/><\/a><a href=\"http:\/\/semndecarte.metarsis.ro\/wp-content\/uploads\/2012\/03\/IMG_1800.jpg\" rel=\"lightbox[6505]\"><img loading=\"lazy\" class=\"alignleft size-thumbnail wp-image-6515\" title=\"Serb\u0103rile z\u0103pezii pe Semenic \u00een anii 1992-1993\" src=\"http:\/\/semndecarte.metarsis.ro\/wp-content\/uploads\/2012\/03\/IMG_1800-95x95.jpg\" alt=\"\" width=\"95\" height=\"95\" \/><\/a><a href=\"http:\/\/semndecarte.metarsis.ro\/wp-content\/uploads\/2012\/03\/IMG_1785.jpg\" rel=\"lightbox[6505]\"><img loading=\"lazy\" class=\"alignleft size-thumbnail wp-image-6510\" title=\"Serb\u0103rile z\u0103pezii pe Semenic \u00een anii 1992-1993\" src=\"http:\/\/semndecarte.metarsis.ro\/wp-content\/uploads\/2012\/03\/IMG_1785-95x95.jpg\" alt=\"\" width=\"95\" height=\"95\" \/><\/a><\/p>\n","protected":false},"excerpt":{"rendered":"<p>O nou\u0103 prezentare de diapozitive, o nou\u0103 sear\u0103 \u00eentre prieteni ai mun\u0163ilor a avut loc la Semn de Carte. Decanul de v\u00e2rst\u0103 al Asocia\u0163iei, conducatorul sec\u0163iei \u201cDrume\u0163ie\u201d, incredibilul Ioan Adamek (86 ani) ne-a readus \u00een memorie Semenicul anilor 1980 \u015fi neuitatele \u201cCarnavaluri ale z\u0103pezii\u201d din perioada 1992 &#8211; 1993.<\/p>\n","protected":false},"author":1,"featured_media":0,"comment_status":"open","ping_status":"open","sticky":false,"template":"","format":"standard","meta":[],"categories":[1],"tags":[],"_links":{"self":[{"href":"https:\/\/semndecarte.metarsis.ro\/index.php?rest_route=\/wp\/v2\/posts\/6505"}],"collection":[{"href":"https:\/\/semndecarte.metarsis.ro\/index.php?rest_route=\/wp\/v2\/posts"}],"about":[{"href":"https:\/\/semndecarte.metarsis.ro\/index.php?rest_route=\/wp\/v2\/types\/post"}],"author":[{"embeddable":true,"href":"https:\/\/semndecarte.metarsis.ro\/index.php?rest_route=\/wp\/v2\/users\/1"}],"replies":[{"embeddable":true,"href":"https:\/\/semndecarte.metarsis.ro\/index.php?rest_route=%2Fwp%2Fv2%2Fcomments&post=6505"}],"version-history":[{"count":0,"href":"https:\/\/semndecarte.metarsis.ro\/index.php?rest_route=\/wp\/v2\/posts\/6505\/revisions"}],"wp:attachment":[{"href":"https:\/\/semndecarte.metarsis.ro\/index.php?rest_route=%2Fwp%2Fv2%2Fmedia&parent=6505"}],"wp:term":[{"taxonomy":"category","embeddable":true,"href":"https:\/\/semndecarte.metarsis.ro\/index.php?rest_route=%2Fwp%2Fv2%2Fcategories&post=6505"},{"taxonomy":"post_tag","embeddable":true,"href":"https:\/\/semndecarte.metarsis.ro\/index.php?rest_route=%2Fwp%2Fv2%2Ftags&post=6505"}],"curies":[{"name":"wp","href":"https:\/\/api.w.org\/{rel}","templated":true}]}}