{"id":6486,"date":"2012-03-09T22:25:04","date_gmt":"2012-03-09T20:25:04","guid":{"rendered":"http:\/\/semndecarte.metarsis.ro\/?p=6486"},"modified":"2012-03-09T22:25:04","modified_gmt":"2012-03-09T20:25:04","slug":"semne-de-iubire","status":"publish","type":"post","link":"https:\/\/semndecarte.metarsis.ro\/?p=6486","title":{"rendered":"Semne de iubire"},"content":{"rendered":"<p style=\"text-align: justify;\">De 8 Martie, ziua dedicat\u0103 tuturor femeilor, mai ales\u00a0celor din via\u0163a noastr\u0103, la Semn de Carte s-au \u00eemp\u0103r\u0163it flori \u015fi z\u00e2mbete, g\u00e2nduri bune, \u00eembr\u0103\u0163i\u015f\u0103ri , ur\u0103ri \u015fi, mai ales,\u00a0 s-a c\u00e2ntat. <!--more-->Cu entuziasmul specific v\u00e2rstei, trei tineri cavaleri: Lauren\u0163iu Radu \u015fi Vlad Cr\u00e2nganu dou\u0103\u00a0chitare bine temparate, Andrei Ghilea la contrabas, d\u00e2nd \u201cgreutate\u201d pieselor \u015fi t\u00e2n\u0103ra domni\u0163\u0103 Oana Vera I\u015ftfan -vocea hotar\u00e2t\u0103- au d\u0103ruit celor prezen\u0163i \u00een num\u0103r impresionant- emo\u0163ii \u015fi bucurii prin cover-urile interpretate, \u00eentr-un concert unplugged. Al\u0103turat \u00een ultimul moment grupului, contrabasistul Andrei Ghilea, proasp\u0103t absolvent al Liceului de Arta \u201cSabin Pau\u0163a\u201d\u00a0din Re\u015fi\u0163a a oferit, \u00een pauz\u0103,\u00a0daruri muzicale interpretate la pianina ceain\u0103riei. Multe dintre piesele interpretate de forma\u0163ia \u00eenc\u0103 f\u0103r\u0103 nume au facut publicul s\u0103 c\u00e2nte alaturi de tinerii talenta\u0163i, din public o voce demn\u0103 de remarcat fiind cea a Anei-Maria Pecioara. Evenimentul organizat de Metarsis- activit\u0103\u0163i \u015fi servicii de cultur\u0103 urban\u0103 \u015fi art\u0103 contemporan\u0103, Casa de Cultur\u0103 Studen\u0163easc\u0103 \u015fi Liga Studen\u0163ilor din Universitatea \u201cEftimie Murgu\u201d a fost \u00eenc\u0103 o dovad\u0103 c\u0103 toate femeile din via\u0163a noastr\u0103 sunt iubite.\u00a0\u201cPetrecerile cu mult \u00eenainte preg\u0103tite rar se \u00eent\u00e2mpl\u0103 s\u0103 ias\u0103 bine; c\u00e2t\u0103 vreme, cele \u00eencinse a\u015fa din \u00eent\u00e2mplare, pe neg\u00e2ndite, aproape totdeuna izbutesc frumos&#8230;\u201d spunea Nenea Iancu. A\u015fa a fost \u015fi asear\u0103 la Semn de Carte cu \u00eent\u00e2lnirea hot\u0103r\u00e2ta doar cu trei zile \u00eenainte. O \u00eent\u00e2lnire unde toat\u0103 lumea a c\u00e2ntat \u015fi s-a sim\u0163it bine. Am zis!<\/p>\n<p style=\"text-align: justify;\"><a href=\"http:\/\/semndecarte.metarsis.ro\/wp-content\/uploads\/2012\/03\/Semn-de-Carte_0048.jpg\" rel=\"lightbox[6486]\"><img loading=\"lazy\" class=\"alignleft size-thumbnail wp-image-6494\" title=\"8 martie la Libraria Semn de Carte\" src=\"http:\/\/semndecarte.metarsis.ro\/wp-content\/uploads\/2012\/03\/Semn-de-Carte_0048-95x95.jpg\" alt=\"\" width=\"95\" height=\"95\" \/><\/a><a href=\"http:\/\/semndecarte.metarsis.ro\/wp-content\/uploads\/2012\/03\/Semn-de-Carte_0017.jpg\" rel=\"lightbox[6486]\"><img loading=\"lazy\" class=\"alignleft size-thumbnail wp-image-6489\" title=\"8 martie la Libraria Semn de Carte\" src=\"http:\/\/semndecarte.metarsis.ro\/wp-content\/uploads\/2012\/03\/Semn-de-Carte_0017-95x95.jpg\" alt=\"\" width=\"95\" height=\"95\" \/><\/a><a href=\"http:\/\/semndecarte.metarsis.ro\/wp-content\/uploads\/2012\/03\/Semn-de-Carte_0036.jpg\" rel=\"lightbox[6486]\"><img loading=\"lazy\" class=\"alignleft size-thumbnail wp-image-6491\" title=\"8 martie la Libraria Semn de Carte\" src=\"http:\/\/semndecarte.metarsis.ro\/wp-content\/uploads\/2012\/03\/Semn-de-Carte_0036-95x95.jpg\" alt=\"\" width=\"95\" height=\"95\" \/><\/a><a href=\"http:\/\/semndecarte.metarsis.ro\/wp-content\/uploads\/2012\/03\/Semn-de-Carte_0010.jpg\" rel=\"lightbox[6486]\"><img loading=\"lazy\" class=\"alignleft size-thumbnail wp-image-6498\" title=\"8 martie la Libraria Semn de Carte\" src=\"http:\/\/semndecarte.metarsis.ro\/wp-content\/uploads\/2012\/03\/Semn-de-Carte_0010-95x95.jpg\" alt=\"\" width=\"95\" height=\"95\" \/><\/a><a href=\"http:\/\/semndecarte.metarsis.ro\/wp-content\/uploads\/2012\/03\/Semn-de-Carte_0074.jpg\" rel=\"lightbox[6486]\"><img loading=\"lazy\" class=\"alignleft size-thumbnail wp-image-6503\" title=\"8 martie la Libraria Semn de Carte\" src=\"http:\/\/semndecarte.metarsis.ro\/wp-content\/uploads\/2012\/03\/Semn-de-Carte_0074-95x95.jpg\" alt=\"\" width=\"95\" height=\"95\" \/><\/a><a href=\"http:\/\/semndecarte.metarsis.ro\/wp-content\/uploads\/2012\/03\/Semn-de-Carte_0044.jpg\" rel=\"lightbox[6486]\"><img loading=\"lazy\" class=\"alignleft size-thumbnail wp-image-6493\" title=\"8 martie la Libraria Semn de Carte\" src=\"http:\/\/semndecarte.metarsis.ro\/wp-content\/uploads\/2012\/03\/Semn-de-Carte_0044-95x95.jpg\" alt=\"\" width=\"95\" height=\"95\" \/><\/a><a href=\"http:\/\/semndecarte.metarsis.ro\/wp-content\/uploads\/2012\/03\/Semn-de-Carte_0049.jpg\" rel=\"lightbox[6486]\"><img loading=\"lazy\" class=\"alignleft size-thumbnail wp-image-6495\" title=\"8 martie la Libraria Semn de Carte\" src=\"http:\/\/semndecarte.metarsis.ro\/wp-content\/uploads\/2012\/03\/Semn-de-Carte_0049-95x95.jpg\" alt=\"\" width=\"95\" height=\"95\" \/><\/a><a href=\"http:\/\/semndecarte.metarsis.ro\/wp-content\/uploads\/2012\/03\/Semn-de-Carte_0009.jpg\" rel=\"lightbox[6486]\"><img loading=\"lazy\" class=\"alignleft size-thumbnail wp-image-6488\" title=\"8 martie la Libraria Semn de Carte\" src=\"http:\/\/semndecarte.metarsis.ro\/wp-content\/uploads\/2012\/03\/Semn-de-Carte_0009-95x95.jpg\" alt=\"\" width=\"95\" height=\"95\" \/><\/a><a href=\"http:\/\/semndecarte.metarsis.ro\/wp-content\/uploads\/2012\/03\/Semn-de-Carte_0095.jpg\" rel=\"lightbox[6486]\"><img loading=\"lazy\" class=\"alignleft size-thumbnail wp-image-6496\" title=\"8 martie la Libraria Semn de Carte\" src=\"http:\/\/semndecarte.metarsis.ro\/wp-content\/uploads\/2012\/03\/Semn-de-Carte_0095-95x95.jpg\" alt=\"\" width=\"95\" height=\"95\" \/><\/a><a href=\"http:\/\/semndecarte.metarsis.ro\/wp-content\/uploads\/2012\/03\/Semn-de-Carte_0098.jpg\" rel=\"lightbox[6486]\"><img loading=\"lazy\" class=\"alignleft size-thumbnail wp-image-6497\" title=\"8 martie la Libraria Semn de Carte\" src=\"http:\/\/semndecarte.metarsis.ro\/wp-content\/uploads\/2012\/03\/Semn-de-Carte_0098-95x95.jpg\" alt=\"\" width=\"95\" height=\"95\" \/><\/a><a href=\"http:\/\/semndecarte.metarsis.ro\/wp-content\/uploads\/2012\/03\/Semn-de-Carte_0060.jpg\" rel=\"lightbox[6486]\"><img loading=\"lazy\" class=\"alignleft size-thumbnail wp-image-6500\" title=\"8 martie la Libraria Semn de Carte\" src=\"http:\/\/semndecarte.metarsis.ro\/wp-content\/uploads\/2012\/03\/Semn-de-Carte_0060-95x95.jpg\" alt=\"\" width=\"95\" height=\"95\" \/><\/a><a href=\"http:\/\/semndecarte.metarsis.ro\/wp-content\/uploads\/2012\/03\/Semn-de-Carte_0069.jpg\" rel=\"lightbox[6486]\"><img loading=\"lazy\" class=\"alignleft size-thumbnail wp-image-6501\" title=\"8 martie la Libraria Semn de Carte\" src=\"http:\/\/semndecarte.metarsis.ro\/wp-content\/uploads\/2012\/03\/Semn-de-Carte_0069-95x95.jpg\" alt=\"\" width=\"95\" height=\"95\" \/><\/a><a href=\"http:\/\/semndecarte.metarsis.ro\/wp-content\/uploads\/2012\/03\/Semn-de-Carte_0056.jpg\" rel=\"lightbox[6486]\"><img loading=\"lazy\" class=\"alignleft size-thumbnail wp-image-6499\" title=\"8 martie la Libraria Semn de Carte\" src=\"http:\/\/semndecarte.metarsis.ro\/wp-content\/uploads\/2012\/03\/Semn-de-Carte_0056-95x95.jpg\" alt=\"\" width=\"95\" height=\"95\" \/><\/a><a href=\"http:\/\/semndecarte.metarsis.ro\/wp-content\/uploads\/2012\/03\/Semn-de-Carte_0061.jpg\" rel=\"lightbox[6486]\"><img loading=\"lazy\" class=\"alignleft size-thumbnail wp-image-6502\" title=\"8 martie la Libraria Semn de Carte\" src=\"http:\/\/semndecarte.metarsis.ro\/wp-content\/uploads\/2012\/03\/Semn-de-Carte_0061-95x95.jpg\" alt=\"\" width=\"95\" height=\"95\" \/><\/a><a href=\"http:\/\/semndecarte.metarsis.ro\/wp-content\/uploads\/2012\/03\/Semn-de-Carte_0034.jpg\" rel=\"lightbox[6486]\"><img loading=\"lazy\" class=\"alignleft size-thumbnail wp-image-6490\" title=\"8 martie la Libraria Semn de Carte\" src=\"http:\/\/semndecarte.metarsis.ro\/wp-content\/uploads\/2012\/03\/Semn-de-Carte_0034-95x95.jpg\" alt=\"\" width=\"95\" height=\"95\" \/><\/a><\/p>\n","protected":false},"excerpt":{"rendered":"<p>De 8 Martie, ziua dedicat\u0103 tuturor femeilor, mai ales celor din via\u0163a noastr\u0103, la Semn de Carte s-au \u00eemp\u0103r\u0163it flori \u015fi z\u00e2mbete, g\u00e2nduri bune, \u00eembr\u0103\u0163i\u015f\u0103ri , ur\u0103ri \u015fi, mai ales,  s-a c\u00e2ntat. <\/p>\n","protected":false},"author":1,"featured_media":0,"comment_status":"open","ping_status":"open","sticky":false,"template":"","format":"standard","meta":[],"categories":[7],"tags":[358],"_links":{"self":[{"href":"https:\/\/semndecarte.metarsis.ro\/index.php?rest_route=\/wp\/v2\/posts\/6486"}],"collection":[{"href":"https:\/\/semndecarte.metarsis.ro\/index.php?rest_route=\/wp\/v2\/posts"}],"about":[{"href":"https:\/\/semndecarte.metarsis.ro\/index.php?rest_route=\/wp\/v2\/types\/post"}],"author":[{"embeddable":true,"href":"https:\/\/semndecarte.metarsis.ro\/index.php?rest_route=\/wp\/v2\/users\/1"}],"replies":[{"embeddable":true,"href":"https:\/\/semndecarte.metarsis.ro\/index.php?rest_route=%2Fwp%2Fv2%2Fcomments&post=6486"}],"version-history":[{"count":0,"href":"https:\/\/semndecarte.metarsis.ro\/index.php?rest_route=\/wp\/v2\/posts\/6486\/revisions"}],"wp:attachment":[{"href":"https:\/\/semndecarte.metarsis.ro\/index.php?rest_route=%2Fwp%2Fv2%2Fmedia&parent=6486"}],"wp:term":[{"taxonomy":"category","embeddable":true,"href":"https:\/\/semndecarte.metarsis.ro\/index.php?rest_route=%2Fwp%2Fv2%2Fcategories&post=6486"},{"taxonomy":"post_tag","embeddable":true,"href":"https:\/\/semndecarte.metarsis.ro\/index.php?rest_route=%2Fwp%2Fv2%2Ftags&post=6486"}],"curies":[{"name":"wp","href":"https:\/\/api.w.org\/{rel}","templated":true}]}}