{"id":6480,"date":"2012-03-08T23:52:16","date_gmt":"2012-03-08T21:52:16","guid":{"rendered":"http:\/\/semndecarte.metarsis.ro\/?p=6480"},"modified":"2012-03-08T23:52:16","modified_gmt":"2012-03-08T21:52:16","slug":"siegfried-si-kriemhilde-step-by-step","status":"publish","type":"post","link":"https:\/\/semndecarte.metarsis.ro\/?p=6480","title":{"rendered":"Siegfried \u015fi Kriemhilde- Step by Step"},"content":{"rendered":"<p style=\"text-align: justify;\">Miercuri, 7 martie 2012, \u00een cadrul proiectului ini\u0163iat \u00eentre Metarsis prin libr\u0103ria Semn de Carte, Radio Rom\u00e2nia Re\u015fi\u0163a \u015fi Teatrul Na\u0163ional Radiofonic pentru Copii, a fost r\u00e2ndul elevilor clasei a III-a Step by Step \u2013 prof. Jeni Urechean \u015fi prof. Ramona Bl\u0103naru- de la Colegiul Na\u0163ional \u201cTraian Lalescu\u201d din Re\u015fi\u0163a.<!--more--> S-a \u00a0audiat, de data aceasta, dramatizarea \u201cSiegfried \u015fi Kriemhilde\u201d dup\u0103 epopeea german\u0103\u00a0 \u201cC\u00e2ntecul Nibelungilor\u201d, dramatizare\u00a0 semnat\u0103 Sanda \u015fi Vasile Socoliuc, elevii de la Step by Step desen\u00e2nd personaje \u015fi scene care le-au re\u0163inut aten\u0163ia. \u00centre prin\u0163i, prin\u0163ese, dragoni \u015fi Nibelungi, \u00eentre legende nordice, pove\u015fti \u015fi desene pline de culoare, a fost \u00eenca o dat\u0103, subliniat adev\u0103rul celor afirmate de Ion Luca Caragiale \u201c Dac\u0103 e insuflat\u0103 de talent opera va tr\u0103i, pu\u0163in import\u0103 c\u00e2t: o clip\u0103, un veac ori mai multe\u201d. Am zis!<\/p>\n<p style=\"text-align: justify;\"><a href=\"..\/?p=6436#more-6436\"><em><img loading=\"lazy\" class=\"alignleft\" title=\"voteaza-aici\" src=\"..\/wp-content\/uploads\/2011\/10\/voteaza-aici-desen.jpg\" alt=\"\" width=\"260\" height=\"83\" \/><\/em><\/a><em> <\/em><em>S\u0103pt\u0103m\u00e2nal, pe pagina de internet a libr\u0103riei re\u015fi\u0163ene Semn de Carte\u00a0<a href=\"..\/?p=5719.\" target=\"_blank\"> www.semndecarte.metarsis.ro<\/a> pute\u0163i vota desenele preferate alese pen<\/em><em>tru     a intra \u00een finala     concursului dedicat fiecarei piese de teatru     prezentate \u015fi pus\u0103  \u00een    imagini de c\u0103tre micu\u0163ii ascult\u0103tori,     ierarhiz\u00e2nd lucrarile,     men\u0163ion\u00e2nd, \u00een ordine, numele autorului \u00een     comentariu la articolul ce   con\u0163ine desenele.   La sf\u00e2rsitul     proiectului primii cinci clasa\u0163i vor fi   premia\u0163i.<\/em><\/p>\n<p style=\"text-align: justify;\">\u00a0<\/p>\n<p style=\"text-align: justify;\"><em><\/em><a href=\"http:\/\/semndecarte.metarsis.ro\/wp-content\/uploads\/2012\/03\/DSCN7124.jpg\" rel=\"lightbox[6480]\"><em><a href=\"http:\/\/semndecarte.metarsis.ro\/wp-content\/uploads\/2012\/03\/teatru-7martie-3.jpg\" rel=\"lightbox[6480]\"><img loading=\"lazy\" class=\"alignleft size-thumbnail wp-image-6485\" title=\"Clasa a III-a Step by Step \u2013 prof. Jeni Urechean \u015fi prof. Ramona Bl\u0103naru- de la Colegiul Na\u0163ional \u201cTraian Lalescu\u201d din Re\u015fi\u0163a\" src=\"http:\/\/semndecarte.metarsis.ro\/wp-content\/uploads\/2012\/03\/teatru-7martie-3-95x95.jpg\" alt=\"\" width=\"95\" height=\"95\" \/><\/a><\/em><\/a><a href=\"http:\/\/semndecarte.metarsis.ro\/wp-content\/uploads\/2012\/03\/DSCN7125.jpg\" rel=\"lightbox[6480]\"><em><\/em><\/a><em><a href=\"http:\/\/semndecarte.metarsis.ro\/wp-content\/uploads\/2012\/03\/DSCN7124.jpg\" rel=\"lightbox[6480]\"><img loading=\"lazy\" class=\"alignleft size-thumbnail wp-image-6481\" title=\"Clasa a III-a Step by Step \u2013 prof. Jeni Urechean \u015fi prof. Ramona Bl\u0103naru- de la Colegiul Na\u0163ional \u201cTraian Lalescu\u201d din Re\u015fi\u0163a\" src=\"http:\/\/semndecarte.metarsis.ro\/wp-content\/uploads\/2012\/03\/DSCN7124-95x95.jpg\" alt=\"\" width=\"95\" height=\"95\" \/><\/a><\/em><em><a href=\"http:\/\/semndecarte.metarsis.ro\/wp-content\/uploads\/2012\/03\/DSCN7125.jpg\" rel=\"lightbox[6480]\"><img loading=\"lazy\" class=\"alignleft size-thumbnail wp-image-6482\" title=\"Clasa a III-a Step by Step \u2013 prof. Jeni Urechean \u015fi prof. Ramona Bl\u0103naru- de la Colegiul Na\u0163ional \u201cTraian Lalescu\u201d din Re\u015fi\u0163a\" src=\"http:\/\/semndecarte.metarsis.ro\/wp-content\/uploads\/2012\/03\/DSCN7125-95x95.jpg\" alt=\"\" width=\"95\" height=\"95\" \/><\/a><\/em><a href=\"http:\/\/semndecarte.metarsis.ro\/wp-content\/uploads\/2012\/03\/DSCN7125.jpg\" rel=\"lightbox[6480]\"><em><\/em><\/a><a href=\"http:\/\/semndecarte.metarsis.ro\/wp-content\/uploads\/2012\/03\/teatru-7martie-1.jpg\" rel=\"lightbox[6480]\"><em><\/em><\/a><em><a href=\"http:\/\/semndecarte.metarsis.ro\/wp-content\/uploads\/2012\/03\/teatru-7martie-2.jpg\" rel=\"lightbox[6480]\"><img loading=\"lazy\" class=\"alignleft size-thumbnail wp-image-6484\" title=\"Clasa a III-a Step by Step \u2013 prof. Jeni Urechean \u015fi prof. Ramona Bl\u0103naru- de la Colegiul Na\u0163ional \u201cTraian Lalescu\u201d din Re\u015fi\u0163a\" src=\"http:\/\/semndecarte.metarsis.ro\/wp-content\/uploads\/2012\/03\/teatru-7martie-2-95x95.jpg\" alt=\"\" width=\"95\" height=\"95\" \/><\/a><\/em><em><a href=\"http:\/\/semndecarte.metarsis.ro\/wp-content\/uploads\/2012\/03\/teatru-7martie-1.jpg\" rel=\"lightbox[6480]\"><img loading=\"lazy\" class=\"alignleft size-thumbnail wp-image-6483\" title=\"Clasa a III-a Step by Step \u2013 prof. Jeni Urechean \u015fi prof. Ramona Bl\u0103naru- de la Colegiul Na\u0163ional \u201cTraian Lalescu\u201d din Re\u015fi\u0163a\" src=\"http:\/\/semndecarte.metarsis.ro\/wp-content\/uploads\/2012\/03\/teatru-7martie-1-95x95.jpg\" alt=\"\" width=\"95\" height=\"95\" \/><\/a><\/em><a href=\"http:\/\/semndecarte.metarsis.ro\/wp-content\/uploads\/2012\/03\/teatru-7martie-1.jpg\" rel=\"lightbox[6480]\"><em><\/em><\/a><em><br \/>\n<\/em><\/p>\n","protected":false},"excerpt":{"rendered":"<p>Miercuri, 7 martie 2012, \u00een cadrul proiectului ini\u0163iat \u00eentre Metarsis prin libr\u0103ria Semn de Carte, Radio Rom\u00e2nia Re\u015fi\u0163a \u015fi Teatrul Na\u0163ional Radiofonic pentru Copii, a fost r\u00e2ndul elevilor clasei a III-a Step by Step \u2013 prof. Jeni Urechean \u015fi prof. Ramona Bl\u0103naru- de la Colegiul Na\u0163ional \u201cTraian Lalescu\u201d din Re\u015fi\u0163a.<\/p>\n","protected":false},"author":1,"featured_media":0,"comment_status":"open","ping_status":"open","sticky":false,"template":"","format":"standard","meta":[],"categories":[7],"tags":[115],"_links":{"self":[{"href":"https:\/\/semndecarte.metarsis.ro\/index.php?rest_route=\/wp\/v2\/posts\/6480"}],"collection":[{"href":"https:\/\/semndecarte.metarsis.ro\/index.php?rest_route=\/wp\/v2\/posts"}],"about":[{"href":"https:\/\/semndecarte.metarsis.ro\/index.php?rest_route=\/wp\/v2\/types\/post"}],"author":[{"embeddable":true,"href":"https:\/\/semndecarte.metarsis.ro\/index.php?rest_route=\/wp\/v2\/users\/1"}],"replies":[{"embeddable":true,"href":"https:\/\/semndecarte.metarsis.ro\/index.php?rest_route=%2Fwp%2Fv2%2Fcomments&post=6480"}],"version-history":[{"count":0,"href":"https:\/\/semndecarte.metarsis.ro\/index.php?rest_route=\/wp\/v2\/posts\/6480\/revisions"}],"wp:attachment":[{"href":"https:\/\/semndecarte.metarsis.ro\/index.php?rest_route=%2Fwp%2Fv2%2Fmedia&parent=6480"}],"wp:term":[{"taxonomy":"category","embeddable":true,"href":"https:\/\/semndecarte.metarsis.ro\/index.php?rest_route=%2Fwp%2Fv2%2Fcategories&post=6480"},{"taxonomy":"post_tag","embeddable":true,"href":"https:\/\/semndecarte.metarsis.ro\/index.php?rest_route=%2Fwp%2Fv2%2Ftags&post=6480"}],"curies":[{"name":"wp","href":"https:\/\/api.w.org\/{rel}","templated":true}]}}