{"id":6461,"date":"2012-03-06T23:53:07","date_gmt":"2012-03-06T21:53:07","guid":{"rendered":"http:\/\/semndecarte.metarsis.ro\/?p=6461"},"modified":"2012-03-07T10:42:00","modified_gmt":"2012-03-07T08:42:00","slug":"%e2%80%9cprietenii-muntilor%e2%80%9d","status":"publish","type":"post","link":"https:\/\/semndecarte.metarsis.ro\/?p=6461","title":{"rendered":"\u201cPrietenii Mun\u0163ilor\u201d"},"content":{"rendered":"<p><strong>\u00centre schi \u015fi drume\u0163ii<\/strong><\/p>\n<p style=\"text-align: justify;\">Luni, 5 martie 2012, de la orele 17:30 (trecute fix- vorba lui nenea Iancu), la libr\u0103ria Semn de Carte s-au \u00eent\u00e2lnit Prietenii Mun\u0163ilor- membrii celor doua sec\u0163ii \u201cSchi\u201d \u015fi \u201cDrume\u0163ie\u201d ai cunoscutei asocia\u0163ii re\u015fi\u0163ene, pentru a urm\u0103ri, \u00eentr-o prezentare sus\u0163inut\u0103 de ing. Ioan Biriescu, diapozitive surprinse \u00een perioada anilor 1980-1985. <!--more-->Poate nu \u00eentamplator, imaginile s-au constituit \u00eentr-o fil\u0103 de istorie a Asocia\u0163iei \u201dPrietenii mun\u0163ilor\u201d \u00eent\u00e2lnirea desf\u0103\u015fur\u00e2ndu-se dup\u0103 reu\u015fitele ac\u0163iuni de la sf\u00e2r\u015fitul s\u0103pt\u0103m\u00e2nii din Mun\u0163ii Semenicului, celebra \u201cCup\u0103 a veteranilor\u201d \u015fi a \u201cBalului veteranilor\u201d. Prezentarea domnului Biriescu a fost precedat\u0103 de gestul galant al decanului de v\u00e2rst\u0103 al Asocia\u0163iei \u201cPrietenii Mun\u0163ilor\u201d, conducatorul \u201cdrume\u0163ilor\u201d domnul Ioan Adamek, cel ce a oferit doamnelor fotografii minunate din flora spontan\u0103 surprinse de Domnia sa pe minunatele trasee din Banatul Montan parcurse, \u015fi, tot la alegere, rame lucrate manual. Diapozitivele semnate de t\u00e2n\u0103rul, la vremea aceea, Ioan Biriescu, ne-au purtat \u00een timp, spre \u00eenceputurile Asocia\u0163iei. Am rev\u0103zut oameni dragi: Li\u0163\u0103 Vr\u0103jitoru, Helmuth Krubl, Horst Keller, Ernest Tatar, Doina \u0162undrea, Doru Dinu Gl\u0103van \u015fi multi al\u0163ii, oameni care, din dragoste de munte, mi\u015fcare \u015fi sport, au pus bazele Asocia\u0163iei la sf\u00e2r\u015fitul anilor\u201970, am v\u0103zut cabana Prietenilor la \u00eencepururi, Semenicul de acum mai bine de 30 de ani, \u015fi, foarte important, copii mul\u0163i, ai c\u0103ror copii ast\u0103zi schiaz\u0103 \u015fi mult\u0103 dragoste pentru munte, schi \u015fi drume\u0163ii. La eveniment au participat Helmuth Krubl- pre\u015fedinte \u015fi Gelu Ebetiuc- vicepre\u015fedinte ai Asocia\u0163iei \u201cPrietenii Mun\u0163ilor\u201d, drume\u0163i, adep\u0163i ai stilului s\u0103n\u0103tos de via\u0163\u0103.<\/p>\n<p style=\"text-align: justify;\">Seara s-a \u00eencheiat cu imagini vechi surprinse de Ioan Biriescu \u00een excusii f\u0103cute pe c\u0103r\u0103ri de munte \u00eempreun\u0103 cu familia \u015fi, privindu-le, mi-au venit \u00een minte vorbele lui Caragiale din \u201cO scrisoare pierdut\u0103\u201d: &lt;Un popor care nu merge \u00eenainte, st\u0103 pe loc, ba chiar d\u0103 \u00eenapoi&gt;. Cu asemenea drume\u0163i \u015fi iubitori ai muntelui noi vom merge, cu siguran\u0163\u0103, \u00eenainte. Am zis!<\/p>\n<p style=\"text-align: justify;\"><a href=\"http:\/\/semndecarte.metarsis.ro\/wp-content\/uploads\/2012\/03\/IMG_1734.jpg\" rel=\"lightbox[6461]\"><img loading=\"lazy\" class=\"alignleft size-thumbnail wp-image-6469\" title=\"Proiectie diapozitive\" src=\"http:\/\/semndecarte.metarsis.ro\/wp-content\/uploads\/2012\/03\/IMG_1734-95x95.jpg\" alt=\"\" width=\"95\" height=\"95\" \/><\/a><a href=\"http:\/\/semndecarte.metarsis.ro\/wp-content\/uploads\/2012\/03\/IMG_1737.jpg\" rel=\"lightbox[6461]\"><img loading=\"lazy\" class=\"alignleft size-thumbnail wp-image-6470\" title=\"Proiectie diapozitive\" src=\"http:\/\/semndecarte.metarsis.ro\/wp-content\/uploads\/2012\/03\/IMG_1737-95x95.jpg\" alt=\"\" width=\"95\" height=\"95\" \/><\/a><a href=\"http:\/\/semndecarte.metarsis.ro\/wp-content\/uploads\/2012\/03\/IMG_1742.jpg\" rel=\"lightbox[6461]\"><img loading=\"lazy\" class=\"alignleft size-thumbnail wp-image-6467\" title=\"Proiectie diapozitive\" src=\"http:\/\/semndecarte.metarsis.ro\/wp-content\/uploads\/2012\/03\/IMG_1742-95x95.jpg\" alt=\"\" width=\"95\" height=\"95\" \/><\/a><a href=\"http:\/\/semndecarte.metarsis.ro\/wp-content\/uploads\/2012\/03\/IMG_1740.jpg\" rel=\"lightbox[6461]\"><img loading=\"lazy\" class=\"alignleft size-thumbnail wp-image-6466\" title=\"Proiectie diapozitive\" src=\"http:\/\/semndecarte.metarsis.ro\/wp-content\/uploads\/2012\/03\/IMG_1740-95x95.jpg\" alt=\"\" width=\"95\" height=\"95\" \/><\/a><a href=\"http:\/\/semndecarte.metarsis.ro\/wp-content\/uploads\/2012\/03\/IMG_17331.jpg\" rel=\"lightbox[6461]\"><img loading=\"lazy\" class=\"alignleft size-thumbnail wp-image-6471\" title=\"Proiectie diapozitive\" src=\"http:\/\/semndecarte.metarsis.ro\/wp-content\/uploads\/2012\/03\/IMG_17331-95x95.jpg\" alt=\"\" width=\"95\" height=\"95\" \/><\/a><\/p>\n","protected":false},"excerpt":{"rendered":"<p>Luni, 5 martie 2012, de la orele 17:30 (trecute fix- vorba lui nenea Iancu), la libr\u0103ria Semn de Carte s-au \u00eent\u00e2lnit Prietenii Mun\u0163ilor- membrii celor doua sec\u0163ii \u201cSchi\u201d \u015fi \u201cDrume\u0163ie\u201d ai cunoscutei Asocia\u0163ii re\u015fi\u0163ene, pentru a urm\u0103ri, \u00eentr-o prezentare sus\u0163inut\u0103 de ing. Ioan Biriescu, diapozitive surprinse \u00een perioada anilor 1980-1985.<\/p>\n","protected":false},"author":1,"featured_media":0,"comment_status":"open","ping_status":"open","sticky":false,"template":"","format":"standard","meta":[],"categories":[7],"tags":[323],"_links":{"self":[{"href":"https:\/\/semndecarte.metarsis.ro\/index.php?rest_route=\/wp\/v2\/posts\/6461"}],"collection":[{"href":"https:\/\/semndecarte.metarsis.ro\/index.php?rest_route=\/wp\/v2\/posts"}],"about":[{"href":"https:\/\/semndecarte.metarsis.ro\/index.php?rest_route=\/wp\/v2\/types\/post"}],"author":[{"embeddable":true,"href":"https:\/\/semndecarte.metarsis.ro\/index.php?rest_route=\/wp\/v2\/users\/1"}],"replies":[{"embeddable":true,"href":"https:\/\/semndecarte.metarsis.ro\/index.php?rest_route=%2Fwp%2Fv2%2Fcomments&post=6461"}],"version-history":[{"count":0,"href":"https:\/\/semndecarte.metarsis.ro\/index.php?rest_route=\/wp\/v2\/posts\/6461\/revisions"}],"wp:attachment":[{"href":"https:\/\/semndecarte.metarsis.ro\/index.php?rest_route=%2Fwp%2Fv2%2Fmedia&parent=6461"}],"wp:term":[{"taxonomy":"category","embeddable":true,"href":"https:\/\/semndecarte.metarsis.ro\/index.php?rest_route=%2Fwp%2Fv2%2Fcategories&post=6461"},{"taxonomy":"post_tag","embeddable":true,"href":"https:\/\/semndecarte.metarsis.ro\/index.php?rest_route=%2Fwp%2Fv2%2Ftags&post=6461"}],"curies":[{"name":"wp","href":"https:\/\/api.w.org\/{rel}","templated":true}]}}