{"id":6450,"date":"2012-03-03T19:36:52","date_gmt":"2012-03-03T17:36:52","guid":{"rendered":"http:\/\/semndecarte.metarsis.ro\/?p=6450"},"modified":"2012-03-03T19:36:52","modified_gmt":"2012-03-03T17:36:52","slug":"ion-creanga-martisoare-paul-iorgovici-si-semn-de-carte","status":"publish","type":"post","link":"https:\/\/semndecarte.metarsis.ro\/?p=6450","title":{"rendered":"Ion Creang\u0103, m\u0103r\u0163i\u015foare, Paul Iorgovici \u015fi Semn de Carte"},"content":{"rendered":"<p>Joi, 1 Martie 2012, Semn de Carte a g\u0103zduit una dintre manifest\u0103rile ini\u0163iate de Biblioteca Jude\u0163ean\u0103 \u201cPaul Iorgovici\u201d prin Filiala \u201cCentru\u201d, sub genericul \u201cIon Creang\u0103- mar\u0163i\u015forul literaturii rom\u00e2ne\u201d . <!--more-->Organizat \u00eempreun\u0103 cu Gr\u0103dini\u0163ele PN 6- sub coordonarea doamnelor Lucia Mato- Chereji \u015fi Zori\u0163a Todor, PN 10 \u2013 coordonator doamna Maria \u0162oca, \u00a0clasa a III-a A\u00a0&#8211; coordonator doamna Elisaveta Vl\u0103du\u0163 de la \u015ecoala cu clasele I-VIII nr. 2 din Re\u015fi\u0163a \u015fi Societatea pentru Cultur\u0103 Metarsis evenimentul a fost o tripl\u0103 s\u0103rb\u0103toare: a na\u015fterii lui Ion Creang\u0103 de acum 175 de ani, a Mar\u0163i\u015forului \u015fi a Copil\u0103riei. Cuv\u00e2ntul de deschidere a fost rostit de domnul Josef Erwin \u0162igla- din partea Bibliotecii Jude\u0163ene \u201cPaul Iorgovici\u201d, doamna Carmen Trif \u2013 din partea Filialei \u201cCentru\u201d a Bibliotecii re\u015fi\u0163ene a prezentata biografia scriitorului nascut acum 175 de ani la Humule\u015fti, apoi, \u00eenconjura\u0163i de desene, picturi \u015fi colaje adunate \u00een expozi\u0163ia\u00a0intitulat\u0103 \u201cCopilarie- col\u0163 de rai\u201d \u015fcolarii au citit poezii semnate \u00a0Ion Creang\u0103, pre\u015fcolarii au prezentat fragmente dramatizate din \u201c \u00cemp\u0103r\u0103\u0163ia povestilor lui Creang\u0103\u201d: \u201cUrsul p\u0103c\u0103lit de vulpe\u201d, \u201cCapra cu trei iezi\u201d, \u201c Pungu\u0163a cu doi bani\u201d, \u201cPupaza din tei\u201d, \u201c Harap Alb\u201d , s-au interpretat cantece inspitare din opera marelui povestitor: \u201cAura\u015f- p\u0103cura\u015f\u201d,\u201dPup\u0103za din tei\u201d,\u201dCapra cu trei iezi\u201d. \u201cUrsul p\u0103c\u0103lit de vulpe\u201d \u015fi \u201cP\u0103s\u0103rica-n timpul iernii\u201d iar, sub genericul \u201cCangurul pove\u015ftilor\u201d s-a desfasurat un concurs tematic, copiii fiind \u00eemp\u0103r\u0163i\u0163i \u00een doua grupe \u201cLupii\u201d \u015fi \u201cIezii\u201d unde c\u00e2\u015ftig\u0103torii nu au putut fi departaja\u0163i nici dup\u0103 probele de baraj pentru c\u0103 to\u0163i s-au dovedit buni cunosc\u0103tori ai operei celui mai mare narator rom\u00e2n. Int\u00e2lnirea s-a \u00eencheiat cu \u201cScrisoare c\u0103tre Ion Creang\u0103 de Nicu\u015for Constantinescu \u00een lectura \u015fcolarilor mici. \u201cDac\u0103 e insuflat\u0103 de talent opera va tr\u0103i, pu\u0163in import\u0103 c\u00e2t: o clip\u0103, un veac ori mai multe\u201d\u00a0 spunea Ion Luca Caragiale (tot suntem \u00een anul s\u0103u\u2026.) \u015fi iat\u0103 c\u0103 , de mai bine de un veac \u015fi jum\u0103tate, genera\u0163ii dup\u0103 genera\u0163ii au crescut \u015fi mai cresc cu pove\u015ftile lui Ion Creang\u0103.<\/p>\n<p style=\"text-align: justify;\">Pentru costumele frumoase, pentru talentul lor \u015fi mai ales pentru c\u0103 au dovedit c\u0103 sunt buni cunosc\u0103tori ai minunatelor \u00a0pove\u015fti semnate Ion Creang\u0103 \u00a0micu\u0163ii au primit din partea Bibliotecii Jude\u0163ene \u201cPaul Iorgovici\u201d semne de carte iar din partea lui ARIcel ISTE\u0162- mascota libr\u0103riei Semn de Carte \u2013 bomboane.<\/p>\n<p style=\"text-align: justify;\">Verva, candoarea, energia \u015fi bucuria\u00a0 pe care au adus-o copiii frumo\u015fi, iste\u0163i \u015fi talenta\u0163i la libr\u0103ria Semn de Carte au fost \u00a0adev\u0103rate mar\u0163i\u015foare pentru suflet primite de noi \u00eentr-o frumoas\u0103 zi de 1 Martie a anului 2012.<\/p>\n<p style=\"text-align: justify;\"><a href=\"http:\/\/semndecarte.metarsis.ro\/wp-content\/uploads\/2012\/03\/IMG_1497.jpg\" rel=\"lightbox[6450]\"><img loading=\"lazy\" class=\"alignleft size-thumbnail wp-image-6457\" title=\"IMG_1497\" src=\"http:\/\/semndecarte.metarsis.ro\/wp-content\/uploads\/2012\/03\/IMG_1497-95x95.jpg\" alt=\"\" width=\"95\" height=\"95\" \/><\/a><a href=\"http:\/\/semndecarte.metarsis.ro\/wp-content\/uploads\/2012\/03\/DSCN6631.jpg\" rel=\"lightbox[6450]\"><img loading=\"lazy\" class=\"alignleft size-thumbnail wp-image-6451\" title=\"Vestitorii prim\u0103verii\" src=\"http:\/\/semndecarte.metarsis.ro\/wp-content\/uploads\/2012\/03\/DSCN6631-95x95.jpg\" alt=\"\" width=\"95\" height=\"95\" \/><\/a><a href=\"http:\/\/semndecarte.metarsis.ro\/wp-content\/uploads\/2012\/03\/DSCN6656.jpg\" rel=\"lightbox[6450]\"><img loading=\"lazy\" class=\"alignleft size-thumbnail wp-image-6452\" title=\"Vestitorii prim\u0103verii\" src=\"http:\/\/semndecarte.metarsis.ro\/wp-content\/uploads\/2012\/03\/DSCN6656-95x95.jpg\" alt=\"\" width=\"95\" height=\"95\" \/><\/a><a href=\"http:\/\/semndecarte.metarsis.ro\/wp-content\/uploads\/2012\/03\/DSCN6664.jpg\" rel=\"lightbox[6450]\"><img loading=\"lazy\" class=\"alignleft size-thumbnail wp-image-6453\" title=\"Vestitorii prim\u0103verii\" src=\"http:\/\/semndecarte.metarsis.ro\/wp-content\/uploads\/2012\/03\/DSCN6664-95x95.jpg\" alt=\"\" width=\"95\" height=\"95\" \/><\/a><a href=\"http:\/\/semndecarte.metarsis.ro\/wp-content\/uploads\/2012\/03\/DSCN6703.jpg\" rel=\"lightbox[6450]\"><img loading=\"lazy\" class=\"alignleft size-thumbnail wp-image-6454\" title=\"Vestitorii prim\u0103verii\" src=\"http:\/\/semndecarte.metarsis.ro\/wp-content\/uploads\/2012\/03\/DSCN6703-95x95.jpg\" alt=\"\" width=\"95\" height=\"95\" \/><\/a><a href=\"http:\/\/semndecarte.metarsis.ro\/wp-content\/uploads\/2012\/03\/IMG_1494.jpg\" rel=\"lightbox[6450]\"><img loading=\"lazy\" class=\"alignleft size-thumbnail wp-image-6456\" title=\"Vestitorii prim\u0103verii\" src=\"http:\/\/semndecarte.metarsis.ro\/wp-content\/uploads\/2012\/03\/IMG_1494-95x95.jpg\" alt=\"\" width=\"95\" height=\"95\" \/><\/a><a href=\"http:\/\/semndecarte.metarsis.ro\/wp-content\/uploads\/2012\/03\/IMG_1545.jpg\" rel=\"lightbox[6450]\"><img loading=\"lazy\" class=\"alignleft size-thumbnail wp-image-6459\" title=\"Vestitorii prim\u0103verii\" src=\"http:\/\/semndecarte.metarsis.ro\/wp-content\/uploads\/2012\/03\/IMG_1545-95x95.jpg\" alt=\"\" width=\"95\" height=\"95\" \/><\/a><a href=\"http:\/\/semndecarte.metarsis.ro\/wp-content\/uploads\/2012\/03\/IMG_1529.jpg\" rel=\"lightbox[6450]\"><img loading=\"lazy\" class=\"alignleft size-thumbnail wp-image-6458\" title=\"Vestitorii prim\u0103verii\" src=\"http:\/\/semndecarte.metarsis.ro\/wp-content\/uploads\/2012\/03\/IMG_1529-95x95.jpg\" alt=\"\" width=\"95\" height=\"95\" \/><\/a><a href=\"http:\/\/semndecarte.metarsis.ro\/wp-content\/uploads\/2012\/03\/IMG_1571.jpg\" rel=\"lightbox[6450]\"><img loading=\"lazy\" class=\"alignleft size-thumbnail wp-image-6460\" title=\"Vestitorii prim\u0103verii\" src=\"http:\/\/semndecarte.metarsis.ro\/wp-content\/uploads\/2012\/03\/IMG_1571-95x95.jpg\" alt=\"\" width=\"95\" height=\"95\" \/><\/a><a href=\"http:\/\/semndecarte.metarsis.ro\/wp-content\/uploads\/2012\/03\/grup1.jpg\" rel=\"lightbox[6450]\"><img loading=\"lazy\" class=\"alignleft size-thumbnail wp-image-6455\" title=\"Vestitorii prim\u0103verii\" src=\"http:\/\/semndecarte.metarsis.ro\/wp-content\/uploads\/2012\/03\/grup1-95x95.jpg\" alt=\"\" width=\"95\" height=\"95\" \/><\/a><\/p>\n","protected":false},"excerpt":{"rendered":"<p>Joi, 1 Martie 2012, Semn de Carte a g\u0103zduit una dintre manifest\u0103rile ini\u0163iate de Biblioteca Jude\u0163ean\u0103 \u201cPaul Iorgovici\u201d prin Filiala \u201cCentru\u201d, sub genericul \u201cIon Creang\u0103- mar\u0163i\u015forul literaturii rom\u00e2ne\u201d . <\/p>\n","protected":false},"author":1,"featured_media":0,"comment_status":"open","ping_status":"open","sticky":false,"template":"","format":"standard","meta":[],"categories":[7],"tags":[355,356],"_links":{"self":[{"href":"https:\/\/semndecarte.metarsis.ro\/index.php?rest_route=\/wp\/v2\/posts\/6450"}],"collection":[{"href":"https:\/\/semndecarte.metarsis.ro\/index.php?rest_route=\/wp\/v2\/posts"}],"about":[{"href":"https:\/\/semndecarte.metarsis.ro\/index.php?rest_route=\/wp\/v2\/types\/post"}],"author":[{"embeddable":true,"href":"https:\/\/semndecarte.metarsis.ro\/index.php?rest_route=\/wp\/v2\/users\/1"}],"replies":[{"embeddable":true,"href":"https:\/\/semndecarte.metarsis.ro\/index.php?rest_route=%2Fwp%2Fv2%2Fcomments&post=6450"}],"version-history":[{"count":0,"href":"https:\/\/semndecarte.metarsis.ro\/index.php?rest_route=\/wp\/v2\/posts\/6450\/revisions"}],"wp:attachment":[{"href":"https:\/\/semndecarte.metarsis.ro\/index.php?rest_route=%2Fwp%2Fv2%2Fmedia&parent=6450"}],"wp:term":[{"taxonomy":"category","embeddable":true,"href":"https:\/\/semndecarte.metarsis.ro\/index.php?rest_route=%2Fwp%2Fv2%2Fcategories&post=6450"},{"taxonomy":"post_tag","embeddable":true,"href":"https:\/\/semndecarte.metarsis.ro\/index.php?rest_route=%2Fwp%2Fv2%2Ftags&post=6450"}],"curies":[{"name":"wp","href":"https:\/\/api.w.org\/{rel}","templated":true}]}}