{"id":6426,"date":"2012-02-29T21:32:34","date_gmt":"2012-02-29T19:32:34","guid":{"rendered":"http:\/\/semndecarte.metarsis.ro\/?p=6426"},"modified":"2012-02-29T21:32:34","modified_gmt":"2012-02-29T19:32:34","slug":"intre-banat-si-austria-herr-rolli-staroscik","status":"publish","type":"post","link":"https:\/\/semndecarte.metarsis.ro\/?p=6426","title":{"rendered":"\u00centre Banat \u015fi Austria, Herr Rolli Staroscik"},"content":{"rendered":"<p style=\"text-align: justify;\">Proiec\u0163ia de diapozitive din dup\u0103-amiaza zilei de mar\u0163i, 28 februarie 2012, pe care, cu meticulozitatea specific\u0103 na\u0163ionalit\u0103\u0163ii din care face parte- cea german\u0103- ne-a oferit-o Rudolf (Rolli) Staroscik a fost una apreciat\u0103 din plin de cei prezen\u0163i, membri ai Asocia\u0163iei Prietenii Mun\u0163ilor din Re\u015fi\u0163a \u015fi iubitori de drume\u0163ii. <!--more-->Realizate \u00eentr-o lung\u0103 perioad\u0103 de timp, de la \u00eenceputurile anilor 1980 \u015fi p\u00e2n\u0103 azi, \u00een excursii pe care Herr Rolli Staroscik, ajuns la o v\u00e2rst\u0103 onorabil\u0103, le-a f\u0103cut \u00eempreun\u0103 cu familia sau prietenii, diapozitvele ne-au purtat, var\u0103 sau iarn\u0103, de la V\u0103liug la G\u0103r\u00e2na (Wolfsberg) , Brebu-Nou (Weidenthal) \u015fi Liendelfeld &#8211; localit\u0103\u0163i din Banatul de Munte colonizate \u00een 1828\u00a0 cu etnici germani, din Mun\u0163ii Semenicului, Par\u00e2ng,\u00a0 Retezat \u015fi Mun\u0163ii \u0162arcu \u2013 cu lacul glaciar Neti\u015f, p\u00e2n\u0103 \u00een Mun\u0163ii Schaffberg, barajele de la Kaprun \u015fi sta\u0163iunea Postalm din Austria. O serie aparte: diapozitivele realizate \u00een Ora\u015ful Vechi (Altstadt) , cu\u00a0 Muzeul \u00a0Wolfgang Amadeus Mozart situat \u00een \u00a0\u201cMakartplatz\u201d num\u0103rul 8 \u00a0\u015fi cl\u0103dirile superbe cu arhitectur\u0103 baroc\u0103 din Saltzburg- Austria.<\/p>\n<p style=\"text-align: justify;\">\u201cDac\u0103 \u00eemi spunea cineva c\u0103 voi proiecta vreodat\u0103 diapozitive- pozam altfel\u201d s-a dest\u0103inuit Herr Rolli Staroscik, optimistul incurabil, cu ironie fin\u0103. L-am asigurat, felicit\u00e2ndu-l, c\u0103, asemeni oric\u0103ror lucruri f\u0103cute din pasiune \u015fi mult\u0103 dragoste, diapopzitivele ne-au emo\u0163tionat. \u015ei, pentru c\u0103 tot suntem \u00een anul Caragiale, ne-am bucura s\u0103-i fim al\u0103turi \u00een excursii iar\u00a0 Rolli Staroscik, \u201cC\u00e2nd pleac\u0103 pe jos, s\u0103 ne invite: &lt;Hai, c\u0103 te iau \u00een dreapta&gt;\u201d!<\/p>\n<p style=\"text-align: justify;\">\u00a0<\/p>\n<p style=\"text-align: justify;\"><a href=\"http:\/\/semndecarte.metarsis.ro\/wp-content\/uploads\/2012\/02\/IMG_1450.jpg\" rel=\"lightbox[6426]\"><img loading=\"lazy\" class=\"alignleft size-thumbnail wp-image-6427\" title=\"Proiec\u0163ie de diapozitive - Rolli Staroscik\" src=\"http:\/\/semndecarte.metarsis.ro\/wp-content\/uploads\/2012\/02\/IMG_1450-95x95.jpg\" alt=\"\" width=\"95\" height=\"95\" \/><\/a><a href=\"http:\/\/semndecarte.metarsis.ro\/wp-content\/uploads\/2012\/02\/IMG_1452.jpg\" rel=\"lightbox[6426]\"><img loading=\"lazy\" class=\"alignleft size-thumbnail wp-image-6428\" title=\"Proiec\u0163ie de diapozitive - Rolli Staroscik\" src=\"http:\/\/semndecarte.metarsis.ro\/wp-content\/uploads\/2012\/02\/IMG_1452-95x95.jpg\" alt=\"\" width=\"95\" height=\"95\" \/><\/a><a href=\"http:\/\/semndecarte.metarsis.ro\/wp-content\/uploads\/2012\/02\/IMG_1454.jpg\" rel=\"lightbox[6426]\"><img loading=\"lazy\" class=\"alignleft size-thumbnail wp-image-6430\" title=\"Proiec\u0163ie de diapozitive - Rolli Staroscik\" src=\"http:\/\/semndecarte.metarsis.ro\/wp-content\/uploads\/2012\/02\/IMG_1454-95x95.jpg\" alt=\"\" width=\"95\" height=\"95\" \/><\/a><a href=\"http:\/\/semndecarte.metarsis.ro\/wp-content\/uploads\/2012\/02\/IMG_1455.jpg\" rel=\"lightbox[6426]\"><img loading=\"lazy\" class=\"alignleft size-thumbnail wp-image-6431\" title=\"Proiec\u0163ie de diapozitive - Rolli Staroscik\" src=\"http:\/\/semndecarte.metarsis.ro\/wp-content\/uploads\/2012\/02\/IMG_1455-95x95.jpg\" alt=\"\" width=\"95\" height=\"95\" \/><\/a><a href=\"http:\/\/semndecarte.metarsis.ro\/wp-content\/uploads\/2012\/02\/IMG_1453.jpg\" rel=\"lightbox[6426]\"><img loading=\"lazy\" class=\"alignleft size-thumbnail wp-image-6429\" title=\"Proiec\u0163ie de diapozitive - Rolli Staroscik\" src=\"http:\/\/semndecarte.metarsis.ro\/wp-content\/uploads\/2012\/02\/IMG_1453-95x95.jpg\" alt=\"\" width=\"95\" height=\"95\" \/><\/a><\/p>\n","protected":false},"excerpt":{"rendered":"<p>Proiec\u0163ia de diapozitive din dup\u0103-amiaza zilei de mar\u0163i, 28 februarie 2012, pe care, cu meticulozitatea specific\u0103 na\u0163ionalit\u0103\u0163ii din care face parte- cea german\u0103- ne-a oferit-o Rudolf (Rolli) Staroscik a fost una apreciat\u0103 din plin de cei prezen\u0163i, membri ai Asocia\u0163iei Prietenii Mun\u0163ilor din Re\u015fi\u0163a \u015fi iubitori de drume\u0163ii. <\/p>\n","protected":false},"author":1,"featured_media":0,"comment_status":"open","ping_status":"open","sticky":false,"template":"","format":"standard","meta":[],"categories":[7],"tags":[323,309],"_links":{"self":[{"href":"https:\/\/semndecarte.metarsis.ro\/index.php?rest_route=\/wp\/v2\/posts\/6426"}],"collection":[{"href":"https:\/\/semndecarte.metarsis.ro\/index.php?rest_route=\/wp\/v2\/posts"}],"about":[{"href":"https:\/\/semndecarte.metarsis.ro\/index.php?rest_route=\/wp\/v2\/types\/post"}],"author":[{"embeddable":true,"href":"https:\/\/semndecarte.metarsis.ro\/index.php?rest_route=\/wp\/v2\/users\/1"}],"replies":[{"embeddable":true,"href":"https:\/\/semndecarte.metarsis.ro\/index.php?rest_route=%2Fwp%2Fv2%2Fcomments&post=6426"}],"version-history":[{"count":0,"href":"https:\/\/semndecarte.metarsis.ro\/index.php?rest_route=\/wp\/v2\/posts\/6426\/revisions"}],"wp:attachment":[{"href":"https:\/\/semndecarte.metarsis.ro\/index.php?rest_route=%2Fwp%2Fv2%2Fmedia&parent=6426"}],"wp:term":[{"taxonomy":"category","embeddable":true,"href":"https:\/\/semndecarte.metarsis.ro\/index.php?rest_route=%2Fwp%2Fv2%2Fcategories&post=6426"},{"taxonomy":"post_tag","embeddable":true,"href":"https:\/\/semndecarte.metarsis.ro\/index.php?rest_route=%2Fwp%2Fv2%2Ftags&post=6426"}],"curies":[{"name":"wp","href":"https:\/\/api.w.org\/{rel}","templated":true}]}}