{"id":6342,"date":"2012-02-07T21:49:26","date_gmt":"2012-02-07T19:49:26","guid":{"rendered":"http:\/\/semndecarte.metarsis.ro\/?p=6342"},"modified":"2012-02-07T21:49:26","modified_gmt":"2012-02-07T19:49:26","slug":"retrospectiva-2011-partea-i","status":"publish","type":"post","link":"https:\/\/semndecarte.metarsis.ro\/?p=6342","title":{"rendered":"Retrospectiv\u0103 2011 &#8211; partea I"},"content":{"rendered":"<p style=\"text-align: justify;\">Ast\u0103zi, 7 februarie, la ceas de sear\u0103, membrii asocia\u0163iei \u201ePrietenii Mun\u0163ilor\u201d sec\u0163ia drume\u0163ie s-au adunat, cu mic cu mare, cu c\u0103\u0163el dar fara purcel, \u00een ceain\u0103ria libr\u0103riei Semn de Carte pentru un scurt \u201eremeber\u201d al activit\u0103\u0163ii lor din anul precedent. <!--more-->Jancsi Mato a pregatit pentru numerosul public prima parte a retrospectivei 2011 cuprindz\u00e2nd imagini realizate pe diferite trasee \u00een zonele: Ghica, Ililici, Piatra Alb\u0103, Ponor II, Ar\u015fi\u0163a, cheile Sodolului, avenul Gabrova, avenul Poiana Gropii, Prolas, Calea Orhideelor, cheile Nerei, Valea \u015fi cascada Beu\u015fni\u0163a, Ochiul Beiului, Lacul Dracului, cascadele \u015eu\u015fara si V\u0103ioaga, t\u00e2lvele C\u00e2lnicului \u015fi Monoimului \u015fi multe altele, care au fost proiectate pe ecran. Nu au lipsit din imagini nici drume\u0163ii care au fost surprin\u015fi, spre deliciul celor prezen\u0163i, \u00een tot felul de ipostaze inedite. <br \/>\n A fost o seara minunat\u0103 \u00een care s-au dep\u0103nat amintiri, s-a comentat, s-a r\u00e2s pe-ndestulatelea. Au plecat cu to\u0163ii multumi\u0163i dar a\u015ftept\u00e2nd cu ner\u0103bdare cea de a doua parte a retrospectivei 2011 care va avea loc mar\u0163i, 21 februarie 2012 de la ora 17:30.<\/p>\n<p style=\"text-align: justify;\"><a href=\"http:\/\/semndecarte.metarsis.ro\/wp-content\/uploads\/2012\/02\/Retrospectiva-I0002.jpg\" rel=\"lightbox[6342]\"><img loading=\"lazy\" class=\"alignleft size-thumbnail wp-image-6344\" title=\"Prietenii Mun\u0163ilor - sectia Drume\u0163ie\" src=\"http:\/\/semndecarte.metarsis.ro\/wp-content\/uploads\/2012\/02\/Retrospectiva-I0002-95x95.jpg\" alt=\"\" width=\"95\" height=\"95\" \/><\/a><a href=\"http:\/\/semndecarte.metarsis.ro\/wp-content\/uploads\/2012\/02\/Retrospectiva-I0001.jpg\" rel=\"lightbox[6342]\"><img loading=\"lazy\" class=\"alignleft size-thumbnail wp-image-6343\" title=\"Prietenii Mun\u0163ilor - sectia Drume\u0163ie\" src=\"http:\/\/semndecarte.metarsis.ro\/wp-content\/uploads\/2012\/02\/Retrospectiva-I0001-95x95.jpg\" alt=\"\" width=\"95\" height=\"95\" \/><\/a><a href=\"http:\/\/semndecarte.metarsis.ro\/wp-content\/uploads\/2012\/02\/Retrospectiva-I0004.jpg\" rel=\"lightbox[6342]\"><img loading=\"lazy\" class=\"alignleft size-thumbnail wp-image-6345\" title=\"Prietenii Mun\u0163ilor - sectia Drume\u0163ie\" src=\"http:\/\/semndecarte.metarsis.ro\/wp-content\/uploads\/2012\/02\/Retrospectiva-I0004-95x95.jpg\" alt=\"\" width=\"95\" height=\"95\" \/><\/a><a href=\"http:\/\/semndecarte.metarsis.ro\/wp-content\/uploads\/2012\/02\/Retrospectiva-I0007.jpg\" rel=\"lightbox[6342]\"><img loading=\"lazy\" class=\"alignleft size-thumbnail wp-image-6346\" title=\"Prietenii Mun\u0163ilor - sectia Drume\u0163ie\" src=\"http:\/\/semndecarte.metarsis.ro\/wp-content\/uploads\/2012\/02\/Retrospectiva-I0007-95x95.jpg\" alt=\"\" width=\"95\" height=\"95\" \/><\/a><a href=\"http:\/\/semndecarte.metarsis.ro\/wp-content\/uploads\/2012\/02\/Retrospectiva-I0008.jpg\" rel=\"lightbox[6342]\"><img loading=\"lazy\" class=\"alignleft size-thumbnail wp-image-6347\" title=\"Prietenii Mun\u0163ilor - sectia Drume\u0163ie\" src=\"http:\/\/semndecarte.metarsis.ro\/wp-content\/uploads\/2012\/02\/Retrospectiva-I0008-95x95.jpg\" alt=\"\" width=\"95\" height=\"95\" \/><\/a><\/p>\n","protected":false},"excerpt":{"rendered":"<p>Ast\u0103zi, 7 februarie, la ceas de sear\u0103, membrii asocia\u0163iei \u201ePrietenii Mun\u0163ilor\u201d sec\u0163ia drume\u0163ie s-au adunat, cu mic cu mare, cu c\u0103\u0163el dar fara purcel, \u00een ceain\u0103ria libr\u0103riei Semn de Carte pentru un scurt \u201eremeber\u201d al activit\u0103\u0163ii lor din anul precedent. <\/p>\n","protected":false},"author":1,"featured_media":0,"comment_status":"open","ping_status":"open","sticky":false,"template":"","format":"standard","meta":[],"categories":[7],"tags":[323],"_links":{"self":[{"href":"https:\/\/semndecarte.metarsis.ro\/index.php?rest_route=\/wp\/v2\/posts\/6342"}],"collection":[{"href":"https:\/\/semndecarte.metarsis.ro\/index.php?rest_route=\/wp\/v2\/posts"}],"about":[{"href":"https:\/\/semndecarte.metarsis.ro\/index.php?rest_route=\/wp\/v2\/types\/post"}],"author":[{"embeddable":true,"href":"https:\/\/semndecarte.metarsis.ro\/index.php?rest_route=\/wp\/v2\/users\/1"}],"replies":[{"embeddable":true,"href":"https:\/\/semndecarte.metarsis.ro\/index.php?rest_route=%2Fwp%2Fv2%2Fcomments&post=6342"}],"version-history":[{"count":0,"href":"https:\/\/semndecarte.metarsis.ro\/index.php?rest_route=\/wp\/v2\/posts\/6342\/revisions"}],"wp:attachment":[{"href":"https:\/\/semndecarte.metarsis.ro\/index.php?rest_route=%2Fwp%2Fv2%2Fmedia&parent=6342"}],"wp:term":[{"taxonomy":"category","embeddable":true,"href":"https:\/\/semndecarte.metarsis.ro\/index.php?rest_route=%2Fwp%2Fv2%2Fcategories&post=6342"},{"taxonomy":"post_tag","embeddable":true,"href":"https:\/\/semndecarte.metarsis.ro\/index.php?rest_route=%2Fwp%2Fv2%2Ftags&post=6342"}],"curies":[{"name":"wp","href":"https:\/\/api.w.org\/{rel}","templated":true}]}}