{"id":6334,"date":"2012-02-05T20:49:17","date_gmt":"2012-02-05T18:49:17","guid":{"rendered":"http:\/\/semndecarte.metarsis.ro\/?p=6334"},"modified":"2012-02-05T20:49:17","modified_gmt":"2012-02-05T18:49:17","slug":"sub-semnul-postumitatii","status":"publish","type":"post","link":"https:\/\/semndecarte.metarsis.ro\/?p=6334","title":{"rendered":"Sub semnul postumit\u0103\u0163ii"},"content":{"rendered":"<p style=\"text-align: justify;\">Lansarea volumului de versuri \u201e\u015ei pietrele doinesc parc\u0103-n picioare\u201d semnat de Florin Tiberiu Giulvezan (joi, 2 februarie 2012) a stat sub semnul postumit\u0103\u0163ii la Libr\u0103ria Semn de Carte din Re\u015fi\u0163a, \u00eentr-un cadru comemorativ de sincer\u0103 reculegere. <!--more-->Revendicat de cenaclul Semenicul, poetul \u015fi-a v\u0103zut cartea, pe patul de spital, publicat\u0103 cu sprijinul Direc\u0163iei pentru Cultur\u0103 \u015fi Patrimoniu Na\u0163ional a Jude\u0163ului Cara\u015f-Severin, la Editura Marineasa din Timi\u015foara, dar n-a mai ajuns s\u0103 o \u015fi lanseze, dup\u0103 moartea autorului, survenit\u0103 la 2 noiembrie 2011, volumul fiind prezentat \u015fi d\u0103ruit doar colegilor de cenaclu, la ini\u0163iativa c\u0103rora a \u015fi fost organizat\u0103, dealtfel, lansarea. <br \/>\n Preciz\u00e2nd c\u0103 toate manifest\u0103rile proiectului cultural Metarsis se vor desf\u0103\u015fura \u00een 2012 sub egida Anului Caragiale, gazda libr\u0103riei, Camelia Duca a ales un motto despre celebritate al scriitorului \u015fi dramaturgului rom\u00e2n, potrivit c\u0103ruia \u201ecelebru este unul care \u00eencepe s\u0103 tr\u0103iasc\u0103 dup\u0103 ce a murit\u201d . Din nefericire, pentru c\u0103 nu po\u0163i s\u0103 devii nemuritor, cum se exprima moderatorul ac\u0163iunii, criticul Gheorghe Jurma, dec\u00e2t dac\u0103 mori. \u015ei cum cenaclul Semenicul a \u00eenceput s\u0103-\u015fi numere mor\u0163ii, \u00eenseamn\u0103 c\u0103 are deja istorie.<br \/>\n Volumul a fost prezentat de cel care i-a fost prieten apropiat, poetul Ion Mo\u015fteoru, care a citit c\u00e2teva poeme alese \u00eempreun\u0103 cu autorul \u00eenainte ca acesta s\u0103 se \u00eentoarc\u0103 la Dumnezeu. Despre Florin Tiberiu Giulvezan \u015fi poezia sa au mai vorbit prof. Petru Bung\u0103rzan, scriitorul Anton Georgescu, poe\u0163ii Gheorghe Zincescu \u015fi Iacob Roman, la evenimentul lans\u0103rii particip\u00e2nd so\u0163ia \u015fi fiul autorului, prieteni, cuno\u015ftin\u0163e \u015fi colegi de cenaclu. (<em>Alexadra Gorghiu<\/em>)<\/p>\n<p style=\"text-align: justify;\"><a href=\"http:\/\/semndecarte.metarsis.ro\/wp-content\/uploads\/2012\/02\/IMG_0100.jpg\" rel=\"lightbox[6334]\"><img loading=\"lazy\" class=\"alignleft size-thumbnail wp-image-6339\" title=\"Lansarea volumului de versuri \u201e\u015ei pietrele doinesc parc\u0103-n picioare\u201d semnat de Florin Tiberiu Giulvezan\" src=\"http:\/\/semndecarte.metarsis.ro\/wp-content\/uploads\/2012\/02\/IMG_0100-95x95.jpg\" alt=\"\" width=\"95\" height=\"95\" \/><\/a><a href=\"http:\/\/semndecarte.metarsis.ro\/wp-content\/uploads\/2012\/02\/IMG_0137.jpg\" rel=\"lightbox[6334]\"><img loading=\"lazy\" class=\"alignleft size-thumbnail wp-image-6337\" title=\"Lansarea volumului de versuri \u201e\u015ei pietrele doinesc parc\u0103-n picioare\u201d semnat de Florin Tiberiu Giulvezan\" src=\"http:\/\/semndecarte.metarsis.ro\/wp-content\/uploads\/2012\/02\/IMG_0137-95x95.jpg\" alt=\"\" width=\"95\" height=\"95\" \/><\/a><a href=\"http:\/\/semndecarte.metarsis.ro\/wp-content\/uploads\/2012\/02\/IMG_0138.jpg\" rel=\"lightbox[6334]\"><img loading=\"lazy\" class=\"alignleft size-thumbnail wp-image-6340\" title=\"Lansarea volumului de versuri \u201e\u015ei pietrele doinesc parc\u0103-n picioare\u201d semnat de Florin Tiberiu Giulvezan\" src=\"http:\/\/semndecarte.metarsis.ro\/wp-content\/uploads\/2012\/02\/IMG_0138-95x95.jpg\" alt=\"\" width=\"95\" height=\"95\" \/><\/a><a href=\"http:\/\/semndecarte.metarsis.ro\/wp-content\/uploads\/2012\/02\/IMG_0143.jpg\" rel=\"lightbox[6334]\"><img loading=\"lazy\" class=\"alignleft size-thumbnail wp-image-6338\" title=\"Lansarea volumului de versuri \u201e\u015ei pietrele doinesc parc\u0103-n picioare\u201d semnat de Florin Tiberiu Giulvezan\" src=\"http:\/\/semndecarte.metarsis.ro\/wp-content\/uploads\/2012\/02\/IMG_0143-95x95.jpg\" alt=\"\" width=\"95\" height=\"95\" \/><\/a><\/p>\n<p style=\"text-align: justify;\"><a href=\"http:\/\/semndecarte.metarsis.ro\/wp-content\/uploads\/2012\/02\/IMG_0134.jpg\" rel=\"lightbox[6334]\"><img loading=\"lazy\" class=\"alignleft size-thumbnail wp-image-6336\" title=\"Lansarea volumului de versuri \u201e\u015ei pietrele doinesc parc\u0103-n picioare\u201d semnat de Florin Tiberiu Giulvezan\" src=\"http:\/\/semndecarte.metarsis.ro\/wp-content\/uploads\/2012\/02\/IMG_0134-95x95.jpg\" alt=\"\" width=\"95\" height=\"95\" \/><\/a><\/p>\n","protected":false},"excerpt":{"rendered":"<p>Lansarea volumului de versuri \u201e\u015ei pietrele doinesc parc\u0103-n picioare\u201d semnat\u0103 de Florin Tiberiu Giulvezan (joi, 2 februarie 2012) a stat sub semnul postumit\u0103\u0163ii la Libr\u0103ria Semn de Carte din Re\u015fi\u0163a, \u00eentr-un cadru comemorativ de sincer\u0103 reculegere.<\/p>\n","protected":false},"author":1,"featured_media":0,"comment_status":"open","ping_status":"open","sticky":false,"template":"","format":"standard","meta":[],"categories":[7],"tags":[69,90],"_links":{"self":[{"href":"https:\/\/semndecarte.metarsis.ro\/index.php?rest_route=\/wp\/v2\/posts\/6334"}],"collection":[{"href":"https:\/\/semndecarte.metarsis.ro\/index.php?rest_route=\/wp\/v2\/posts"}],"about":[{"href":"https:\/\/semndecarte.metarsis.ro\/index.php?rest_route=\/wp\/v2\/types\/post"}],"author":[{"embeddable":true,"href":"https:\/\/semndecarte.metarsis.ro\/index.php?rest_route=\/wp\/v2\/users\/1"}],"replies":[{"embeddable":true,"href":"https:\/\/semndecarte.metarsis.ro\/index.php?rest_route=%2Fwp%2Fv2%2Fcomments&post=6334"}],"version-history":[{"count":0,"href":"https:\/\/semndecarte.metarsis.ro\/index.php?rest_route=\/wp\/v2\/posts\/6334\/revisions"}],"wp:attachment":[{"href":"https:\/\/semndecarte.metarsis.ro\/index.php?rest_route=%2Fwp%2Fv2%2Fmedia&parent=6334"}],"wp:term":[{"taxonomy":"category","embeddable":true,"href":"https:\/\/semndecarte.metarsis.ro\/index.php?rest_route=%2Fwp%2Fv2%2Fcategories&post=6334"},{"taxonomy":"post_tag","embeddable":true,"href":"https:\/\/semndecarte.metarsis.ro\/index.php?rest_route=%2Fwp%2Fv2%2Ftags&post=6334"}],"curies":[{"name":"wp","href":"https:\/\/api.w.org\/{rel}","templated":true}]}}