{"id":6311,"date":"2012-02-01T23:56:28","date_gmt":"2012-02-01T21:56:28","guid":{"rendered":"http:\/\/semndecarte.metarsis.ro\/?p=6311"},"modified":"2012-02-01T23:56:28","modified_gmt":"2012-02-01T21:56:28","slug":"regatul-scolii-7-arthur-si-cavalerii-mesei-rotunde","status":"publish","type":"post","link":"https:\/\/semndecarte.metarsis.ro\/?p=6311","title":{"rendered":"Regatul \u015ecolii 7, Arthur \u015fi Cavalerii Mesei Rotunde"},"content":{"rendered":"<p style=\"text-align: justify;\">O nou\u0103 adu\u0163ie a piesei \u201cArthur \u015fi Cavalerii Mesei Rotunde\u201d-\u00a0 scenariul, redac\u0163ia \u015fi produc\u0163ia Sanda Socoliuc, a avut loc ast\u0103zi, 1 februarie 2012, la libr\u0103ria Semn de Carte \u00een cadrul proiectului derulat de Metarsis-activit\u0103\u0163i \u015fi servicii de cultur\u0103 urban\u0103 \u015fi art\u0103 contemporan\u0103, Radio Romania Re\u015fi\u0163a \u015fi Societatea Rom\u00e2na de Radiodifuziune prin compartimentul Teatrul Na\u0163ional Radiofonic pentru Copii.<!--more--><br \/>\n A fost r\u00e2ndul micu\u0163ilor cavaleri \u015fi a delicatelor domni\u015fe de la \u015ecoala cu clasele I-VIII nr.7 din Re\u015fi\u0163a, mai exact din clasa a III-a A \u2013 \u00eenso\u0163itoare prof. \u00eenv. primar Doina C\u0103r\u0103c\u0103lean \u015fi \u00eenv\u0103\u0163\u0103tor itinerant Mariana Jurcovici \u015fi de cei din clasa a IV-a A &#8211; clasa prof. \u00eenv. primar Georgeta Gaita, s\u0103 asculte piesa de teatru \u015fi s\u0103 deseneze. Ce-a ie\u015fit ? Joc de culori, imagina\u0163ie \u015fi creativitate c\u00e2t cuprinde\u2026. A fost \u015fi o premier\u0103 pentru libr\u0103rie! Micu\u0163a pianist\u0103 Beatrice Ponoran din clasa a III-a A, eleva prof Lucia Ghilea, a c\u00e2ntat la pianina din ce\u0103inarie &#8211; fiind prima solist\u0103 cu microrecital- chiar dac\u0103 a fost alc\u0103tuit doar dintr-o singur\u0103 pies\u0103, (am aflat c\u0103 este \u015fi o cititoare \u00eemp\u0103timit\u0103- bravo!) iar elevii- iste\u0163i \u015fi talenta\u0163i- ne-au c\u00e2ntat \u015fi recitat &#8211; \u00een cor- poezii de Eminescu \u015fi Co\u015fbuc. Bucuros, ARIcel ISTE\u0162, mascota libr\u0103riei Semn de Carte i-a r\u0103spl\u0103tit pe micu\u0163ii elevi cu bomboane.<br \/>\n \u015ei pentru c\u0103 tot suntem \u00een anul Caragiale iar desenele au fost multe \u015fi\u00a0 minunate dar nu s-au putut alegege decat 6, vom spune, ca nenea Iancu\u00a0 \u00een Triunful talentului \u201cUn t\u00e2nar nu trebuie s\u0103 dispere de la \u00eent\u00e2ia \u00eencercare\u2026 mai sunt \u00eenc\u0103\u2026\u201d. A\u015fadar, stimabililor, ia de vota\u0163i cel mai bun desen!<\/p>\n<p style=\"text-align: justify;\"><a href=\"..\/?p=6264#more-6264\"><em><img loading=\"lazy\" class=\"alignleft\" title=\"voteaza-aici\" src=\"..\/wp-content\/uploads\/2011\/10\/voteaza-aici-desen.jpg\" alt=\"\" width=\"260\" height=\"83\" \/><\/em><\/a><em>S\u0103pt\u0103m\u00e2nal, pe pagina de internet a libr\u0103riei re\u015fi\u0163ene Semn de Carte\u00a0<a href=\"..\/?p=5719.\" target=\"_blank\"> www.semndecarte.metarsis.ro<\/a> pute\u0163i vota desenele preferate alese pentru a intra \u00een finala    concursului dedicat fiecarei piese de teatru prezentate \u015fi pus\u0103  \u00een   imagini de c\u0103tre micu\u0163ii ascult\u0103tori, ierarhiz\u00e2nd lucrarile,    men\u0163ion\u00e2nd, \u00een ordine, numele autorului \u00een comentariu la articolul ce  con\u0163ine desenele.   La sf\u00e2rsitul proiectului primii cinci clasa\u0163i vor fi  premia\u0163i.<\/em><\/p>\n<p style=\"text-align: justify;\"><em><a href=\"http:\/\/semndecarte.metarsis.ro\/wp-content\/uploads\/2012\/02\/IMG_0055.jpg\" rel=\"lightbox[6311]\"><img loading=\"lazy\" class=\"alignleft size-thumbnail wp-image-6319\" title=\"Clasa a III-a A, \u015ecoala cu clasele I-IIIV nr. 7, Re\u015fi\u0163a\" src=\"http:\/\/semndecarte.metarsis.ro\/wp-content\/uploads\/2012\/02\/IMG_0055-95x95.jpg\" alt=\"\" width=\"95\" height=\"95\" \/><\/a><\/em><em><a href=\"http:\/\/semndecarte.metarsis.ro\/wp-content\/uploads\/2012\/02\/IMG_0040.jpg\" rel=\"lightbox[6311]\"><img loading=\"lazy\" class=\"alignleft size-thumbnail wp-image-6318\" title=\"Clasa a III-a A, \u015ecoala cu clasele I-IIIV nr. 7, Re\u015fi\u0163a\" src=\"http:\/\/semndecarte.metarsis.ro\/wp-content\/uploads\/2012\/02\/IMG_0040-95x95.jpg\" alt=\"\" width=\"95\" height=\"95\" \/><\/a><\/em><em><a href=\"http:\/\/semndecarte.metarsis.ro\/wp-content\/uploads\/2012\/02\/IMG_0036.jpg\" rel=\"lightbox[6311]\"><img loading=\"lazy\" class=\"alignleft size-thumbnail wp-image-6317\" title=\"Clasa a III-a A, \u015ecoala cu clasele I-IIIV nr. 7, Re\u015fi\u0163a\" src=\"http:\/\/semndecarte.metarsis.ro\/wp-content\/uploads\/2012\/02\/IMG_0036-95x95.jpg\" alt=\"\" width=\"95\" height=\"95\" \/><\/a><\/em><em><a href=\"http:\/\/semndecarte.metarsis.ro\/wp-content\/uploads\/2012\/02\/IMG_0078.jpg\" rel=\"lightbox[6311]\"><img loading=\"lazy\" class=\"alignleft size-thumbnail wp-image-6320\" title=\"Clasa a III-a A, \u015ecoala cu clasele I-IIIV nr. 7, Re\u015fi\u0163a\" src=\"http:\/\/semndecarte.metarsis.ro\/wp-content\/uploads\/2012\/02\/IMG_0078-95x95.jpg\" alt=\"\" width=\"95\" height=\"95\" \/><\/a><\/em><a href=\"http:\/\/semndecarte.metarsis.ro\/wp-content\/uploads\/2012\/02\/IMG_0078.jpg\" rel=\"lightbox[6311]\"><em><\/em><\/a><em><a href=\"http:\/\/semndecarte.metarsis.ro\/wp-content\/uploads\/2012\/02\/IMG_0079.jpg\" rel=\"lightbox[6311]\"><img loading=\"lazy\" class=\"alignleft size-thumbnail wp-image-6327\" title=\"Clasa a III-a A, \u015ecoala cu clasele I-IIIV nr. 7, Re\u015fi\u0163a\" src=\"http:\/\/semndecarte.metarsis.ro\/wp-content\/uploads\/2012\/02\/IMG_0079-95x95.jpg\" alt=\"\" width=\"95\" height=\"95\" \/><\/a><\/em><em><a href=\"http:\/\/semndecarte.metarsis.ro\/wp-content\/uploads\/2012\/02\/IMG_0081.jpg\" rel=\"lightbox[6311]\"><img loading=\"lazy\" class=\"alignleft size-thumbnail wp-image-6322\" title=\"Clasa a IV-a A, \u015ecoala cu clasele I-IIIV nr. 7, Re\u015fi\u0163a\" src=\"http:\/\/semndecarte.metarsis.ro\/wp-content\/uploads\/2012\/02\/IMG_0081-95x95.jpg\" alt=\"\" width=\"95\" height=\"95\" \/><\/a><\/em><a href=\"http:\/\/semndecarte.metarsis.ro\/wp-content\/uploads\/2012\/02\/IMG_0081.jpg\" rel=\"lightbox[6311]\"><em><\/em><\/a><em><a href=\"http:\/\/semndecarte.metarsis.ro\/wp-content\/uploads\/2012\/02\/IMG_0092.jpg\" rel=\"lightbox[6311]\"><img loading=\"lazy\" class=\"alignleft size-thumbnail wp-image-6325\" title=\"Clasa a IV-a A, \u015ecoala cu clasele I-IIIV nr. 7, Re\u015fi\u0163a\" src=\"http:\/\/semndecarte.metarsis.ro\/wp-content\/uploads\/2012\/02\/IMG_0092-95x95.jpg\" alt=\"\" width=\"95\" height=\"95\" \/><\/a><\/em><em><a href=\"http:\/\/semndecarte.metarsis.ro\/wp-content\/uploads\/2012\/02\/IMG_0083.jpg\" rel=\"lightbox[6311]\"><img loading=\"lazy\" class=\"alignleft size-thumbnail wp-image-6323\" title=\"Clasa a IV-a A, \u015ecoala cu clasele I-IIIV nr. 7, Re\u015fi\u0163a\" src=\"http:\/\/semndecarte.metarsis.ro\/wp-content\/uploads\/2012\/02\/IMG_0083-95x95.jpg\" alt=\"\" width=\"95\" height=\"95\" \/><\/a><a href=\"http:\/\/semndecarte.metarsis.ro\/wp-content\/uploads\/2012\/02\/IMG_0090.jpg\" rel=\"lightbox[6311]\"><img loading=\"lazy\" class=\"alignleft size-thumbnail wp-image-6324\" title=\"Clasa a IV-a A, \u015ecoala cu clasele I-IIIV nr. 7, Re\u015fi\u0163a\" src=\"http:\/\/semndecarte.metarsis.ro\/wp-content\/uploads\/2012\/02\/IMG_0090-95x95.jpg\" alt=\"\" width=\"95\" height=\"95\" \/><\/a><a href=\"http:\/\/semndecarte.metarsis.ro\/wp-content\/uploads\/2012\/02\/IMG_0094.jpg\" rel=\"lightbox[6311]\"><img loading=\"lazy\" class=\"alignleft size-thumbnail wp-image-6326\" title=\"Clasa a IV-a A, \u015ecoala cu clasele I-IIIV nr. 7, Re\u015fi\u0163a\" src=\"http:\/\/semndecarte.metarsis.ro\/wp-content\/uploads\/2012\/02\/IMG_0094-95x95.jpg\" alt=\"\" width=\"95\" height=\"95\" \/><\/a><br \/>\n <\/em><\/p>\n","protected":false},"excerpt":{"rendered":"<p>O nou\u0103 adu\u0163ie a piesei \u201cArthur \u015fi Cavalerii Mesei Rotunde\u201d-  scenariul, redac\u0163ia \u015fi produc\u0163ia Sanda Socoliuc, a avut loc ast\u0103zi, 1 februarie 2012, la libr\u0103ria Semn de Carte \u00een cadrul proiectului derulat de Metarsis-activit\u0103\u0163i \u015fi servicii de cultur\u0103 urban\u0103 \u015fi art\u0103 contemporan\u0103, Radio Romania Re\u015fi\u0163a \u015fi Societatea Rom\u00e2na de Radiodifuziune prin compartimentul Teatrul Na\u0163ional Radiofonic pentru Copii.<\/p>\n","protected":false},"author":1,"featured_media":0,"comment_status":"open","ping_status":"open","sticky":false,"template":"","format":"standard","meta":[],"categories":[7],"tags":[115],"_links":{"self":[{"href":"https:\/\/semndecarte.metarsis.ro\/index.php?rest_route=\/wp\/v2\/posts\/6311"}],"collection":[{"href":"https:\/\/semndecarte.metarsis.ro\/index.php?rest_route=\/wp\/v2\/posts"}],"about":[{"href":"https:\/\/semndecarte.metarsis.ro\/index.php?rest_route=\/wp\/v2\/types\/post"}],"author":[{"embeddable":true,"href":"https:\/\/semndecarte.metarsis.ro\/index.php?rest_route=\/wp\/v2\/users\/1"}],"replies":[{"embeddable":true,"href":"https:\/\/semndecarte.metarsis.ro\/index.php?rest_route=%2Fwp%2Fv2%2Fcomments&post=6311"}],"version-history":[{"count":0,"href":"https:\/\/semndecarte.metarsis.ro\/index.php?rest_route=\/wp\/v2\/posts\/6311\/revisions"}],"wp:attachment":[{"href":"https:\/\/semndecarte.metarsis.ro\/index.php?rest_route=%2Fwp%2Fv2%2Fmedia&parent=6311"}],"wp:term":[{"taxonomy":"category","embeddable":true,"href":"https:\/\/semndecarte.metarsis.ro\/index.php?rest_route=%2Fwp%2Fv2%2Fcategories&post=6311"},{"taxonomy":"post_tag","embeddable":true,"href":"https:\/\/semndecarte.metarsis.ro\/index.php?rest_route=%2Fwp%2Fv2%2Ftags&post=6311"}],"curies":[{"name":"wp","href":"https:\/\/api.w.org\/{rel}","templated":true}]}}