{"id":6291,"date":"2012-01-28T22:01:16","date_gmt":"2012-01-28T20:01:16","guid":{"rendered":"http:\/\/semndecarte.metarsis.ro\/?p=6291"},"modified":"2012-01-28T22:01:16","modified_gmt":"2012-01-28T20:01:16","slug":"revista-lumea-noastra","status":"publish","type":"post","link":"https:\/\/semndecarte.metarsis.ro\/?p=6291","title":{"rendered":"Revista &#8222;Lumea noastr\u0103&#8221;"},"content":{"rendered":"<p style=\"text-align: justify;\">Vineri, 27 ianuarie 2012, a avut loc la Libr\u0103ria \u201eSemn de carte\u201d lansarea num\u0103rului 22 al revistei \u015ecolii cu clasele I-VIII Nr. 7 Re\u015fi\u0163a, \u201eLumea noastr\u0103\u201d. De 6 ani, \u201eLumea noastr\u0103\u201d \u00eei introduce pe cititorii ei \u00eentr-un cadru al copil\u0103riei \u015fi al \u015fcolii. Prin rubricile ei permanente, revista se axeaz\u0103, \u00een primul r\u00e2nd, pe activit\u0103\u0163ile pe care elevii \u015ecolii 7 le deruleaz\u0103 \u00eentr-un interval bine stabilit, curpins \u00eentre dou\u0103 apari\u0163ii editoriale. G\u00e2nduri, idei, opinii, puncte de vedere pornite din suflete de copil spre un univers \u00een care ei cresc, se dezvolt\u0103 \u015fi pe care, la un moment dat, \u00eel vor p\u0103r\u0103si. \u00a0<!--more--><br \/>\n <a href=\"http:\/\/semndecarte.metarsis.ro\/wp-content\/uploads\/2012\/01\/revista-nr-22.pdf\"><img loading=\"lazy\" class=\"size-full wp-image-6296 alignleft\" title=\"Lumea noastra nr. 22\" src=\"http:\/\/semndecarte.metarsis.ro\/wp-content\/uploads\/2012\/01\/cop1.jpg\" alt=\"\" width=\"212\" height=\"300\" srcset=\"https:\/\/semndecarte.metarsis.ro\/wp-content\/uploads\/2012\/01\/cop1.jpg 353w, https:\/\/semndecarte.metarsis.ro\/wp-content\/uploads\/2012\/01\/cop1-115x163.jpg 115w\" sizes=\"(max-width: 212px) 100vw, 212px\" \/><\/a>La \u201eSemn de carte\u201d au fost prezen\u0163i membrii echipei redac\u0163ionale, care \u015fi-au prezentat revista pagin\u0103 cu pagin\u0103. Au fost prezen\u0163i \u015fi al\u0163i copii din \u015fcoal\u0103, \u00eenso\u0163i\u0163i de dasc\u0103lii care sprijin\u0103 realizarea acestei publica\u0163ii. Revista oglinde\u015fte \u015fcoala, cu elevii \u015fi cu dasc\u0103lii ei, ca urmare redactorii iau \u201ePulsul \u015fcolii\u201d la fiecare num\u0103r nou. De data aceasta afl\u0103m \u201ecine ne \u00eenva\u0163\u0103 limba \u015fi literatura rom\u00e2n\u0103\u201d \u00eentr-un material despre prof. Andreea Peica, g\u0103sim un \u201eportret\u201d al prof. Florentina Pu\u015fu, afl\u0103m c\u0103 dasc\u0103lii de sport au fost premia\u0163i la nivel jude\u0163ean. Citim despre elevii buni, despre rezultate deosebite, ne m\u00e2ndim cu ei \u2013 num\u0103rul 22 al revistei ne-o prezint\u0103 pe Oana Gogo\u015feanu din clasa a VI-a B, desemnat\u0103 drept cel mai bun elev al \u015fcolii \u00een anul \u015fcolar trecut. <br \/>\n Micii jurnali\u015fti se pot m\u00e2ndri cu dou\u0103 interviuri luate unor oameni se seam\u0103 din afara \u015fcolii. Codru\u0163a Goag\u0103 a avut bucuria s\u0103 discute cu interpretul de muzic\u0103 folk Ducu Bertzi, prezent \u00een Re\u015fi\u0163a \u00een luna decembrie a anului care tocmai s-a \u00eencheiat. Recent desemnat cet\u0103\u0163ean de onoare al jude\u0163ului, Coco Galescu ofer\u0103 un interviu revistei noastre prin Ami Glogovicean, interviu care prezint\u0103 performan\u0163a de a atinge Polul Sud pe schiuri \u00een luna decembrie a anului trecut. Totodat\u0103, participant\u0103 la tab\u0103ra de schi organizat\u0103 de Clubul Montan Caransebe\u015f, aceea\u015fi Ami Glogovicean transmite cititorilor revistei dragostea pentru munte \u015fi \u00eendemnul de a practica schiul. \u201eAventur\u0103 \u015fi distrac\u0163ie\u201d \u2013 astfel caracterizeaz\u0103 tab\u0103ra de schi \u015fi cel mai mic elev prezent la lansare, Sara Poenariu din clasa a III-a. <br \/>\n Al\u0103turi de noi la \u201eSemn de carte\u201d au fost al\u0163i reprezentan\u0163i ai muntelui din Banat, apropia\u0163i suflete\u015fte de copii \u015fi de \u015fcoala noastr\u0103. Este vorba de \u201ePrietenii Mun\u0163ilor\u201d Adi Petrica \u015fi Helmuth Krubl, parteneri\u00a0 de-o via\u0163\u0103 cu cel care a fost prof. Gheorghe Bologa,\u00a0 plecat de c\u00e2teva zile \u00een ceruri. Cei doi au prezentat activit\u0103\u0163ile Asocia\u0163iei \u201ePrietenii Mun\u0163ilor\u201d, concretizate \u00een ateliere de schi pe Semenic, cicloturism, drume\u0163ii \u015fi ne-au lansat invita\u0163ia s\u0103 particip\u0103m la concursurile de schi care vor urma \u00een aceast\u0103 iarn\u0103. Cu un an \u00een urm\u0103, la lansare edi\u0163iei de iarn\u0103 a revistei, \u00een aceala\u015fi loc, Ghi\u0163u Bologa era al\u0103turi de noi, bucur\u00e2ndu-se s\u0103 ne \u00eendrume spre munte, povestindu-ne cu mare drag de taberele de schi de pe Semenic \u015fi f\u0103c\u00e2nd, totodat\u0103, o mul\u0163ime de planuri de viitor&#8230; Nu le va duce la sf\u00e2r\u015fit, dar, \u00een amintirea lui, vom da curs invita\u0163iei de a urca pe munte c\u00e2t de des putem, sper\u00e2nd c\u0103 acolo,\u00a0 sus, va fi fericit v\u0103z\u00e2nd c\u0103\u00a0 i-am urmat sfaturile. \u00a0<br \/>\n Camelia \u015fi Lucian Duca au fost gazde primitoare, iar noi revenim cu mult drag la \u201eSemn de carte\u201d ori de c\u00e2te ori avem ocazia. Este un loc iubit de redactorii revistei \u201eLumea noastr\u0103\u201d &#8211; Daiana Li\u0163\u0103, Ami Glogovicean, Oana Gogo\u015feanu, Alexandra Ha\u0163egan, Larisa B\u0103r\u0103scu, Maria Sorca, Ana Ro\u015fca, Codru\u0163a Goag\u0103, Andreea Avram, Andreea Gavrilescu, Bianca Semeniuc, Drago\u015f Corcan \u2013 copii deosebi\u0163i care reu\u015fesc s\u0103 pun\u0103 pe h\u00e2rtie scene din copil\u0103ria lor \u015fi a altor copii care \u00eenva\u0163\u0103 la \u015ecoala 7. Sunt copii care scriu\u00a0 cu pasiune \u015fi cu pl\u0103cere. Meritul lor este acela de a crea o lume, de a oglindi o lume \u015fi de a invita pe to\u0163i cei care citesc revista \u00een acea lume frumoas\u0103 a copil\u0103riei pe care unii o tr\u0103iesc \u015fi \u00een care al\u0163ii se reg\u0103sesc la orice v\u00e2rst\u0103! (<em>Profesor \u00eenv\u0103\u0163\u0103m\u00e2nt primar Cristina Ardeleanu<\/em>)<\/p>\n<p style=\"text-align: justify;\"><a href=\"http:\/\/semndecarte.metarsis.ro\/wp-content\/uploads\/2012\/01\/IMG_1457.jpg\" rel=\"lightbox[6291]\"><img loading=\"lazy\" class=\"alignleft size-thumbnail wp-image-6302\" title=\"Lansarea nr. 22 al revistei &quot;Lumea noastr\u0103&quot; a elevilor de la \u015ecoala 7 din Re\u015fi\u0163a\" src=\"http:\/\/semndecarte.metarsis.ro\/wp-content\/uploads\/2012\/01\/IMG_1457-95x95.jpg\" alt=\"\" width=\"95\" height=\"95\" \/><\/a><a href=\"http:\/\/semndecarte.metarsis.ro\/wp-content\/uploads\/2012\/01\/IMG_1462.jpg\" rel=\"lightbox[6291]\"><img loading=\"lazy\" class=\"alignleft size-thumbnail wp-image-6299\" title=\"Lansarea nr. 22 al revistei &quot;Lumea noastr\u0103&quot; a elevilor de la \u015ecoala 7 din Re\u015fi\u0163a\" src=\"http:\/\/semndecarte.metarsis.ro\/wp-content\/uploads\/2012\/01\/IMG_1462-95x95.jpg\" alt=\"\" width=\"95\" height=\"95\" \/><\/a><a href=\"http:\/\/semndecarte.metarsis.ro\/wp-content\/uploads\/2012\/01\/IMG_1451.jpg\" rel=\"lightbox[6291]\"><img loading=\"lazy\" class=\"alignleft size-thumbnail wp-image-6304\" title=\"Lansarea nr. 22 al revistei &quot;Lumea noastr\u0103&quot; a elevilor de la \u015ecoala 7 din Re\u015fi\u0163a\" src=\"http:\/\/semndecarte.metarsis.ro\/wp-content\/uploads\/2012\/01\/IMG_1451-95x95.jpg\" alt=\"\" width=\"95\" height=\"95\" \/><\/a><a href=\"http:\/\/semndecarte.metarsis.ro\/wp-content\/uploads\/2012\/01\/IMG_1455.jpg\" rel=\"lightbox[6291]\"><img loading=\"lazy\" class=\"alignleft size-thumbnail wp-image-6303\" title=\"Lansarea nr. 22 al revistei &quot;Lumea noastr\u0103&quot; a elevilor de la \u015ecoala 7 din Re\u015fi\u0163a\" src=\"http:\/\/semndecarte.metarsis.ro\/wp-content\/uploads\/2012\/01\/IMG_1455-95x95.jpg\" alt=\"\" width=\"95\" height=\"95\" \/><\/a><a href=\"http:\/\/semndecarte.metarsis.ro\/wp-content\/uploads\/2012\/01\/IMG_1469.jpg\" rel=\"lightbox[6291]\"><img loading=\"lazy\" class=\"alignleft size-thumbnail wp-image-6297\" title=\"Lansarea nr. 22 al revistei &quot;Lumea noastr\u0103&quot; a elevilor de la \u015ecoala 7 din Re\u015fi\u0163a\" src=\"http:\/\/semndecarte.metarsis.ro\/wp-content\/uploads\/2012\/01\/IMG_1469-95x95.jpg\" alt=\"\" width=\"95\" height=\"95\" \/><\/a><a href=\"http:\/\/semndecarte.metarsis.ro\/wp-content\/uploads\/2012\/01\/IMG_1467.jpg\" rel=\"lightbox[6291]\"><img loading=\"lazy\" class=\"alignleft size-thumbnail wp-image-6298\" title=\"Lansarea nr. 22 al revistei &quot;Lumea noastr\u0103&quot; a elevilor de la \u015ecoala 7 din Re\u015fi\u0163a\" src=\"http:\/\/semndecarte.metarsis.ro\/wp-content\/uploads\/2012\/01\/IMG_1467-95x95.jpg\" alt=\"\" width=\"95\" height=\"95\" \/><\/a><a href=\"http:\/\/semndecarte.metarsis.ro\/wp-content\/uploads\/2012\/01\/IMG_1448.jpg\" rel=\"lightbox[6291]\"><img loading=\"lazy\" class=\"alignleft size-thumbnail wp-image-6306\" title=\"Lansarea nr. 22 al revistei &quot;Lumea noastr\u0103&quot; a elevilor de la \u015ecoala 7 din Re\u015fi\u0163a\" src=\"http:\/\/semndecarte.metarsis.ro\/wp-content\/uploads\/2012\/01\/IMG_1448-95x95.jpg\" alt=\"\" width=\"95\" height=\"95\" \/><\/a><a href=\"http:\/\/semndecarte.metarsis.ro\/wp-content\/uploads\/2012\/01\/IMG_1460.jpg\" rel=\"lightbox[6291]\"><img loading=\"lazy\" class=\"alignleft size-thumbnail wp-image-6301\" title=\"Lansarea nr. 22 al revistei &quot;Lumea noastr\u0103&quot; a elevilor de la \u015ecoala 7 din Re\u015fi\u0163a\" src=\"http:\/\/semndecarte.metarsis.ro\/wp-content\/uploads\/2012\/01\/IMG_1460-95x95.jpg\" alt=\"\" width=\"95\" height=\"95\" \/><\/a><a href=\"http:\/\/semndecarte.metarsis.ro\/wp-content\/uploads\/2012\/01\/IMG_1461.jpg\" rel=\"lightbox[6291]\"><img loading=\"lazy\" class=\"alignleft size-thumbnail wp-image-6300\" title=\"Lansarea nr. 22 al revistei &quot;Lumea noastr\u0103&quot; a elevilor de la \u015ecoala 7 din Re\u015fi\u0163a\" src=\"http:\/\/semndecarte.metarsis.ro\/wp-content\/uploads\/2012\/01\/IMG_1461-95x95.jpg\" alt=\"\" width=\"95\" height=\"95\" \/><\/a><a href=\"http:\/\/semndecarte.metarsis.ro\/wp-content\/uploads\/2012\/01\/IMG_1449.jpg\" rel=\"lightbox[6291]\"><img loading=\"lazy\" class=\"alignleft size-thumbnail wp-image-6305\" title=\"Lansarea nr. 22 al revistei &quot;Lumea noastr\u0103&quot; a elevilor de la \u015ecoala 7 din Re\u015fi\u0163a\" src=\"http:\/\/semndecarte.metarsis.ro\/wp-content\/uploads\/2012\/01\/IMG_1449-95x95.jpg\" alt=\"\" width=\"95\" height=\"95\" \/><\/a><\/p>\n","protected":false},"excerpt":{"rendered":"<p>Vineri, 27 ianuarie 2012, a avut loc la Libr\u0103ria \u201eSemn de carte\u201d lansarea num\u0103rului 22 al revistei \u015ecolii cu clasele I-VIII Nr. 7 Re\u015fi\u0163a, \u201eLumea noastr\u0103\u201d. De 6 ani, \u201eLumea noastr\u0103\u201d \u00eei introduce pe cititorii ei \u00eentr-un cadru al copil\u0103riei \u015fi al \u015fcolii. Prin rubricile ei permanente, revista se axeaz\u0103, \u00een primul r\u00e2nd, pe activit\u0103\u0163ile pe care elevii \u015ecolii 7 le deruleaz\u0103 \u00eentr-un interval bine stabilit, curpins \u00eentre dou\u0103 apari\u0163ii editoriale. G\u00e2nduri, idei, opinii, puncte de vedere pornite din suflete de copil spre un univers \u00een care ei cresc, se dezvolt\u0103 \u015fi pe care, la un moment dat, \u00eel vor p\u0103r\u0103si.  <\/p>\n","protected":false},"author":1,"featured_media":0,"comment_status":"open","ping_status":"open","sticky":false,"template":"","format":"standard","meta":[],"categories":[7],"tags":[347],"_links":{"self":[{"href":"https:\/\/semndecarte.metarsis.ro\/index.php?rest_route=\/wp\/v2\/posts\/6291"}],"collection":[{"href":"https:\/\/semndecarte.metarsis.ro\/index.php?rest_route=\/wp\/v2\/posts"}],"about":[{"href":"https:\/\/semndecarte.metarsis.ro\/index.php?rest_route=\/wp\/v2\/types\/post"}],"author":[{"embeddable":true,"href":"https:\/\/semndecarte.metarsis.ro\/index.php?rest_route=\/wp\/v2\/users\/1"}],"replies":[{"embeddable":true,"href":"https:\/\/semndecarte.metarsis.ro\/index.php?rest_route=%2Fwp%2Fv2%2Fcomments&post=6291"}],"version-history":[{"count":0,"href":"https:\/\/semndecarte.metarsis.ro\/index.php?rest_route=\/wp\/v2\/posts\/6291\/revisions"}],"wp:attachment":[{"href":"https:\/\/semndecarte.metarsis.ro\/index.php?rest_route=%2Fwp%2Fv2%2Fmedia&parent=6291"}],"wp:term":[{"taxonomy":"category","embeddable":true,"href":"https:\/\/semndecarte.metarsis.ro\/index.php?rest_route=%2Fwp%2Fv2%2Fcategories&post=6291"},{"taxonomy":"post_tag","embeddable":true,"href":"https:\/\/semndecarte.metarsis.ro\/index.php?rest_route=%2Fwp%2Fv2%2Ftags&post=6291"}],"curies":[{"name":"wp","href":"https:\/\/api.w.org\/{rel}","templated":true}]}}