{"id":6274,"date":"2012-01-26T00:39:19","date_gmt":"2012-01-25T22:39:19","guid":{"rendered":"http:\/\/semndecarte.metarsis.ro\/?p=6274"},"modified":"2012-01-28T09:59:14","modified_gmt":"2012-01-28T07:59:14","slug":"arthur-masa-rotunda-si-copiii-cristinei","status":"publish","type":"post","link":"https:\/\/semndecarte.metarsis.ro\/?p=6274","title":{"rendered":"Arthur, Masa Rotunda \u015fi copiii Cristinei"},"content":{"rendered":"<p style=\"text-align: justify;\"><strong>Teatru, desen, carte<\/strong><br \/>\n Miercuri, 25 ianuarie 2012 de la ora 11:00, mici cavaleri \u015fi domni\u0163e- elevi ai clasei a IV- a C de la \u015ecoala cu clasele I-VIII nr. 7 din Re\u015fi\u0163a, \u00eenso\u0163i\u0163i de prof. Cristina Ardelean s-au \u00eent\u00e2lnit la libr\u0103ria Semn de Carte cu teatrul radiofonic, transpun\u00e2nd \u00een desene originale piesa \u201cArthur \u015fi Cavalerii Mesei Rotunde\u201d- partea I. <!--more-->Regi, prin\u0163ese, vr\u0103jitori, lupte, mistere dezlegate par\u0163ial, o mas\u0103 rotund\u0103 \u015fi cavaleri condu\u015fi de ne\u00eenfricatul rege Arthur, cel care, \u00eentre mit \u015fi legend\u0103, i-a unit c\u00e2ndva pe britani\u2026 Personaje principale ale multor c\u0103rti, filme \u015fi desene animate, Arthur \u015fi cavalerii Mesei Rotunde au devenit, pentru prima oar\u0103, protagoni\u015ftii unui spectacol de teatru radiofonic, excelent \u015fi post-modernist, montat de regizorul Attila Vizauer, secondat cu har \u015fi acurate\u0163e de o echip\u0103 excelent\u0103, gra\u0163ie departamentului Teatrul Na\u0163ional Radiofonic al Radiodifuziunii Rom\u00e2ne, audi\u0163ia de azi fiind premier\u0103 pentru Re\u015fi\u0163a. Scenariul radiofonic al Sandei Socoliuc dup\u0103 legendele arthuriene, chiar i-a fascinat pe copii tin\u00e2ndu-i, mai bine de 40 de minute, surprinzator de t\u0103cu\u0163i \u015fi preocupa\u0163i s\u0103 transpun\u0103 \u00een desene pline de culoare, piesa de teatru pe care o ascultau.<br \/>\n ARIcel ISTE\u0162 (mascota libr\u0103riei Semn de Carte) i-a recompensat cu bomboane, Radio Romania Re\u015fi\u0163a le-a oferit semne de carte cu emisiunile pentru copii ale postului local iar Teatrul Na\u0163ional Radiofonic a promis continuarea adapt\u0103rilor \u201cDin legendele lumii\u201d.<br \/>\n Pentru c\u0103, a noastr\u0103 sau a altora, vorba lui nea Iancu (pentru c\u0103 suntem \u00een anul Caragiale) \u201cIstoria pentru noi trebuie s\u0103 fie un izvor nesecat de poezie s\u0103n\u0103toas\u0103, un \u015fir de icoane sfinte de unde s\u0103 c\u0103p\u0103t\u0103m totdeauna \u00eenv\u0103\u0163\u0103tura de adevar \u015fi insuflare de virtute.\u201d<\/p>\n<p style=\"text-align: justify;\"><a href=\"http:\/\/semndecarte.metarsis.ro\/?p=6264#more-6264\"><em><img loading=\"lazy\" class=\"alignleft\" title=\"voteaza-aici\" src=\"..\/wp-content\/uploads\/2011\/10\/voteaza-aici-desen.jpg\" alt=\"\" width=\"260\" height=\"83\" \/><\/em><\/a><em>S\u0103pt\u0103m\u00e2nal, pe pagina de internet a libr\u0103riei re\u015fi\u0163ene Semn de Carte\u00a0<a href=\"..\/?p=5719.\" target=\"_blank\"> www.semndecarte.metarsis.ro<\/a> pute\u0163i vota desenele preferate alese pentru a intra \u00een finala   concursului dedicat fiecarei piese de teatru prezentate \u015fi pus\u0103  \u00een  imagini de c\u0103tre micu\u0163ii ascult\u0103tori, ierarhiz\u00e2nd lucrarile,   men\u0163ion\u00e2nd, \u00een ordine, numele autorului \u00een comentariu la articolul ce con\u0163ine desenele.   La sf\u00e2rsitul proiectului primii cinci clasa\u0163i vor fi premia\u0163i.<\/em><\/p>\n<p style=\"text-align: justify;\"><a href=\"http:\/\/semndecarte.metarsis.ro\/wp-content\/uploads\/2012\/01\/IMG_1407.jpg\" rel=\"lightbox[6274]\"><img loading=\"lazy\" class=\"alignleft size-thumbnail wp-image-6275\" title=\"Arthur, Masa Rotunda \u015fi copiii Cristinei\" src=\"http:\/\/semndecarte.metarsis.ro\/wp-content\/uploads\/2012\/01\/IMG_1407-95x95.jpg\" alt=\"\" width=\"95\" height=\"95\" \/><\/a><a href=\"http:\/\/semndecarte.metarsis.ro\/wp-content\/uploads\/2012\/01\/IMG_1420.jpg\" rel=\"lightbox[6274]\"><img loading=\"lazy\" class=\"alignleft size-thumbnail wp-image-6276\" title=\"Arthur, Masa Rotunda \u015fi copiii Cristinei\" src=\"http:\/\/semndecarte.metarsis.ro\/wp-content\/uploads\/2012\/01\/IMG_1420-95x95.jpg\" alt=\"\" width=\"95\" height=\"95\" \/><\/a><a href=\"http:\/\/semndecarte.metarsis.ro\/wp-content\/uploads\/2012\/01\/IMG_1426.jpg\" rel=\"lightbox[6274]\"><img loading=\"lazy\" class=\"alignleft size-thumbnail wp-image-6277\" title=\"Arthur, Masa Rotunda \u015fi copiii Cristinei\" src=\"http:\/\/semndecarte.metarsis.ro\/wp-content\/uploads\/2012\/01\/IMG_1426-95x95.jpg\" alt=\"\" width=\"95\" height=\"95\" \/><\/a><a href=\"http:\/\/semndecarte.metarsis.ro\/wp-content\/uploads\/2012\/01\/IMG_1437.jpg\" rel=\"lightbox[6274]\"><img loading=\"lazy\" class=\"alignleft size-thumbnail wp-image-6283\" title=\"Arthur, Masa Rotunda \u015fi copiii Cristinei\" src=\"http:\/\/semndecarte.metarsis.ro\/wp-content\/uploads\/2012\/01\/IMG_1437-95x95.jpg\" alt=\"\" width=\"95\" height=\"95\" \/><\/a><a href=\"http:\/\/semndecarte.metarsis.ro\/wp-content\/uploads\/2012\/01\/IMG_1441.jpg\" rel=\"lightbox[6274]\"><img loading=\"lazy\" class=\"alignleft size-thumbnail wp-image-6281\" title=\"Arthur, Masa Rotunda \u015fi copiii Cristinei\" src=\"http:\/\/semndecarte.metarsis.ro\/wp-content\/uploads\/2012\/01\/IMG_1441-95x95.jpg\" alt=\"\" width=\"95\" height=\"95\" \/><\/a><a href=\"http:\/\/semndecarte.metarsis.ro\/wp-content\/uploads\/2012\/01\/IMG_1430.jpg\" rel=\"lightbox[6274]\"><img loading=\"lazy\" class=\"alignleft size-thumbnail wp-image-6278\" title=\"Arthur, Masa Rotunda \u015fi copiii Cristinei\" src=\"http:\/\/semndecarte.metarsis.ro\/wp-content\/uploads\/2012\/01\/IMG_1430-95x95.jpg\" alt=\"\" width=\"95\" height=\"95\" \/><\/a><a href=\"http:\/\/semndecarte.metarsis.ro\/wp-content\/uploads\/2012\/01\/IMG_1431.jpg\" rel=\"lightbox[6274]\"><img loading=\"lazy\" class=\"alignleft size-thumbnail wp-image-6279\" title=\"Arthur, Masa Rotunda \u015fi copiii Cristinei\" src=\"http:\/\/semndecarte.metarsis.ro\/wp-content\/uploads\/2012\/01\/IMG_1431-95x95.jpg\" alt=\"\" width=\"95\" height=\"95\" \/><\/a><a href=\"http:\/\/semndecarte.metarsis.ro\/wp-content\/uploads\/2012\/01\/IMG_1440.jpg\" rel=\"lightbox[6274]\"><img loading=\"lazy\" class=\"alignleft size-thumbnail wp-image-6282\" title=\"Arthur, Masa Rotunda \u015fi copiii Cristinei\" src=\"http:\/\/semndecarte.metarsis.ro\/wp-content\/uploads\/2012\/01\/IMG_1440-95x95.jpg\" alt=\"\" width=\"95\" height=\"95\" \/><\/a><a href=\"http:\/\/semndecarte.metarsis.ro\/wp-content\/uploads\/2012\/01\/IMG_1436.jpg\" rel=\"lightbox[6274]\"><img loading=\"lazy\" class=\"alignleft size-thumbnail wp-image-6280\" title=\"Arthur, Masa Rotunda \u015fi copiii Cristinei\" src=\"http:\/\/semndecarte.metarsis.ro\/wp-content\/uploads\/2012\/01\/IMG_1436-95x95.jpg\" alt=\"\" width=\"95\" height=\"95\" \/><\/a><a href=\"http:\/\/semndecarte.metarsis.ro\/wp-content\/uploads\/2012\/01\/IMG_1445.jpg\" rel=\"lightbox[6274]\"><img loading=\"lazy\" class=\"alignleft size-thumbnail wp-image-6284\" title=\"IMGArthur, Masa Rotunda \u015fi copiii Cristinei\" src=\"http:\/\/semndecarte.metarsis.ro\/wp-content\/uploads\/2012\/01\/IMG_1445-95x95.jpg\" alt=\"\" width=\"95\" height=\"95\" \/><\/a><\/p>\n","protected":false},"excerpt":{"rendered":"<p>Miercuri, 25 ianuarie 2012 de la ora 11:00, mici cavaleri \u015fi domni\u0163e- elevi ai clasei a IV- a C de la \u015ecoala cu clasele I-VIII nr. 7 din Re\u015fi\u0163a, \u00eenso\u0163i\u0163i de prof. Cristina Ardelean s-au \u00eent\u00e2lnit la libr\u0103ria Semn de Carte cu teatrul radiofonic, transpun\u00e2nd \u00een desene originale piesa \u201cArthur \u015fi Cavalerii Mesei Rotunde\u201d- partea I. <\/p>\n","protected":false},"author":1,"featured_media":0,"comment_status":"open","ping_status":"open","sticky":false,"template":"","format":"standard","meta":[],"categories":[7],"tags":[115],"_links":{"self":[{"href":"https:\/\/semndecarte.metarsis.ro\/index.php?rest_route=\/wp\/v2\/posts\/6274"}],"collection":[{"href":"https:\/\/semndecarte.metarsis.ro\/index.php?rest_route=\/wp\/v2\/posts"}],"about":[{"href":"https:\/\/semndecarte.metarsis.ro\/index.php?rest_route=\/wp\/v2\/types\/post"}],"author":[{"embeddable":true,"href":"https:\/\/semndecarte.metarsis.ro\/index.php?rest_route=\/wp\/v2\/users\/1"}],"replies":[{"embeddable":true,"href":"https:\/\/semndecarte.metarsis.ro\/index.php?rest_route=%2Fwp%2Fv2%2Fcomments&post=6274"}],"version-history":[{"count":0,"href":"https:\/\/semndecarte.metarsis.ro\/index.php?rest_route=\/wp\/v2\/posts\/6274\/revisions"}],"wp:attachment":[{"href":"https:\/\/semndecarte.metarsis.ro\/index.php?rest_route=%2Fwp%2Fv2%2Fmedia&parent=6274"}],"wp:term":[{"taxonomy":"category","embeddable":true,"href":"https:\/\/semndecarte.metarsis.ro\/index.php?rest_route=%2Fwp%2Fv2%2Fcategories&post=6274"},{"taxonomy":"post_tag","embeddable":true,"href":"https:\/\/semndecarte.metarsis.ro\/index.php?rest_route=%2Fwp%2Fv2%2Ftags&post=6274"}],"curies":[{"name":"wp","href":"https:\/\/api.w.org\/{rel}","templated":true}]}}