{"id":6222,"date":"2012-01-24T17:57:28","date_gmt":"2012-01-24T15:57:28","guid":{"rendered":"http:\/\/semndecarte.metarsis.ro\/?p=6222"},"modified":"2012-01-24T17:57:28","modified_gmt":"2012-01-24T15:57:28","slug":"prof-dr-vasile-c-ionita-si-alina-trifan","status":"publish","type":"post","link":"https:\/\/semndecarte.metarsis.ro\/?p=6222","title":{"rendered":"Prof. dr. Vasile C. Ioni\u0163\u0103 \u015fi Alina Trifan"},"content":{"rendered":"<p><strong>Vernisaj &#8222;Joc de culori&#8221; \u015fi lansare &#8222;Cr\u00e2mpeie dintr-un veac trecut&#8221;<\/strong><\/p>\n<p style=\"text-align: justify;\">\u201c11 iunie 1972. Are loc o consf\u0103tuire cu &lt;anumite categorii de intelectuali&gt;, acum c\u00e2nd a ap\u0103rut \u015fi se poart\u0103 cu ifose maxi- \u015fi mini-sociologia\u2026 Am notat un fel de proces verbal (!) al acestei consf\u0103tuiri. Era de fa\u0163\u0103 Novak, cel cu hobi socio-, Doru Dr\u0103gan, medicul, un adev\u0103rat animator al vie\u0163ii culturale, pe care \u00eel \u015ftiam de la Oravi\u0163a, Cristian P\u00e2rvulescu, actor, Constantin Iordache, dir. Casei de Cultur\u0103, Eugen Vancea, regizor, G\u00e2g\u0103 al nostru dintotdeuna. &lt;Am un vancism&gt; zicea cutare \u015fi auzeai una ca asta: &lt;Aici \u00eemi trebuie un fundal de purpur\u0103 albastr\u0103&gt; sau &lt;Tomi\u0163\u0103 (ma\u015finistul), s\u0103-mi bagi un bec \u00een fund!&gt;, la care Tomi\u0163\u0103 \u00eentreba candid: &lt;C\u00e2nd vi-l bag, maestre, acum? Sau o l\u0103s\u0103m pe desear\u0103\u2026&gt;. Au mai participat Marincu \u0162\u0103ranu, medic, care trecea printre oamenii cul\u0163i ai urbei \u015fi un procuror &lt;B.E.?&gt;\u201c Aceasta este doar una dintre filele jurnalului \u201cCr\u00e2mpeie dintr-un veac trecut\u201d semnat prof. dr. Vasile C. Ioni\u0163\u0103 lansat miercuri 18 ianuarie 2012 la libr\u0103ria Semn de Carte din Re\u015fi\u0163a. <!--more-->Despre autor \u015fi\u00a0 importan\u0163a scrierilor sale au vorbit p\u0103rinte protopop conf. univ. dr. Vasile Petrica \u015fi jurnalistul Doru Dinu Gl\u0103van, redactor-\u015fef al Radio Rom\u00e2nia Re\u015fi\u0163a sub a c\u0103rui \u00eengrijire a ap\u0103rut \u015fi acest volum de memorii semnat Vasile C. Ioni\u0163\u0103. S-au dep\u0103nat amintiri \u015fi s-a r\u00e2s copios la istorioarele povestite de artistul plastic, scenograf al teatrului re\u015fi\u0163ean &#8211; Ioan Bobeic\u0103.<\/p>\n<p style=\"text-align: justify;\"><a href=\"http:\/\/semndecarte.metarsis.ro\/wp-content\/uploads\/2012\/01\/IMG_1320.jpg\" rel=\"lightbox[6222]\"><strong> <\/strong><\/a><a href=\"http:\/\/semndecarte.metarsis.ro\/wp-content\/uploads\/2012\/01\/IMG_1301.jpg\" rel=\"lightbox[6222]\"><strong><\/strong><\/a><strong><a href=\"http:\/\/semndecarte.metarsis.ro\/wp-content\/uploads\/2012\/01\/IMG_1357.jpg\" rel=\"lightbox[6222]\"><img loading=\"lazy\" class=\"alignleft size-thumbnail wp-image-6242\" title=\"Prof. dr. Vasile C. Ioni\u0163\u0103\" src=\"http:\/\/semndecarte.metarsis.ro\/wp-content\/uploads\/2012\/01\/IMG_1357-95x95.jpg\" alt=\"\" width=\"95\" height=\"95\" \/><\/a><\/strong><a href=\"http:\/\/semndecarte.metarsis.ro\/wp-content\/uploads\/2012\/01\/IMG_1357.jpg\" rel=\"lightbox[6222]\"><strong><\/strong><\/a><strong><a href=\"http:\/\/semndecarte.metarsis.ro\/wp-content\/uploads\/2012\/01\/IMG_1371.jpg\" rel=\"lightbox[6222]\"><img loading=\"lazy\" class=\"alignleft size-thumbnail wp-image-6243\" title=\"Cr\u00e2mpeie dintr-un veac trecut - Vasile C. Ioni\u0163\u0103\" src=\"http:\/\/semndecarte.metarsis.ro\/wp-content\/uploads\/2012\/01\/IMG_1371-95x95.jpg\" alt=\"\" width=\"95\" height=\"95\" \/><\/a><\/strong><a href=\"http:\/\/semndecarte.metarsis.ro\/wp-content\/uploads\/2012\/01\/IMG_1371.jpg\" rel=\"lightbox[6222]\"><strong><\/strong><\/a><strong><a href=\"http:\/\/semndecarte.metarsis.ro\/wp-content\/uploads\/2012\/01\/IMG_1341.jpg\" rel=\"lightbox[6222]\"><img loading=\"lazy\" class=\"alignleft size-thumbnail wp-image-6241\" title=\"Lansare de carte: Cr\u00e2mpeie dintr-un veac trecut - Vasile C. Ioni\u0163\u0103\" src=\"http:\/\/semndecarte.metarsis.ro\/wp-content\/uploads\/2012\/01\/IMG_1341-95x95.jpg\" alt=\"\" width=\"95\" height=\"95\" \/><\/a><\/strong><a href=\"http:\/\/semndecarte.metarsis.ro\/wp-content\/uploads\/2012\/01\/IMG_1341.jpg\" rel=\"lightbox[6222]\"><strong><\/strong><\/a><strong><a href=\"http:\/\/semndecarte.metarsis.ro\/wp-content\/uploads\/2012\/01\/IMG_1396.jpg\" rel=\"lightbox[6222]\"><img loading=\"lazy\" class=\"alignleft size-thumbnail wp-image-6244\" title=\"Lansare de carte: Cr\u00e2mpeie dintr-un veac trecut - Vasile C. Ioni\u0163\u0103\" src=\"http:\/\/semndecarte.metarsis.ro\/wp-content\/uploads\/2012\/01\/IMG_1396-95x95.jpg\" alt=\"\" width=\"95\" height=\"95\" \/><\/a><\/strong><a href=\"http:\/\/semndecarte.metarsis.ro\/wp-content\/uploads\/2012\/01\/IMG_1396.jpg\" rel=\"lightbox[6222]\"><strong><\/strong><\/a><strong><a href=\"http:\/\/semndecarte.metarsis.ro\/wp-content\/uploads\/2012\/01\/IMG_1391.jpg\" rel=\"lightbox[6222]\"><img loading=\"lazy\" class=\"alignleft size-thumbnail wp-image-6240\" title=\"Lansare de carte: Cr\u00e2mpeie dintr-un veac trecut - Vasile C. Ioni\u0163\u0103\" src=\"http:\/\/semndecarte.metarsis.ro\/wp-content\/uploads\/2012\/01\/IMG_1391-95x95.jpg\" alt=\"\" width=\"95\" height=\"95\" \/><\/a><\/strong><a href=\"http:\/\/semndecarte.metarsis.ro\/wp-content\/uploads\/2012\/01\/IMG_1326.jpg\" rel=\"lightbox[6222]\"><strong> <\/strong><\/a><strong><a href=\"http:\/\/semndecarte.metarsis.ro\/wp-content\/uploads\/2012\/01\/IMG_1320.jpg\" rel=\"lightbox[6222]\"><img loading=\"lazy\" class=\"alignleft size-thumbnail wp-image-6235\" title=\"Vernisaj &quot;Joc de culori&quot; - Alina Trifan\" src=\"http:\/\/semndecarte.metarsis.ro\/wp-content\/uploads\/2012\/01\/IMG_1320-95x95.jpg\" alt=\"\" width=\"95\" height=\"95\" \/><\/a><\/strong><a href=\"http:\/\/semndecarte.metarsis.ro\/wp-content\/uploads\/2012\/01\/IMG_1320.jpg\" rel=\"lightbox[6222]\"><strong><\/strong><\/a><strong><a href=\"http:\/\/semndecarte.metarsis.ro\/wp-content\/uploads\/2012\/01\/IMG_1301.jpg\" rel=\"lightbox[6222]\"><img loading=\"lazy\" class=\"alignleft size-thumbnail wp-image-6239\" title=\"Prof. dr. C\u0103lin Chincea, critic art\u0103\" src=\"http:\/\/semndecarte.metarsis.ro\/wp-content\/uploads\/2012\/01\/IMG_1301-95x95.jpg\" alt=\"\" width=\"95\" height=\"95\" \/><\/a><\/strong><a href=\"http:\/\/semndecarte.metarsis.ro\/wp-content\/uploads\/2012\/01\/IMG_1320.jpg\" rel=\"lightbox[6222]\"><strong> <\/strong><\/a><strong><a href=\"http:\/\/semndecarte.metarsis.ro\/wp-content\/uploads\/2012\/01\/IMG_1318.jpg\" rel=\"lightbox[6222]\"><img loading=\"lazy\" class=\"alignleft size-thumbnail wp-image-6238\" title=\"Vernisaj\" src=\"http:\/\/semndecarte.metarsis.ro\/wp-content\/uploads\/2012\/01\/IMG_1318-95x95.jpg\" alt=\"\" width=\"95\" height=\"95\" \/><\/a><\/strong><a href=\"http:\/\/semndecarte.metarsis.ro\/wp-content\/uploads\/2012\/01\/IMG_1318.jpg\" rel=\"lightbox[6222]\"><strong> <\/strong><\/a><strong><a href=\"http:\/\/semndecarte.metarsis.ro\/wp-content\/uploads\/2012\/01\/IMG_1326.jpg\" rel=\"lightbox[6222]\"><img loading=\"lazy\" class=\"alignleft size-thumbnail wp-image-6236\" title=\"Alina Trifan, artist plastic\" src=\"http:\/\/semndecarte.metarsis.ro\/wp-content\/uploads\/2012\/01\/IMG_1326-95x95.jpg\" alt=\"\" width=\"95\" height=\"95\" \/><\/a><\/strong><strong><a href=\"http:\/\/semndecarte.metarsis.ro\/wp-content\/uploads\/2012\/01\/IMG_1327.jpg\" rel=\"lightbox[6222]\"><img loading=\"lazy\" class=\"alignleft size-thumbnail wp-image-6237\" title=\"Ion Bobeica, pre\u015fedintele filialalei Cara\u015f-Severin a Uniunii Arti\u015ftilor Plastici din Rom\u00e2nia\" src=\"http:\/\/semndecarte.metarsis.ro\/wp-content\/uploads\/2012\/01\/IMG_1327-95x95.jpg\" alt=\"\" width=\"95\" height=\"95\" \/><\/a><\/strong><a href=\"http:\/\/semndecarte.metarsis.ro\/wp-content\/uploads\/2012\/01\/IMG_1391.jpg\" rel=\"lightbox[6222]\"><strong> <\/strong><\/a><\/p>\n<p>\u201cAlina  Trifan-\u015etiube expune pe simezele ceain\u0103riei de la &lt;Semn de carte&gt;  lucr\u0103ri ce dovedesc asimilarea unor cuno\u015ftin\u0163e de tehnic\u0103 a picturii \u00een  ulei. Cuno\u015ftin\u0163ele le-a dob\u00e2ndit \u00een timpul c\u00e2t a urmat cursurile  Liceului de Art\u0103 &lt;Sabin P\u0103u\u0163a&gt; unde i-a avut profesori, printre  al\u0163ii, pe Radu Tikanete, Petru Comisarschi \u015fi Nicolae Ungar. Lucr\u0103rile  exprim\u0103, cu ajutorul unei curbe, nostalgia spre \u00eenceputuri, spre un timp  \u00een care imaginea precede ideea. Formele au o colora\u0163ie intens\u0103 amintind  de focul ce z\u0103misle\u015fte \u00a0molarit\u0103\u0163ile. Linia se organizeaz\u0103 vertical ca  un vector al simbolului ce se asociaz\u0103 existen\u0163ei. Lucr\u0103rile ne  sugereaz\u0103 un spa\u0163iu interior fantast \u015fi emo\u0163ional\u201d a declarat criticul  de art\u0103, prof. dr. C\u0103lin Chincea la vernisajul expozi\u0163iei \u201cJoc de  culori\u201d. Au vorbit, de asemenea, despre lucrarile Alinei Trifan-\u015etiube\u00a0  prof. Petru Comisarschi \u015fi artistul plastic Ioan Bobeic\u0103.<\/p>\n<p>O sear\u0103  de iarn\u0103 \u00een care am omagiat \u201cfrumosul\u201d; pentru c\u0103, vorba lui Nea Iancu  (suntem \u00een anul Caragiale) \u201eFrumosul este singurul atribut al lumii, tot  a\u015fa nem\u0103rginit ca \u015fi d\u00e2nsa\u201d.<\/p>\n","protected":false},"excerpt":{"rendered":"<p>\u201c11 iunie 1972. Are loc o consf\u0103tuire cu <anumite categorii de intelectuali>, acum c\u00e2nd a ap\u0103rut \u015fi se poart\u0103 cu ifose maxi- \u015fi mini-sociologia\u2026 Am notat un fel de proces verbal (!) al acestei consf\u0103tuiri. Era de fa\u0163\u0103 Novak, cel cu hobi socio-, Doru Dr\u0103gan, medicul, un adev\u0103rat animator al vie\u0163ii culturale, pe care \u00eel \u015ftiam de la Oravi\u0163a, Cristian P\u00e2rvulescu, actor, Constantin Iordache, dir. Casei de Cultur\u0103, Eugen Vancea, regizor, G\u00e2g\u0103 al nostru dintotdeuna. <Am un vancism> zicea cutare \u015fi auzeai una ca asta: <Aici \u00eemi trebuie un fundal de purpur\u0103 albastr\u0103> sau <Tomi\u0163\u0103 (ma\u015finistul), s\u0103-mi bagi un bec \u00een fund!>, la care Tomi\u0163\u0103 \u00eentreba candid: <C\u00e2nd vi-l bag, maestre, acum? Sau o l\u0103s\u0103m pe desear\u0103\u2026>. Au mai participat Marincu \u0162\u0103ranu, medic, care trecea printre oamenii cul\u0163i ai urbei \u015fi un procuror <B.E.?>\u201c Aceasta este doar una dintre filele jurnalului \u201cCr\u00e2mpeie dintr-un veac trecut\u201d semnat prof. dr. Vasile C. Ioni\u0163\u0103 lansat miercuri 18 ianuarie 2012 la libr\u0103ria Semn de Carte din Re\u015fi\u0163a. <\/p>\n","protected":false},"author":1,"featured_media":0,"comment_status":"open","ping_status":"open","sticky":false,"template":"","format":"standard","meta":[],"categories":[7],"tags":[69,241],"_links":{"self":[{"href":"https:\/\/semndecarte.metarsis.ro\/index.php?rest_route=\/wp\/v2\/posts\/6222"}],"collection":[{"href":"https:\/\/semndecarte.metarsis.ro\/index.php?rest_route=\/wp\/v2\/posts"}],"about":[{"href":"https:\/\/semndecarte.metarsis.ro\/index.php?rest_route=\/wp\/v2\/types\/post"}],"author":[{"embeddable":true,"href":"https:\/\/semndecarte.metarsis.ro\/index.php?rest_route=\/wp\/v2\/users\/1"}],"replies":[{"embeddable":true,"href":"https:\/\/semndecarte.metarsis.ro\/index.php?rest_route=%2Fwp%2Fv2%2Fcomments&post=6222"}],"version-history":[{"count":0,"href":"https:\/\/semndecarte.metarsis.ro\/index.php?rest_route=\/wp\/v2\/posts\/6222\/revisions"}],"wp:attachment":[{"href":"https:\/\/semndecarte.metarsis.ro\/index.php?rest_route=%2Fwp%2Fv2%2Fmedia&parent=6222"}],"wp:term":[{"taxonomy":"category","embeddable":true,"href":"https:\/\/semndecarte.metarsis.ro\/index.php?rest_route=%2Fwp%2Fv2%2Fcategories&post=6222"},{"taxonomy":"post_tag","embeddable":true,"href":"https:\/\/semndecarte.metarsis.ro\/index.php?rest_route=%2Fwp%2Fv2%2Ftags&post=6222"}],"curies":[{"name":"wp","href":"https:\/\/api.w.org\/{rel}","templated":true}]}}