{"id":6221,"date":"2012-01-24T22:04:00","date_gmt":"2012-01-24T20:04:00","guid":{"rendered":"http:\/\/semndecarte.metarsis.ro\/?p=6221"},"modified":"2012-01-24T22:04:00","modified_gmt":"2012-01-24T20:04:00","slug":"alexander-tietz-comemorare","status":"publish","type":"post","link":"https:\/\/semndecarte.metarsis.ro\/?p=6221","title":{"rendered":"Alexander Tietz, comemorare"},"content":{"rendered":"<p style=\"text-align: justify;\">Miercuri, 18 ianuarie 2012, elevii clasei a II-a B au avut din nou pl\u0103cerea de a trece pragul Libr\u0103riei \u201eSemn de Carte\u201d din Re\u015fi\u0163a, de data aceasta \u00eempreun\u0103 cu micu\u0163ii elevi din clasa I. B. Ei au fost \u00eenso\u0163i\u0163i de \u00eenv\u0103\u0163\u0103toarele Ramona Berar \u015fi Yvonne Christa Demenyi. Scopul acestei vizite a fost , unul din patronii spirituali ai Liceului \u201eDiaconovici &#8211; Tietz\u201c din Re\u015fi\u0163a \u015fi o personalitate marcant\u0103 a Banatului Montan. <!--more--><br \/>\n Elevii clasei a II-a B au citit \u00een limba rom\u00e2n\u0103 \u015fi german\u0103 legendele \u201eUnde se afl\u0103, de fapt, aceast\u0103 Re\u015fi\u0163a?\u201c, \u201eLacul Dracului\u201c \u015fi \u201eC\u0103l\u0103toria spre Boc\u015fa\u201c scrise de Alexander Tietz. <br \/>\n Ac\u0163iunea a fost ini\u0163iat\u0103 de c\u0103tre domnul Erwin Josef \u0162igla, pre\u015fedintele Forumului Democratic al Germanilor din jude\u0163ul Cara\u015f-Severin \u015fi bibliotecar la Biblioteca german\u0103 \u201eAlexander Tietz\u201c din Re\u015fi\u0163a \u00een parteneriat cu Libr\u0103ria \u201eSemn de Carte\u201d \u015fi Liceul Teoretic \u201eDiaconovici &#8211; Tietz\u201c Re\u015fi\u0163a. (<em>\u00cenv. Yvonne Christa Demenyi<\/em>)<\/p>\n<p style=\"text-align: justify;\"><a href=\"http:\/\/semndecarte.metarsis.ro\/wp-content\/uploads\/2012\/01\/Tietz0001.jpg\" rel=\"lightbox[6221]\"><img loading=\"lazy\" class=\"alignleft size-thumbnail wp-image-6245\" title=\"Comemorarea a 114 ani de la na\u015fterea lui Alexander Tietz\" src=\"http:\/\/semndecarte.metarsis.ro\/wp-content\/uploads\/2012\/01\/Tietz0001-95x95.jpg\" alt=\"\" width=\"95\" height=\"95\" \/><\/a><a href=\"http:\/\/semndecarte.metarsis.ro\/wp-content\/uploads\/2012\/01\/Tietz0002.jpg\" rel=\"lightbox[6221]\"><img loading=\"lazy\" class=\"alignleft size-thumbnail wp-image-6246\" title=\"Comemorarea a 114 ani de la na\u015fterea lui Alexander Tietz\" src=\"http:\/\/semndecarte.metarsis.ro\/wp-content\/uploads\/2012\/01\/Tietz0002-95x95.jpg\" alt=\"\" width=\"95\" height=\"95\" \/><\/a><a href=\"http:\/\/semndecarte.metarsis.ro\/wp-content\/uploads\/2012\/01\/Tietz0003.jpg\" rel=\"lightbox[6221]\"><img loading=\"lazy\" class=\"alignleft size-thumbnail wp-image-6247\" title=\"Comemorarea a 114 ani de la na\u015fterea lui Alexander Tietz\" src=\"http:\/\/semndecarte.metarsis.ro\/wp-content\/uploads\/2012\/01\/Tietz0003-95x95.jpg\" alt=\"\" width=\"95\" height=\"95\" \/><\/a><a href=\"http:\/\/semndecarte.metarsis.ro\/wp-content\/uploads\/2012\/01\/Tietz0004.jpg\" rel=\"lightbox[6221]\"><img loading=\"lazy\" class=\"alignleft size-thumbnail wp-image-6248\" title=\"Comemorarea a 114 ani de la na\u015fterea lui Alexander Tietz\" src=\"http:\/\/semndecarte.metarsis.ro\/wp-content\/uploads\/2012\/01\/Tietz0004-95x95.jpg\" alt=\"\" width=\"95\" height=\"95\" \/><\/a><a href=\"http:\/\/semndecarte.metarsis.ro\/wp-content\/uploads\/2012\/01\/Tietz0006.jpg\" rel=\"lightbox[6221]\"><img loading=\"lazy\" class=\"alignleft size-thumbnail wp-image-6249\" title=\"Comemorarea a 114 ani de la na\u015fterea lui Alexander Tietz\" src=\"http:\/\/semndecarte.metarsis.ro\/wp-content\/uploads\/2012\/01\/Tietz0006-95x95.jpg\" alt=\"\" width=\"95\" height=\"95\" \/><\/a><a href=\"http:\/\/semndecarte.metarsis.ro\/wp-content\/uploads\/2012\/01\/Tietz0007.jpg\" rel=\"lightbox[6221]\"><img loading=\"lazy\" class=\"alignleft size-thumbnail wp-image-6250\" title=\"Comemorarea a 114 ani de la na\u015fterea lui Alexander Tietz\" src=\"http:\/\/semndecarte.metarsis.ro\/wp-content\/uploads\/2012\/01\/Tietz0007-95x95.jpg\" alt=\"\" width=\"95\" height=\"95\" \/><\/a><a href=\"http:\/\/semndecarte.metarsis.ro\/wp-content\/uploads\/2012\/01\/Tietz0014.jpg\" rel=\"lightbox[6221]\"><img loading=\"lazy\" class=\"alignleft size-thumbnail wp-image-6254\" title=\"Comemorarea a 114 ani de la na\u015fterea lui Alexander Tietz\" src=\"http:\/\/semndecarte.metarsis.ro\/wp-content\/uploads\/2012\/01\/Tietz0014-95x95.jpg\" alt=\"\" width=\"95\" height=\"95\" \/><\/a><a href=\"http:\/\/semndecarte.metarsis.ro\/wp-content\/uploads\/2012\/01\/Tietz0009.jpg\" rel=\"lightbox[6221]\"><img loading=\"lazy\" class=\"alignleft size-thumbnail wp-image-6251\" title=\"Comemorarea a 114 ani de la na\u015fterea lui Alexander Tietz\" src=\"http:\/\/semndecarte.metarsis.ro\/wp-content\/uploads\/2012\/01\/Tietz0009-95x95.jpg\" alt=\"\" width=\"95\" height=\"95\" \/><\/a><a href=\"http:\/\/semndecarte.metarsis.ro\/wp-content\/uploads\/2012\/01\/Tietz0011.jpg\" rel=\"lightbox[6221]\"><img loading=\"lazy\" class=\"alignleft size-thumbnail wp-image-6260\" title=\"Comemorarea a 114 ani de la na\u015fterea lui Alexander Tietz\" src=\"http:\/\/semndecarte.metarsis.ro\/wp-content\/uploads\/2012\/01\/Tietz0011-95x95.jpg\" alt=\"\" width=\"95\" height=\"95\" \/><\/a><a href=\"http:\/\/semndecarte.metarsis.ro\/wp-content\/uploads\/2012\/01\/Tietz0012.jpg\" rel=\"lightbox[6221]\"><img loading=\"lazy\" class=\"alignleft size-thumbnail wp-image-6253\" title=\"Comemorarea a 114 ani de la na\u015fterea lui Alexander Tietz\" src=\"http:\/\/semndecarte.metarsis.ro\/wp-content\/uploads\/2012\/01\/Tietz0012-95x95.jpg\" alt=\"\" width=\"95\" height=\"95\" \/><\/a><a href=\"http:\/\/semndecarte.metarsis.ro\/wp-content\/uploads\/2012\/01\/Tietz0020.jpg\" rel=\"lightbox[6221]\"><img loading=\"lazy\" class=\"alignleft size-thumbnail wp-image-6257\" title=\"Comemorarea a 114 ani de la na\u015fterea lui Alexander Tietz\" src=\"http:\/\/semndecarte.metarsis.ro\/wp-content\/uploads\/2012\/01\/Tietz0020-95x95.jpg\" alt=\"\" width=\"95\" height=\"95\" \/><\/a><a href=\"http:\/\/semndecarte.metarsis.ro\/wp-content\/uploads\/2012\/01\/Tietz0015.jpg\" rel=\"lightbox[6221]\"><img loading=\"lazy\" class=\"alignleft size-thumbnail wp-image-6255\" title=\"Comemorarea a 114 ani de la na\u015fterea lui Alexander Tietz\" src=\"http:\/\/semndecarte.metarsis.ro\/wp-content\/uploads\/2012\/01\/Tietz0015-95x95.jpg\" alt=\"\" width=\"95\" height=\"95\" \/><\/a><a href=\"http:\/\/semndecarte.metarsis.ro\/wp-content\/uploads\/2012\/01\/Tietz0019.jpg\" rel=\"lightbox[6221]\"><img loading=\"lazy\" class=\"alignleft size-thumbnail wp-image-6256\" title=\"Comemorarea a 114 ani de la na\u015fterea lui Alexander Tietz\" src=\"http:\/\/semndecarte.metarsis.ro\/wp-content\/uploads\/2012\/01\/Tietz0019-95x95.jpg\" alt=\"\" width=\"95\" height=\"95\" \/><\/a><a href=\"http:\/\/semndecarte.metarsis.ro\/wp-content\/uploads\/2012\/01\/Tietz0022.jpg\" rel=\"lightbox[6221]\"><img loading=\"lazy\" class=\"alignleft size-thumbnail wp-image-6259\" title=\"Comemorarea a 114 ani de la na\u015fterea lui Alexander Tietz\" src=\"http:\/\/semndecarte.metarsis.ro\/wp-content\/uploads\/2012\/01\/Tietz0022-95x95.jpg\" alt=\"\" width=\"95\" height=\"95\" \/><\/a><a href=\"http:\/\/semndecarte.metarsis.ro\/wp-content\/uploads\/2012\/01\/Tietz0021.jpg\" rel=\"lightbox[6221]\"><img loading=\"lazy\" class=\"alignleft size-thumbnail wp-image-6258\" title=\"Comemorarea a 114 ani de la na\u015fterea lui Alexander Tietz\" src=\"http:\/\/semndecarte.metarsis.ro\/wp-content\/uploads\/2012\/01\/Tietz0021-95x95.jpg\" alt=\"\" width=\"95\" height=\"95\" \/><\/a><\/p>\n<p><br class=\"spacer_\" \/><\/p>\n<p>Mittwoch, den 18. Januar 2012, hatten die Sch\u00fcler der II. B Klasse erneut das Vergn\u00fcgen, die G\u00e4ste der \u201eSemn de Carte = Lesezeichen\u201c-Buchhandlung zu sein, diesmal zusammen mit den J\u00fcngsten der I. B Klasse. Sie wurden von ihren Lehrerinnen Ramona Berar und Yvonne Christa Demenyi begleitet. Der Zweck dieses Besuches war es, 114 Jahre seit der Geburt von Alexander Tietz, einer der Schutzpatrone unseres Lyzeums so wie eine markante Pers\u00f6nlichkeit des Banater Berglands, zu feiern. <br \/>\n Die Sch\u00fcler der II. B Klasse haben in rum\u00e4nischer und in deutscher Sprache die Sagen \u201eWo liegt eigentlich dieses Reschitz?\u201c, Der Teufelsee\u201c und \u201eDie Reise nach Bokschan\u201c vorgetragen. <br \/>\n Der Initiator dieser Gedenkstunde war Erwin Josef \u0162igla, der Vorsitzender des Demokratischen Forums der Banater Berglanddeutschen und Bibliothekar an der deutschen \u201eAlexander Tietz\u201c-Bibliothek aus Reschitza in Partnerschaft mit der \u201eSemn de Carte = Lesezeichen\u201c-Buchhandlung und dem \u201eDiaconovici &#8211; Tietz\u201c Lyzeum aus Reschitza. (<em>Lehrerin Yvonne Christa Demenyi<\/em>)<\/p>\n","protected":false},"excerpt":{"rendered":"<p>Miercuri, 18 ianuarie 2012, elevii clasei a II-a B au avut din nou pl\u0103cerea de a trece pragul Libr\u0103riei \u201eSemn de Carte\u201d din Re\u015fi\u0163a, de data aceasta \u00eempreun\u0103 cu micu\u0163ii elevi din clasa I. B. Ei au fost \u00eenso\u0163i\u0163i de \u00eenv\u0103\u0163\u0103toarele Ramona Berar \u015fi Yvonne Christa Demenyi. Scopul acestei vizite a fost comemorarea a 114 ani de la na\u015fterea lui Alexander Tietz, unul din patronii spirituali ai Liceului \u201eDiaconovici &#8211; Tietz\u201c din Re\u015fi\u0163a \u015fi o personalitate marcant\u0103 a Banatului Montan. <\/p>\n","protected":false},"author":1,"featured_media":0,"comment_status":"open","ping_status":"open","sticky":false,"template":"","format":"standard","meta":[],"categories":[7],"tags":[303],"_links":{"self":[{"href":"https:\/\/semndecarte.metarsis.ro\/index.php?rest_route=\/wp\/v2\/posts\/6221"}],"collection":[{"href":"https:\/\/semndecarte.metarsis.ro\/index.php?rest_route=\/wp\/v2\/posts"}],"about":[{"href":"https:\/\/semndecarte.metarsis.ro\/index.php?rest_route=\/wp\/v2\/types\/post"}],"author":[{"embeddable":true,"href":"https:\/\/semndecarte.metarsis.ro\/index.php?rest_route=\/wp\/v2\/users\/1"}],"replies":[{"embeddable":true,"href":"https:\/\/semndecarte.metarsis.ro\/index.php?rest_route=%2Fwp%2Fv2%2Fcomments&post=6221"}],"version-history":[{"count":0,"href":"https:\/\/semndecarte.metarsis.ro\/index.php?rest_route=\/wp\/v2\/posts\/6221\/revisions"}],"wp:attachment":[{"href":"https:\/\/semndecarte.metarsis.ro\/index.php?rest_route=%2Fwp%2Fv2%2Fmedia&parent=6221"}],"wp:term":[{"taxonomy":"category","embeddable":true,"href":"https:\/\/semndecarte.metarsis.ro\/index.php?rest_route=%2Fwp%2Fv2%2Fcategories&post=6221"},{"taxonomy":"post_tag","embeddable":true,"href":"https:\/\/semndecarte.metarsis.ro\/index.php?rest_route=%2Fwp%2Fv2%2Ftags&post=6221"}],"curies":[{"name":"wp","href":"https:\/\/api.w.org\/{rel}","templated":true}]}}