{"id":6220,"date":"2012-01-23T18:38:02","date_gmt":"2012-01-23T16:38:02","guid":{"rendered":"http:\/\/semndecarte.metarsis.ro\/?p=6220"},"modified":"2012-01-23T18:38:54","modified_gmt":"2012-01-23T16:38:54","slug":"vizita-lui-max-josef","status":"publish","type":"post","link":"https:\/\/semndecarte.metarsis.ro\/?p=6220","title":{"rendered":"Vizita lui Max-Josef"},"content":{"rendered":"<p style=\"text-align: justify;\">Mar\u0163i, 17 ianuarie 2012, elevii clasei a II-a B \u00eenso\u0163i\u0163i de \u00eenv\u0103\u0163\u0103toarea lor, Yvonne Christa Demenyi \u015fi de ariciul Max-Josef (mascota clasei) au fost invita\u0163ii Libr\u0103riei \u201eSemn de Carte\u201d din Re\u015fi\u0163a. Ei au venit dornici s\u0103 cumpere c\u00e2te o carte pentru un coleg de clas\u0103, pe care, dup\u0103 ce au scris un mesaj acestui coleg, i-au d\u0103ruit-o cu drag. \u00cen semn de mul\u0163umire au c\u00e2ntat gazdelor dou\u0103 c\u00e2ntece \u00een limba german\u0103. <!--more--><br \/>\n Aceast\u0103 ac\u0163iune face parte din cadrul proiectului \u201eCartea e un dar, pe care-l po\u0163i deschide iar\u2026 \u015fi iar\u2026\u201d derulat de Libr\u0103ria \u201eSemn de Carte\u201d precum \u015fi al proiectului \u201eCartea &#8211; izvor de \u00een\u0163elepciune\u201d derulat la nivelul claselor primare din Liceul Teoretic \u201eDiaconovici &#8211; Tietz\u201d din Re\u015fi\u0163a. (\u00cenv. Yvonne Christa Demenyi)<\/p>\n<p style=\"text-align: justify;\"><a href=\"http:\/\/semndecarte.metarsis.ro\/wp-content\/uploads\/2012\/01\/IMG_1290.jpg\" rel=\"lightbox[6220]\"><img loading=\"lazy\" class=\"alignleft size-thumbnail wp-image-6223\" title=\"Elevii clasei a II-a B \u00eenso\u0163i\u0163i de \u00eenv\u0103\u0163\u0103toarea Yvonne Christa Demenyi, Liceul Teoretic \u201eDiaconovici - Tietz\u201d din Re\u015fi\u0163a\" src=\"http:\/\/semndecarte.metarsis.ro\/wp-content\/uploads\/2012\/01\/IMG_1290-95x95.jpg\" alt=\"\" width=\"95\" height=\"95\" \/><\/a><a href=\"http:\/\/semndecarte.metarsis.ro\/wp-content\/uploads\/2012\/01\/IMG_1294.jpg\" rel=\"lightbox[6220]\"><img loading=\"lazy\" class=\"alignleft size-thumbnail wp-image-6224\" title=\"Elevii clasei a II-a B \u00eenso\u0163i\u0163i de \u00eenv\u0103\u0163\u0103toarea Yvonne Christa Demenyi, Liceul Teoretic \u201eDiaconovici - Tietz\u201d din Re\u015fi\u0163a\" src=\"http:\/\/semndecarte.metarsis.ro\/wp-content\/uploads\/2012\/01\/IMG_1294-95x95.jpg\" alt=\"\" width=\"95\" height=\"95\" \/><\/a><a href=\"http:\/\/semndecarte.metarsis.ro\/wp-content\/uploads\/2012\/01\/IMG_1293.jpg\" rel=\"lightbox[6220]\"><img loading=\"lazy\" class=\"alignleft size-thumbnail wp-image-6226\" title=\"Elevii clasei a II-a B \u00eenso\u0163i\u0163i de \u00eenv\u0103\u0163\u0103toarea Yvonne Christa Demenyi, Liceul Teoretic \u201eDiaconovici - Tietz\u201d din Re\u015fi\u0163a\" src=\"http:\/\/semndecarte.metarsis.ro\/wp-content\/uploads\/2012\/01\/IMG_1293-95x95.jpg\" alt=\"\" width=\"95\" height=\"95\" \/><\/a><a href=\"http:\/\/semndecarte.metarsis.ro\/wp-content\/uploads\/2012\/01\/IMG_1283.jpg\" rel=\"lightbox[6220]\"><img loading=\"lazy\" class=\"alignleft size-thumbnail wp-image-6227\" title=\"Elevii clasei a II-a B \u00eenso\u0163i\u0163i de \u00eenv\u0103\u0163\u0103toarea Yvonne Christa Demenyi, Liceul Teoretic \u201eDiaconovici - Tietz\u201d din Re\u015fi\u0163a\" src=\"http:\/\/semndecarte.metarsis.ro\/wp-content\/uploads\/2012\/01\/IMG_1283-95x95.jpg\" alt=\"\" width=\"95\" height=\"95\" \/><\/a><a href=\"http:\/\/semndecarte.metarsis.ro\/wp-content\/uploads\/2012\/01\/IMG_1271.jpg\" rel=\"lightbox[6220]\"><img loading=\"lazy\" class=\"alignleft size-thumbnail wp-image-6228\" title=\"Elevii clasei a II-a B \u00eenso\u0163i\u0163i de \u00eenv\u0103\u0163\u0103toarea Yvonne Christa Demenyi, Liceul Teoretic \u201eDiaconovici - Tietz\u201d din Re\u015fi\u0163a\" src=\"http:\/\/semndecarte.metarsis.ro\/wp-content\/uploads\/2012\/01\/IMG_1271-95x95.jpg\" alt=\"\" width=\"95\" height=\"95\" \/><\/a><a href=\"http:\/\/semndecarte.metarsis.ro\/wp-content\/uploads\/2012\/01\/IMG_1276.jpg\" rel=\"lightbox[6220]\"><img loading=\"lazy\" class=\"alignleft size-thumbnail wp-image-6229\" title=\"Elevii clasei a II-a B \u00eenso\u0163i\u0163i de \u00eenv\u0103\u0163\u0103toarea Yvonne Christa Demenyi, Liceul Teoretic \u201eDiaconovici - Tietz\u201d din Re\u015fi\u0163a\" src=\"http:\/\/semndecarte.metarsis.ro\/wp-content\/uploads\/2012\/01\/IMG_1276-95x95.jpg\" alt=\"\" width=\"95\" height=\"95\" \/><\/a><a href=\"http:\/\/semndecarte.metarsis.ro\/wp-content\/uploads\/2012\/01\/IMG_1282.jpg\" rel=\"lightbox[6220]\"><img loading=\"lazy\" class=\"alignleft size-thumbnail wp-image-6230\" title=\"Elevii clasei a II-a B \u00eenso\u0163i\u0163i de \u00eenv\u0103\u0163\u0103toarea Yvonne Christa Demenyi, Liceul Teoretic \u201eDiaconovici - Tietz\u201d din Re\u015fi\u0163a\" src=\"http:\/\/semndecarte.metarsis.ro\/wp-content\/uploads\/2012\/01\/IMG_1282-95x95.jpg\" alt=\"\" width=\"95\" height=\"95\" \/><\/a><a href=\"http:\/\/semndecarte.metarsis.ro\/wp-content\/uploads\/2012\/01\/IMG_12831.jpg\" rel=\"lightbox[6220]\"><img loading=\"lazy\" class=\"alignleft size-thumbnail wp-image-6233\" title=\"Elevii clasei a II-a B \u00eenso\u0163i\u0163i de \u00eenv\u0103\u0163\u0103toarea Yvonne Christa Demenyi, Liceul Teoretic \u201eDiaconovici - Tietz\u201d din Re\u015fi\u0163a\" src=\"http:\/\/semndecarte.metarsis.ro\/wp-content\/uploads\/2012\/01\/IMG_12831-95x95.jpg\" alt=\"\" width=\"95\" height=\"95\" \/><\/a><a href=\"http:\/\/semndecarte.metarsis.ro\/wp-content\/uploads\/2012\/01\/IMG_1269.jpg\" rel=\"lightbox[6220]\"><img loading=\"lazy\" class=\"alignleft size-thumbnail wp-image-6232\" title=\"Elevii clasei a II-a B \u00eenso\u0163i\u0163i de \u00eenv\u0103\u0163\u0103toarea Yvonne Christa Demenyi, Liceul Teoretic \u201eDiaconovici - Tietz\u201d din Re\u015fi\u0163a\" src=\"http:\/\/semndecarte.metarsis.ro\/wp-content\/uploads\/2012\/01\/IMG_1269-95x95.jpg\" alt=\"\" width=\"95\" height=\"95\" \/><\/a><a href=\"http:\/\/semndecarte.metarsis.ro\/wp-content\/uploads\/2012\/01\/IMG_1297.jpg\" rel=\"lightbox[6220]\"><img loading=\"lazy\" class=\"alignleft size-thumbnail wp-image-6231\" title=\"Elevii clasei a II-a B \u00eenso\u0163i\u0163i de \u00eenv\u0103\u0163\u0103toarea Yvonne Christa Demenyi, Liceul Teoretic \u201eDiaconovici - Tietz\u201d din Re\u015fi\u0163a\" src=\"http:\/\/semndecarte.metarsis.ro\/wp-content\/uploads\/2012\/01\/IMG_1297-95x95.jpg\" alt=\"\" width=\"95\" height=\"95\" \/><\/a><\/p>\n<p>Dienstag, den 17. Januar 2012, waren die Sch\u00fcler der II. B Klasse des \u201eDiaconovici &#8211; Tietz\u201c-Lyzeums, mit ihrer Lehrerin Yvonne Christa Demenyi und dem Igel Max-Josef (dem Begleittier der Klasse) die G\u00e4ste der \u201eSemn de Carte = Lesezeichen\u201d-Buchhandlung aus Reschitza. Der Zweck dieses Besuches war es ein B\u00fcchlein f\u00fcr einen Klassenkollegen zu kaufen, es mit einem sch\u00f6nen Gedanken zu versehen, um es danach dem Kollegen \/ der Kollegin zu schenken. <br \/>\n Die Sch\u00fcler haben sich mit den Liedern \u201eIch will euch begr\u00fc\u00dfen\u201c und \u201eEine phantastische Igelgeschichte\u201c bei den Gastgebern bedankt. Diese Aktion gliedert sich in das Projekt der Buchhandlung \u201eDas Buch ist ein Geschenk, das man immer wieder \u00f6ffnen kann\u201c und jenem der Grundschulklassen des \u201eDiaconovici &#8211; Tietz\u201c-Lyzeums \u201eDas Buch &#8211; die Quelle der Vernunft\u201c. (Lehrerin Yvonne Christa Demenyi)<\/p>\n","protected":false},"excerpt":{"rendered":"<p>Mar\u0163i, 17 ianuarie 2012, elevii clasei a II-a B \u00eenso\u0163i\u0163i de \u00eenv\u0103\u0163\u0103toarea lor, Yvonne Christa Demenyi \u015fi de ariciul Max-Josef (mascota clasei) au fost invita\u0163ii Libr\u0103riei \u201eSemn de Carte\u201d din Re\u015fi\u0163a. Ei au venit dornici s\u0103 cumpere c\u00e2te o carte pentru un coleg de clas\u0103, pe care, dup\u0103 ce au scris un mesaj acestui coleg, i-au d\u0103ruit-o cu drag.<\/p>\n","protected":false},"author":1,"featured_media":0,"comment_status":"open","ping_status":"open","sticky":false,"template":"","format":"standard","meta":[],"categories":[7],"tags":[271],"_links":{"self":[{"href":"https:\/\/semndecarte.metarsis.ro\/index.php?rest_route=\/wp\/v2\/posts\/6220"}],"collection":[{"href":"https:\/\/semndecarte.metarsis.ro\/index.php?rest_route=\/wp\/v2\/posts"}],"about":[{"href":"https:\/\/semndecarte.metarsis.ro\/index.php?rest_route=\/wp\/v2\/types\/post"}],"author":[{"embeddable":true,"href":"https:\/\/semndecarte.metarsis.ro\/index.php?rest_route=\/wp\/v2\/users\/1"}],"replies":[{"embeddable":true,"href":"https:\/\/semndecarte.metarsis.ro\/index.php?rest_route=%2Fwp%2Fv2%2Fcomments&post=6220"}],"version-history":[{"count":0,"href":"https:\/\/semndecarte.metarsis.ro\/index.php?rest_route=\/wp\/v2\/posts\/6220\/revisions"}],"wp:attachment":[{"href":"https:\/\/semndecarte.metarsis.ro\/index.php?rest_route=%2Fwp%2Fv2%2Fmedia&parent=6220"}],"wp:term":[{"taxonomy":"category","embeddable":true,"href":"https:\/\/semndecarte.metarsis.ro\/index.php?rest_route=%2Fwp%2Fv2%2Fcategories&post=6220"},{"taxonomy":"post_tag","embeddable":true,"href":"https:\/\/semndecarte.metarsis.ro\/index.php?rest_route=%2Fwp%2Fv2%2Ftags&post=6220"}],"curies":[{"name":"wp","href":"https:\/\/api.w.org\/{rel}","templated":true}]}}