{"id":6167,"date":"2011-12-22T15:43:20","date_gmt":"2011-12-22T13:43:20","guid":{"rendered":"http:\/\/semndecarte.metarsis.ro\/?p=6167"},"modified":"2011-12-22T15:43:20","modified_gmt":"2011-12-22T13:43:20","slug":"la-o-cana-cu-ceai%e2%80%a6","status":"publish","type":"post","link":"https:\/\/semndecarte.metarsis.ro\/?p=6167","title":{"rendered":"La o can\u0103 cu ceai\u2026"},"content":{"rendered":"<p>Luni, 19 decembrie 2011, timp de o or\u0103, elevii \u00a0clasei a V-a\u00a0 A de la Liceul Diaconovici-Tietz, \u00eenso\u0163i\u0163i de doamnele profesoare Cristina Neag \u015fi Viorica G\u00e2rtoi au participat la o lec\u0163ie \u201caltfel\u201d la libr\u0103ria Semn de Carte. Au b\u0103ut un ceai \u015fi au aflat legenda apar\u0163iei ceaiului, \u00a0au ascultat povestea citit\u0103 \u201cCana de ceai\u201d de Andersen \u015fi \u00a0au participat interactiv \u00a0la o lec\u0163ie despre semnifica\u0163ia Cr\u0103ciunului \u00a0urm\u0103rind un film cu na\u015fterea \u00a0Domnului nostru Iisus Cristos. <!--more-->Au fost recompensa\u0163i de ARIcel ISTE\u0162 cu semne de carte \u015fi daruri dulci pentru interesul lor fa\u0163\u0103\u00a0 de minunata lume a c\u0103r\u0163ilor.<\/p>\n<p><a href=\"http:\/\/semndecarte.metarsis.ro\/wp-content\/uploads\/2011\/12\/La-ceai_0002.jpg\" rel=\"lightbox[6167]\"><img loading=\"lazy\" class=\"alignleft size-thumbnail wp-image-6168\" title=\"La ceai\" src=\"http:\/\/semndecarte.metarsis.ro\/wp-content\/uploads\/2011\/12\/La-ceai_0002-95x95.jpg\" alt=\"\" width=\"95\" height=\"95\" \/><\/a><a href=\"http:\/\/semndecarte.metarsis.ro\/wp-content\/uploads\/2011\/12\/La-ceai_0003.jpg\" rel=\"lightbox[6167]\"><img loading=\"lazy\" class=\"alignleft size-thumbnail wp-image-6169\" title=\"La ceai\" src=\"http:\/\/semndecarte.metarsis.ro\/wp-content\/uploads\/2011\/12\/La-ceai_0003-95x95.jpg\" alt=\"\" width=\"95\" height=\"95\" \/><\/a><a href=\"http:\/\/semndecarte.metarsis.ro\/wp-content\/uploads\/2011\/12\/La-ceai_0004.jpg\" rel=\"lightbox[6167]\"><img loading=\"lazy\" class=\"alignleft size-thumbnail wp-image-6170\" title=\"La ceai\" src=\"http:\/\/semndecarte.metarsis.ro\/wp-content\/uploads\/2011\/12\/La-ceai_0004-95x95.jpg\" alt=\"\" width=\"95\" height=\"95\" \/><\/a><a href=\"http:\/\/semndecarte.metarsis.ro\/wp-content\/uploads\/2011\/12\/La-ceai_0005.jpg\" rel=\"lightbox[6167]\"><img loading=\"lazy\" class=\"alignleft size-thumbnail wp-image-6171\" title=\"La ceai\" src=\"http:\/\/semndecarte.metarsis.ro\/wp-content\/uploads\/2011\/12\/La-ceai_0005-95x95.jpg\" alt=\"\" width=\"95\" height=\"95\" \/><\/a><a href=\"http:\/\/semndecarte.metarsis.ro\/wp-content\/uploads\/2011\/12\/La-ceai_0006.jpg\" rel=\"lightbox[6167]\"><img loading=\"lazy\" class=\"alignleft size-thumbnail wp-image-6172\" title=\"In libraria Semn de Carte\" src=\"http:\/\/semndecarte.metarsis.ro\/wp-content\/uploads\/2011\/12\/La-ceai_0006-95x95.jpg\" alt=\"\" width=\"95\" height=\"95\" \/><\/a><\/p>\n","protected":false},"excerpt":{"rendered":"<p>Luni, 19 decembrie 2011, timp de o or\u0103, elevii  clasei a V-a  A de la Liceul Diaconovici-Tietz, \u00eenso\u0163i\u0163i de doamnele profesoare Cristina Neag \u015fi Viorica G\u00e2rtoi au participat la o lec\u0163ie \u201caltfel\u201d la libraria Semn de Carte. Au b\u0103ut un ceai \u015fi au aflat legenda apar\u0163iei ceaiului,  au ascultat povestea citita \u201cCana de ceai\u201d de Andersen \u015fi  au participat interactiv  la o lec\u0163ie despre semnificatia Craciunului  urmarind un film cu na\u015fterea  Domnului nostru Iisus Cristos. <\/p>\n","protected":false},"author":1,"featured_media":0,"comment_status":"open","ping_status":"open","sticky":false,"template":"","format":"standard","meta":[],"categories":[7],"tags":[351],"_links":{"self":[{"href":"https:\/\/semndecarte.metarsis.ro\/index.php?rest_route=\/wp\/v2\/posts\/6167"}],"collection":[{"href":"https:\/\/semndecarte.metarsis.ro\/index.php?rest_route=\/wp\/v2\/posts"}],"about":[{"href":"https:\/\/semndecarte.metarsis.ro\/index.php?rest_route=\/wp\/v2\/types\/post"}],"author":[{"embeddable":true,"href":"https:\/\/semndecarte.metarsis.ro\/index.php?rest_route=\/wp\/v2\/users\/1"}],"replies":[{"embeddable":true,"href":"https:\/\/semndecarte.metarsis.ro\/index.php?rest_route=%2Fwp%2Fv2%2Fcomments&post=6167"}],"version-history":[{"count":0,"href":"https:\/\/semndecarte.metarsis.ro\/index.php?rest_route=\/wp\/v2\/posts\/6167\/revisions"}],"wp:attachment":[{"href":"https:\/\/semndecarte.metarsis.ro\/index.php?rest_route=%2Fwp%2Fv2%2Fmedia&parent=6167"}],"wp:term":[{"taxonomy":"category","embeddable":true,"href":"https:\/\/semndecarte.metarsis.ro\/index.php?rest_route=%2Fwp%2Fv2%2Fcategories&post=6167"},{"taxonomy":"post_tag","embeddable":true,"href":"https:\/\/semndecarte.metarsis.ro\/index.php?rest_route=%2Fwp%2Fv2%2Ftags&post=6167"}],"curies":[{"name":"wp","href":"https:\/\/api.w.org\/{rel}","templated":true}]}}