{"id":6111,"date":"2011-12-15T22:13:30","date_gmt":"2011-12-15T20:13:30","guid":{"rendered":"http:\/\/semndecarte.metarsis.ro\/?p=6111"},"modified":"2011-12-19T14:50:13","modified_gmt":"2011-12-19T12:50:13","slug":"dulcele-banat","status":"publish","type":"post","link":"https:\/\/semndecarte.metarsis.ro\/?p=6111","title":{"rendered":"Dulcele Banat"},"content":{"rendered":"<p style=\"text-align: justify;\">\u00cent\u00e2lnirea de luni, 12 decembrie 2011, de la libr\u0103ria re\u015fi\u0163ean\u0103 Semn de Carte a fost o s\u0103rb\u0103toare a versului \u00een grai, a c\u00e2ntecului \u015fi colindului str\u0103mo\u015fesc. <!--more-->A doinit cum numai el \u015ftie s-o faca seniorul c\u00e2ntecului b\u0103n\u0103\u0163ean, maestrul Iosif Ciocloda, a c\u00e2ntat la torogoat\u0103 (clarinet) t\u00e2n\u0103rul student al Facult\u0103\u0163ii de Muzic\u0103 din Timi\u015foara- Mircea \u015etiopon, a recitat \u00een grai, ne-a \u00eenc\u00e2ntat cu piese populare \u015fi colinde din Banat t\u00e2n\u0103ra solist\u0103 C\u0103t\u0103lina P\u00e2\u015flea -posesoare a unei colec\u0163ii de costume populare b\u0103n\u0103tene- \u00eentr-o \u00eent\u00e2nire moderat\u0103 de realizatorul de emisiuni de folclor al postului local Banat TV, talentat recitator al poeziei \u00een grai b\u0103n\u0103\u0163ean Dan Liu\u0163. \u00cent\u00e2lnirea s-a bucurat de prezen\u0163a unui public numeros iar cuv\u00e2ntul poetei Liubi\u0163a Raichici- director al Direc\u0163iei de Cultur\u0103 \u015fi Patrimoniu Na\u0163ional Cara\u015f-Severin., a subliniat importan\u0163a p\u0103str\u0103rii tradi\u0163iilor si frumuse\u0163ea lor. O seara reu\u015fit\u0103 \u00een care to\u0163i cei prezen\u0163i, iubitori de tradi\u0163ie rom\u00e2neasc\u0103, s-au \u00eent\u00e2lnit cu muzica \u015fi poezia \u00een dulcele grai b\u0103n\u0103\u0163ean, parte importanta a identita\u0163ii noastre na\u0163ionale.<\/p>\n<p style=\"text-align: justify;\"><a href=\"http:\/\/semndecarte.metarsis.ro\/wp-content\/uploads\/2011\/12\/IMG_0935.jpg\" rel=\"lightbox[6111]\"><img loading=\"lazy\" class=\"alignleft size-thumbnail wp-image-6113\" title=\"Sar\u0103 b\u0103n\u0103\u0163an\u0103\" src=\"http:\/\/semndecarte.metarsis.ro\/wp-content\/uploads\/2011\/12\/IMG_0935-95x95.jpg\" alt=\"\" width=\"95\" height=\"95\" \/><\/a><a href=\"http:\/\/semndecarte.metarsis.ro\/wp-content\/uploads\/2011\/12\/IMG_0944.jpg\" rel=\"lightbox[6111]\"><img loading=\"lazy\" class=\"alignleft size-thumbnail wp-image-6115\" title=\"Mircea \u015etiopon\" src=\"http:\/\/semndecarte.metarsis.ro\/wp-content\/uploads\/2011\/12\/IMG_0944-95x95.jpg\" alt=\"\" width=\"95\" height=\"95\" \/><\/a><a href=\"http:\/\/semndecarte.metarsis.ro\/wp-content\/uploads\/2011\/12\/IMG_0927.jpg\" rel=\"lightbox[6111]\"><img loading=\"lazy\" class=\"alignleft size-thumbnail wp-image-6112\" title=\"Dan Liu\u0163 \u015fi maestrul Iosif Ciocloda\" src=\"http:\/\/semndecarte.metarsis.ro\/wp-content\/uploads\/2011\/12\/IMG_0927-95x95.jpg\" alt=\"\" width=\"95\" height=\"95\" \/><\/a><a href=\"http:\/\/semndecarte.metarsis.ro\/wp-content\/uploads\/2011\/12\/DSC_01113.jpg\" rel=\"lightbox[6111]\"><img loading=\"lazy\" class=\"alignleft size-thumbnail wp-image-6148\" title=\"Liubi\u0163a Raichici, director al Direc\u0163iei pentru Cultur\u0103 \u015fi Patrimoniu Na\u0163ional Cara\u015f-Severin\" src=\"http:\/\/semndecarte.metarsis.ro\/wp-content\/uploads\/2011\/12\/DSC_01113-95x95.jpg\" alt=\"\" width=\"95\" height=\"95\" \/><\/a><a href=\"http:\/\/semndecarte.metarsis.ro\/wp-content\/uploads\/2011\/12\/IMG_0938.jpg\" rel=\"lightbox[6111]\"><img loading=\"lazy\" class=\"alignleft size-thumbnail wp-image-6114\" title=\"C\u0103t\u0103lina P\u00e2\u015flea, Dan Liu\u0163 \u015fi Mircea \u015etiopon\" src=\"http:\/\/semndecarte.metarsis.ro\/wp-content\/uploads\/2011\/12\/IMG_0938-95x95.jpg\" alt=\"\" width=\"95\" height=\"95\" \/><\/a><a href=\"http:\/\/semndecarte.metarsis.ro\/wp-content\/uploads\/2011\/12\/DSC_0152.jpg\" rel=\"lightbox[6111]\"><img loading=\"lazy\" class=\"alignleft size-thumbnail wp-image-6145\" title=\"C\u0103t\u0103lina P\u00e2\u015flea\" src=\"http:\/\/semndecarte.metarsis.ro\/wp-content\/uploads\/2011\/12\/DSC_0152-95x95.jpg\" alt=\"\" width=\"95\" height=\"95\" \/><\/a><a href=\"http:\/\/semndecarte.metarsis.ro\/wp-content\/uploads\/2011\/12\/DSC_0132.jpg\" rel=\"lightbox[6111]\"><img loading=\"lazy\" class=\"alignleft size-thumbnail wp-image-6144\" title=\"Iosif Ciocloda\" src=\"http:\/\/semndecarte.metarsis.ro\/wp-content\/uploads\/2011\/12\/DSC_0132-95x95.jpg\" alt=\"\" width=\"95\" height=\"95\" \/><\/a><a href=\"http:\/\/semndecarte.metarsis.ro\/wp-content\/uploads\/2011\/12\/DSC_0104.jpg\" rel=\"lightbox[6111]\"><img loading=\"lazy\" class=\"alignleft size-thumbnail wp-image-6142\" title=\"Geta Feie\u015f \u015fi Liubi\u0163a Raichici\" src=\"http:\/\/semndecarte.metarsis.ro\/wp-content\/uploads\/2011\/12\/DSC_0104-95x95.jpg\" alt=\"\" width=\"95\" height=\"95\" \/><\/a><a href=\"http:\/\/semndecarte.metarsis.ro\/wp-content\/uploads\/2011\/12\/IMG_0951.jpg\" rel=\"lightbox[6111]\"><img loading=\"lazy\" class=\"alignleft size-thumbnail wp-image-6116\" title=\"Dan Liu\u0163\" src=\"http:\/\/semndecarte.metarsis.ro\/wp-content\/uploads\/2011\/12\/IMG_0951-95x95.jpg\" alt=\"\" width=\"95\" height=\"95\" \/><\/a><a href=\"http:\/\/semndecarte.metarsis.ro\/wp-content\/uploads\/2011\/12\/DSC_0172.jpg\" rel=\"lightbox[6111]\"><img loading=\"lazy\" class=\"alignleft size-thumbnail wp-image-6146\" title=\"Iosif Ciocloda, doinind\" src=\"http:\/\/semndecarte.metarsis.ro\/wp-content\/uploads\/2011\/12\/DSC_0172-95x95.jpg\" alt=\"\" width=\"95\" height=\"95\" \/><\/a><\/p>\n<p>\n<object classid=\"clsid:d27cdb6e-ae6d-11cf-96b8-444553540000\" width=\"260\" height=\"214\" codebase=\"http:\/\/download.macromedia.com\/pub\/shockwave\/cabs\/flash\/swflash.cab#version=6,0,40,0\"><param name=\"loop\" value=\"false\" \/><param name=\"menu\" value=\"false\" \/><param name=\"salign\" value=\"l\" \/><param name=\"src\" value=\"http:\/\/www.youtube.com\/v\/-ADcrudiDBI&amp;rel=0\" \/><param name=\"align\" value=\"left\" \/><embed type=\"application\/x-shockwave-flash\" width=\"260\" height=\"214\" src=\"http:\/\/www.youtube.com\/v\/-ADcrudiDBI&amp;rel=0\" align=\"left\" salign=\"l\" menu=\"false\" loop=\"false\"><\/embed><\/object>\n<\/p>\n<p>\n<object classid=\"clsid:d27cdb6e-ae6d-11cf-96b8-444553540000\" width=\"260\" height=\"214\" codebase=\"http:\/\/download.macromedia.com\/pub\/shockwave\/cabs\/flash\/swflash.cab#version=6,0,40,0\"><param name=\"loop\" value=\"false\" \/><param name=\"menu\" value=\"false\" \/><param name=\"salign\" value=\"l\" \/><param name=\"src\" value=\"http:\/\/www.youtube.com\/v\/F18r-dkVOYQ&amp;rel=0\" \/><param name=\"align\" value=\"left\" \/><embed type=\"application\/x-shockwave-flash\" width=\"260\" height=\"214\" src=\"http:\/\/www.youtube.com\/v\/F18r-dkVOYQ&amp;rel=0\" align=\"left\" salign=\"l\" menu=\"false\" loop=\"false\"><\/embed><\/object><\/p>\n","protected":false},"excerpt":{"rendered":"<p>\u00cent\u00e2lnirea de luni, 12 decembrie 2011, de la libr\u0103ria re\u015fi\u0163ean\u0103 Semn de Carte a fost o s\u0103rb\u0103toare a versului \u00een grai, a c\u00e2ntecului \u015fi colindului str\u0103mo\u015fesc.<\/p>\n","protected":false},"author":1,"featured_media":0,"comment_status":"open","ping_status":"open","sticky":false,"template":"","format":"standard","meta":[],"categories":[6,7],"tags":[350,349],"_links":{"self":[{"href":"https:\/\/semndecarte.metarsis.ro\/index.php?rest_route=\/wp\/v2\/posts\/6111"}],"collection":[{"href":"https:\/\/semndecarte.metarsis.ro\/index.php?rest_route=\/wp\/v2\/posts"}],"about":[{"href":"https:\/\/semndecarte.metarsis.ro\/index.php?rest_route=\/wp\/v2\/types\/post"}],"author":[{"embeddable":true,"href":"https:\/\/semndecarte.metarsis.ro\/index.php?rest_route=\/wp\/v2\/users\/1"}],"replies":[{"embeddable":true,"href":"https:\/\/semndecarte.metarsis.ro\/index.php?rest_route=%2Fwp%2Fv2%2Fcomments&post=6111"}],"version-history":[{"count":0,"href":"https:\/\/semndecarte.metarsis.ro\/index.php?rest_route=\/wp\/v2\/posts\/6111\/revisions"}],"wp:attachment":[{"href":"https:\/\/semndecarte.metarsis.ro\/index.php?rest_route=%2Fwp%2Fv2%2Fmedia&parent=6111"}],"wp:term":[{"taxonomy":"category","embeddable":true,"href":"https:\/\/semndecarte.metarsis.ro\/index.php?rest_route=%2Fwp%2Fv2%2Fcategories&post=6111"},{"taxonomy":"post_tag","embeddable":true,"href":"https:\/\/semndecarte.metarsis.ro\/index.php?rest_route=%2Fwp%2Fv2%2Ftags&post=6111"}],"curies":[{"name":"wp","href":"https:\/\/api.w.org\/{rel}","templated":true}]}}