{"id":6094,"date":"2011-12-10T11:24:30","date_gmt":"2011-12-10T09:24:30","guid":{"rendered":"http:\/\/semndecarte.metarsis.ro\/?p=6094"},"modified":"2011-12-10T11:28:42","modified_gmt":"2011-12-10T09:28:42","slug":"martea-prietenilor-muntilor","status":"publish","type":"post","link":"https:\/\/semndecarte.metarsis.ro\/?p=6094","title":{"rendered":"Mar\u0163ea prietenilor mun\u0163ilor"},"content":{"rendered":"<p style=\"text-align: justify;\">Prima mar\u0163i din lun\u0103 este rezervat\u0103, printr-o cutum\u0103 devenit\u0103 deja obicei, \u00eent\u00e2lnirii cu iubitorii \u015fi practican\u0163ii\u00a0 de drume\u0163ii. \u00cen seara zilei de mar\u0163i, 6 decembrie, zi de s\u0103rb\u0103torire a Sf\u00e2ntului Nicolae, decanul de v\u00e2rst\u0103 al Asocia\u0163iei Prietenii Mun\u0163lor \u015fi coordonator al sec\u0163iei Drume\u0163ie &#8211; domnul Ioan Adamek, ne-a f\u0103cut un dar de suflet<!--more-->, prezent\u00eend imgini inedite, de ieri \u015fi de azi, cu fascinante peisaje parcurse de-a lungul anilor \u00een neegalatul Banat Montan.\u00a0 \u015ei pentru c\u0103 nu a fost niciun participant la \u00eent\u00e2lnire care s\u0103-\u015fi serbeze onomastica iar cu o sear\u0103 \u00eenainte, a\u015fa cum e \u00a0tradi\u0163ional, \u00a0Mo\u015f Nicolae a umplut- dup\u0103 merit- ghetu\u0163ele celor cumin\u0163i, \u00een rolul de \u201cMo\u015f\u201d \u2013 desigur, f\u0103r\u0103 nicio legatur\u0103 cu venerabila v\u00e2rst\u0103, domnul Ioan Adamek, \u00eentr-un gest de noble\u0163e, pe l\u00e2ng\u0103 informa\u0163iile \u015fi imaginile pe care ni le-a oferit ne-a r\u0103sf\u0103\u0163at\u00a0 cu dulci daruri din \u00a0ciocolat\u0103, cea care este supranumit\u0103 \u015fi \u201chrana zeilor\u201d, cea care este \u00a0\u00eentotdeauna asociat\u0103 cu dragostea , pasiunea \u015fi romantismul. A\u015fa a \u015fi fost seara zilei de mar\u0163i pe care ne-a oferit-o domnul Ioan Adamek, plin\u0103 de dragoste \u015fi pasiune pentru munte \u015fi drume\u0163ie.<\/p>\n<p style=\"text-align: justify;\">\n<object classid=\"clsid:d27cdb6e-ae6d-11cf-96b8-444553540000\" width=\"520\" height=\"428\" codebase=\"http:\/\/download.macromedia.com\/pub\/shockwave\/cabs\/flash\/swflash.cab#version=6,0,40,0\"><param name=\"loop\" value=\"false\" \/><param name=\"menu\" value=\"false\" \/><param name=\"salign\" value=\"l\" \/><param name=\"src\" value=\"http:\/\/www.youtube.com\/v\/UyMAwuScsiI&amp;rel=0\" \/><param name=\"align\" value=\"left\" \/><embed type=\"application\/x-shockwave-flash\" width=\"520\" height=\"428\" src=\"http:\/\/www.youtube.com\/v\/UyMAwuScsiI&amp;rel=0\" align=\"left\" salign=\"l\" menu=\"false\" loop=\"false\"><\/embed><\/object><\/p>\n","protected":false},"excerpt":{"rendered":"<p>Prima mar\u0163i din lun\u0103 este rezervat\u0103, printr-o cutum\u0103 devenit\u0103 deja obicei, \u00eent\u00e2lnirii cu iubitorii \u015fi practican\u0163ii  de drume\u0163ii. \u00cen seara zilei de mar\u0163i, 6 decembrie, zi de s\u0103rb\u0103torire a Sf\u00e2ntului Nicolae, &#8230;..<\/p>\n","protected":false},"author":1,"featured_media":0,"comment_status":"open","ping_status":"open","sticky":false,"template":"","format":"standard","meta":[],"categories":[6,7],"tags":[323],"_links":{"self":[{"href":"https:\/\/semndecarte.metarsis.ro\/index.php?rest_route=\/wp\/v2\/posts\/6094"}],"collection":[{"href":"https:\/\/semndecarte.metarsis.ro\/index.php?rest_route=\/wp\/v2\/posts"}],"about":[{"href":"https:\/\/semndecarte.metarsis.ro\/index.php?rest_route=\/wp\/v2\/types\/post"}],"author":[{"embeddable":true,"href":"https:\/\/semndecarte.metarsis.ro\/index.php?rest_route=\/wp\/v2\/users\/1"}],"replies":[{"embeddable":true,"href":"https:\/\/semndecarte.metarsis.ro\/index.php?rest_route=%2Fwp%2Fv2%2Fcomments&post=6094"}],"version-history":[{"count":0,"href":"https:\/\/semndecarte.metarsis.ro\/index.php?rest_route=\/wp\/v2\/posts\/6094\/revisions"}],"wp:attachment":[{"href":"https:\/\/semndecarte.metarsis.ro\/index.php?rest_route=%2Fwp%2Fv2%2Fmedia&parent=6094"}],"wp:term":[{"taxonomy":"category","embeddable":true,"href":"https:\/\/semndecarte.metarsis.ro\/index.php?rest_route=%2Fwp%2Fv2%2Fcategories&post=6094"},{"taxonomy":"post_tag","embeddable":true,"href":"https:\/\/semndecarte.metarsis.ro\/index.php?rest_route=%2Fwp%2Fv2%2Ftags&post=6094"}],"curies":[{"name":"wp","href":"https:\/\/api.w.org\/{rel}","templated":true}]}}