{"id":6082,"date":"2011-12-07T12:41:17","date_gmt":"2011-12-07T10:41:17","guid":{"rendered":"http:\/\/semndecarte.metarsis.ro\/?p=6082"},"modified":"2011-12-07T12:41:17","modified_gmt":"2011-12-07T10:41:17","slug":"cum-se-face-muzica%e2%80%a6","status":"publish","type":"post","link":"https:\/\/semndecarte.metarsis.ro\/?p=6082","title":{"rendered":"Cum se face muzica\u2026."},"content":{"rendered":"<p><strong>Pian, harp\u0103, chitar\u0103<\/strong><\/p>\n<p style=\"text-align: justify;\">Desf\u0103\u015furat\u0103 \u00een Aula Magna a Universit\u0103\u0163ii Eftimie Murgu din Re\u015fi\u0163a, a treia reprezenta\u0163ie din seria concertelor educative ini\u0163iate de Filarmonica Banatul din Timi\u015foara sub genericul \u201cCum se face muzica\u2026\u201d a prilejuit, luni 5 decembrie 2011,\u00a0 \u00eent\u00e2lnirea elevilor de la Colegiul Na\u0163ional Traian Lalescu \u015fi de la \u015ecoala cu clasele\u00a0I-VIII nr. 2 din Re\u015fi\u0163a cu grupa instrumentelor de coarde prin ciupire \u015fi lovire. <!--more-->Dup\u0103 grupa instrumentelor de coarde cu arcu\u015f \u015fi cea a instrumentelor de percu\u0163ie, copiii s-au \u00eent\u00e2lnit cu pianul, harpa \u015fi chitara. Scurte istorioare despre apari\u0163ia \u015fi dezvoltarea instrumenteler \u015fi elemente de alc\u0103tuire au fost prezentate, \u00eentr-un dialog interactiv cu sala, de c\u0103tre pianistul Sorin Petrescu, solist concertist al Filarmonicii Banatul &#8211; moderatorul \u00eent\u00e2lnirii. Sunetele magice ale harpei &#8211; supranumit\u0103 \u015fi \u201cinstrumentul zeilor\u201d &#8211;\u00a0 m\u00e2ng\u00e2iat\u0103 de\u00a0 Mihaela Faur \u015fi sonorit\u0103\u0163ile inconfundabile ale chitarei lui Alexandru Cena au \u00eenc\u00e2ntat, deopotriv\u0103, elevi \u015fi profesori.<\/p>\n<p style=\"text-align: justify;\">Desf\u0103\u015furate \u00een mediu academic \u00een an aniversar, Universitatea\u00a0\u201cEftimie Murgu\u201d \u00eemplinind anul acesta 40 de ani de la \u00eenfiin\u0163are, concertele au adus \u00een Aula Magna posibil viitori studen\u0163i ai Universit\u0103\u0163ii de pe B\u00e2rzava,\u00a0posibil viitori muzicieni,\u00a0 dar, cu certitudine, oameni mari bine informa\u0163i, care vor \u0163ine minte lec\u0163iile interactive \u015fi care vor in\u0163elege muzica la adev\u0103rata ei valoare.<\/p>\n<p style=\"text-align: justify;\">Au mai r\u0103mas dou\u0103 concerte din cele cinci: cel de prezentare a instrumentelor de suflat din lemn \u015fi cel dedicat\u00a0 al\u0103murilor. Acestea vor fi posibile, anul viitor, tot prin colaborarea dintre Colegiul Na\u0163ional Traian Lalescu,\u00a0 \u015ecoala cu clasele I-VIII nr. 2, Filarmonica Banatul din Timi\u015foara, Universitatea Eftimie Murgu, Radio Re\u015fi\u0163a Rom\u00e2nia \u015fi Metarsis &#8211; activit\u0103\u0163i \u015fi servicii de cultur\u0103 urban\u0103 \u015fi art\u0103 contemporan\u0103 prin libraria Semn de Carte.<\/p>\n<p style=\"text-align: justify;\">Mul\u0163umirile noastre, ale organizatorilor, adresate managerului \u015ecolii Polulare de Arte\u00a0 \u201cIon Rom\u00e2nu\u201d din Re\u015fi\u0163a, doamna Mariana D\u0103nescu, cea care a \u00eencredin\u0163at pianul electric maestrului Sorin Petrescu. F\u0103r\u0103 acest gest de bunavoin\u0163\u0103 concertul nu ar fi fost posibil.<\/p>\n<p style=\"text-align: justify;\"><a href=\"http:\/\/semndecarte.metarsis.ro\/wp-content\/uploads\/2011\/12\/Concert-educativ_0029.jpg\" rel=\"lightbox[6082]\"><img loading=\"lazy\" class=\"alignleft size-thumbnail wp-image-6085\" title=\"Concert educativ\" src=\"http:\/\/semndecarte.metarsis.ro\/wp-content\/uploads\/2011\/12\/Concert-educativ_0029-95x95.jpg\" alt=\"\" width=\"95\" height=\"95\" \/><\/a><a href=\"http:\/\/semndecarte.metarsis.ro\/wp-content\/uploads\/2011\/12\/Concert-educativ_0023.jpg\" rel=\"lightbox[6082]\"><img loading=\"lazy\" class=\"alignleft size-thumbnail wp-image-6084\" title=\"Concert educativ\" src=\"http:\/\/semndecarte.metarsis.ro\/wp-content\/uploads\/2011\/12\/Concert-educativ_0023-95x95.jpg\" alt=\"\" width=\"95\" height=\"95\" \/><\/a><a href=\"http:\/\/semndecarte.metarsis.ro\/wp-content\/uploads\/2011\/12\/Concert-educativ_0050.jpg\" rel=\"lightbox[6082]\"><img loading=\"lazy\" class=\"alignleft size-thumbnail wp-image-6088\" title=\"Concert educativ\" src=\"http:\/\/semndecarte.metarsis.ro\/wp-content\/uploads\/2011\/12\/Concert-educativ_0050-95x95.jpg\" alt=\"\" width=\"95\" height=\"95\" \/><\/a><a href=\"http:\/\/semndecarte.metarsis.ro\/wp-content\/uploads\/2011\/12\/Concert-educativ_0040.jpg\" rel=\"lightbox[6082]\"><img loading=\"lazy\" class=\"alignleft size-thumbnail wp-image-6086\" title=\"Concert educativ\" src=\"http:\/\/semndecarte.metarsis.ro\/wp-content\/uploads\/2011\/12\/Concert-educativ_0040-95x95.jpg\" alt=\"\" width=\"95\" height=\"95\" \/><\/a><a href=\"http:\/\/semndecarte.metarsis.ro\/wp-content\/uploads\/2011\/12\/Concert-educativ_0049.jpg\" rel=\"lightbox[6082]\"><img loading=\"lazy\" class=\"alignleft size-thumbnail wp-image-6087\" title=\"Concert educativ\" src=\"http:\/\/semndecarte.metarsis.ro\/wp-content\/uploads\/2011\/12\/Concert-educativ_0049-95x95.jpg\" alt=\"\" width=\"95\" height=\"95\" \/><\/a><a href=\"http:\/\/semndecarte.metarsis.ro\/wp-content\/uploads\/2011\/12\/Concert-educativ_0014.jpg\" rel=\"lightbox[6082]\"><img loading=\"lazy\" class=\"alignleft size-thumbnail wp-image-6083\" title=\"Concert educativ\" src=\"http:\/\/semndecarte.metarsis.ro\/wp-content\/uploads\/2011\/12\/Concert-educativ_0014-95x95.jpg\" alt=\"\" width=\"95\" height=\"95\" \/><\/a><a href=\"http:\/\/semndecarte.metarsis.ro\/wp-content\/uploads\/2011\/12\/Concert-educativ_0055.jpg\" rel=\"lightbox[6082]\"><img loading=\"lazy\" class=\"alignleft size-thumbnail wp-image-6090\" title=\"Concert educativ\" src=\"http:\/\/semndecarte.metarsis.ro\/wp-content\/uploads\/2011\/12\/Concert-educativ_0055-95x95.jpg\" alt=\"\" width=\"95\" height=\"95\" \/><\/a><a href=\"http:\/\/semndecarte.metarsis.ro\/wp-content\/uploads\/2011\/12\/Concert-educativ_0065.jpg\" rel=\"lightbox[6082]\"><img loading=\"lazy\" class=\"alignleft size-thumbnail wp-image-6091\" title=\"Concert educativ\" src=\"http:\/\/semndecarte.metarsis.ro\/wp-content\/uploads\/2011\/12\/Concert-educativ_0065-95x95.jpg\" alt=\"\" width=\"95\" height=\"95\" \/><\/a><a href=\"http:\/\/semndecarte.metarsis.ro\/wp-content\/uploads\/2011\/12\/Concert-educativ_0074.jpg\" rel=\"lightbox[6082]\"><img loading=\"lazy\" class=\"alignleft size-thumbnail wp-image-6092\" title=\"Concert educativ\" src=\"http:\/\/semndecarte.metarsis.ro\/wp-content\/uploads\/2011\/12\/Concert-educativ_0074-95x95.jpg\" alt=\"\" width=\"95\" height=\"95\" \/><\/a><a href=\"http:\/\/semndecarte.metarsis.ro\/wp-content\/uploads\/2011\/12\/Concert-educativ_0082.jpg\" rel=\"lightbox[6082]\"><img loading=\"lazy\" class=\"alignleft size-thumbnail wp-image-6093\" title=\"Concert educativ\" src=\"http:\/\/semndecarte.metarsis.ro\/wp-content\/uploads\/2011\/12\/Concert-educativ_0082-95x95.jpg\" alt=\"\" width=\"95\" height=\"95\" \/><\/a><br \/>\n<object classid=\"clsid:d27cdb6e-ae6d-11cf-96b8-444553540000\" width=\"520\" height=\"428\" codebase=\"http:\/\/download.macromedia.com\/pub\/shockwave\/cabs\/flash\/swflash.cab#version=6,0,40,0\"><param name=\"loop\" value=\"false\" \/><param name=\"menu\" value=\"false\" \/><param name=\"salign\" value=\"l\" \/><param name=\"src\" value=\"http:\/\/www.youtube.com\/v\/Nwy4CLqiBtA&amp;feature&amp;rel=0\" \/><param name=\"align\" value=\"left\" \/><embed type=\"application\/x-shockwave-flash\" width=\"520\" height=\"428\" src=\"http:\/\/www.youtube.com\/v\/Nwy4CLqiBtA&amp;feature&amp;rel=0\" align=\"left\" salign=\"l\" menu=\"false\" loop=\"false\"><\/embed><\/object><\/p>\n","protected":false},"excerpt":{"rendered":"<p>Desf\u0103\u015furat\u0103 \u00een Aula Magna a Universit\u0103\u0163ii Eftimie Murgu din Re\u015fi\u0163a, a treia reprezenta\u0163ie din seria concertelor educative ini\u0163iate de Filarmonica Banatul din Timi\u015foara sub genericul \u201cCum se face muzica\u2026\u201d a prilejuit, luni 5 decembrie 2011,  \u00eent\u00e2lnirea elevilor de la Colegiul Na\u0163ional Traian Lalescu \u015fi de la \u015ecoala cu clasele I-VIII nr. 2 din Re\u015fi\u0163a cu grupa instrumentelor de coarde prin ciupire \u015fi lovire. <\/p>\n","protected":false},"author":1,"featured_media":0,"comment_status":"open","ping_status":"open","sticky":false,"template":"","format":"standard","meta":[],"categories":[6,7],"tags":[308],"_links":{"self":[{"href":"https:\/\/semndecarte.metarsis.ro\/index.php?rest_route=\/wp\/v2\/posts\/6082"}],"collection":[{"href":"https:\/\/semndecarte.metarsis.ro\/index.php?rest_route=\/wp\/v2\/posts"}],"about":[{"href":"https:\/\/semndecarte.metarsis.ro\/index.php?rest_route=\/wp\/v2\/types\/post"}],"author":[{"embeddable":true,"href":"https:\/\/semndecarte.metarsis.ro\/index.php?rest_route=\/wp\/v2\/users\/1"}],"replies":[{"embeddable":true,"href":"https:\/\/semndecarte.metarsis.ro\/index.php?rest_route=%2Fwp%2Fv2%2Fcomments&post=6082"}],"version-history":[{"count":0,"href":"https:\/\/semndecarte.metarsis.ro\/index.php?rest_route=\/wp\/v2\/posts\/6082\/revisions"}],"wp:attachment":[{"href":"https:\/\/semndecarte.metarsis.ro\/index.php?rest_route=%2Fwp%2Fv2%2Fmedia&parent=6082"}],"wp:term":[{"taxonomy":"category","embeddable":true,"href":"https:\/\/semndecarte.metarsis.ro\/index.php?rest_route=%2Fwp%2Fv2%2Fcategories&post=6082"},{"taxonomy":"post_tag","embeddable":true,"href":"https:\/\/semndecarte.metarsis.ro\/index.php?rest_route=%2Fwp%2Fv2%2Ftags&post=6082"}],"curies":[{"name":"wp","href":"https:\/\/api.w.org\/{rel}","templated":true}]}}