{"id":6043,"date":"2011-11-27T14:59:19","date_gmt":"2011-11-27T12:59:19","guid":{"rendered":"http:\/\/semndecarte.metarsis.ro\/?p=6043"},"modified":"2011-11-27T21:49:17","modified_gmt":"2011-11-27T19:49:17","slug":"tat-banatu-i-fruncea","status":"publish","type":"post","link":"https:\/\/semndecarte.metarsis.ro\/?p=6043","title":{"rendered":"T\u0103t Banatu-i fruncea!"},"content":{"rendered":"<p style=\"text-align: justify;\">Joi  24 noiembrie 2011, \u00eencep\u00e2nd cu orele 17:30, a avut loc la libr\u0103ria Semn  de Carte o \u00eent\u00e2lnire a Cercului literar &#8222;Lucian Blaga&#8221; al Colegiului  Tehnic C\u0103r\u0103\u015fan din Re\u015fi\u0163a. Tema acestei \u00eent\u00e2lniri\u00a0 a fost\u00a0&#8222;Poezia  \u00een grai b\u0103n\u0103\u0163ean&#8221;. <!--more-->Elevii coordona\u0163i de prof. Szabo Iudit, \u00een  colaborare cu doamnele prof. P\u00eervu Manuela \u015fi Milo\u015f Carmen, au redescoperit  comorile folclorului b\u0103n\u0103\u0163ean, frumuse\u0163ea graiului \u015fi portului popular tradi\u0163ional  din Banat. S-au recitat poezii ale creatorilor populari b\u0103n\u0103\u0163eni dar \u015fi crea\u0163ii  proprii, s-au \u00a0prezentat c\u00e2teva dansuri populare b\u0103n\u0103\u0163ene \u015fi\u00a0 s-a discutat \u00a0despre  poezia \u00een grai b\u0103n\u0103\u0163ean, \u00eempreun\u0103 cu invitatul nostru special domnul Dan  Liu\u0163, realizator de emisiuni de folclor la televiziunea locala Banat TV.<\/p>\n<p style=\"text-align: justify;\">Domnul  Dan Liu\u0163 a vorbit despre poezia \u00een grai si creatorii b\u0103n\u0103\u0163eani \u015fi a  recitat, cu real talent, c\u00e2teva poezii in grai bana\u0163ean, fiind aplaudat  la scena deschis\u0103,<\/p>\n<p style=\"text-align: justify;\">Participan\u0163ii,coordonati de prof. Szabo Iudit \u00een colaboratore cu profesorii: P\u00eervu Manuela, Ober\u015fterescu Ramona, Milo\u015f Carmen, Dumitrescu Ovidiu \u015fi  elevii recitatori: Varga Lauren\u0163iu IX C, Birta Iasmina X A, Petrica  Larisa XII B \u015fi dansatorii preg\u0103ti\u0163i de doamna prof. Carmen Milo\u015f:\u00a0Bura  Cristian X A, Ciopraga Delia X A, Stepanescu Ionu\u0163 XI A, Petrica Larisa  XII B, Mic\u015fa Mariana XII B, Cr\u0103ciun Paul XII B au f\u0103cut dovada  frumuse\u0163ii folclorului \u015fi dragostei lor pentru valorile tradi\u0163ionale ale  Banatului de Munte. (Prof. Manuela P\u00eervu)<\/p>\n<p style=\"text-align: justify;\"><a href=\"http:\/\/semndecarte.metarsis.ro\/wp-content\/uploads\/2011\/11\/IMG_0646.jpg\" rel=\"lightbox[6043]\"><img loading=\"lazy\" class=\"alignleft size-thumbnail wp-image-6044\" title=\"Dansatori b\u0103n\u0103\u0163eni\" src=\"http:\/\/semndecarte.metarsis.ro\/wp-content\/uploads\/2011\/11\/IMG_0646-95x95.jpg\" alt=\"\" width=\"95\" height=\"95\" \/><\/a><a href=\"http:\/\/semndecarte.metarsis.ro\/wp-content\/uploads\/2011\/11\/IMG_0664.jpg\" rel=\"lightbox[6043]\"><img loading=\"lazy\" class=\"alignleft size-thumbnail wp-image-6045\" title=\"M\u00e2nru-i jocul din Banat!\" src=\"http:\/\/semndecarte.metarsis.ro\/wp-content\/uploads\/2011\/11\/IMG_0664-95x95.jpg\" alt=\"\" width=\"95\" height=\"95\" \/><\/a><a href=\"http:\/\/semndecarte.metarsis.ro\/wp-content\/uploads\/2011\/11\/IMG_0697.jpg\" rel=\"lightbox[6043]\"><img loading=\"lazy\" class=\"alignleft size-thumbnail wp-image-6046\" title=\"Prof. Manuela P\u00eervu, prof. Ramona Ober\u015fterescu \u015fi prof. Iudit Szabo de la Colegiului Tehnic C\u0103r\u0103\u015fan din Re\u015fi\u0163a\" src=\"http:\/\/semndecarte.metarsis.ro\/wp-content\/uploads\/2011\/11\/IMG_0697-95x95.jpg\" alt=\"\" width=\"95\" height=\"95\" \/><\/a><a href=\"http:\/\/semndecarte.metarsis.ro\/wp-content\/uploads\/2011\/11\/IMG_0699.jpg\" rel=\"lightbox[6043]\"><img loading=\"lazy\" class=\"alignleft size-thumbnail wp-image-6047\" title=\"Dan Liu\u0163, realizator Banat TV\" src=\"http:\/\/semndecarte.metarsis.ro\/wp-content\/uploads\/2011\/11\/IMG_0699-95x95.jpg\" alt=\"\" width=\"95\" height=\"95\" \/><\/a><a href=\"http:\/\/semndecarte.metarsis.ro\/wp-content\/uploads\/2011\/11\/IMG_0704.jpg\" rel=\"lightbox[6043]\"><img loading=\"lazy\" class=\"alignleft size-thumbnail wp-image-6048\" title=\"Cercul literar &quot;Lucian Blaga&quot; al Colegiului Tehnic C\u0103r\u0103\u015fan din Re\u015fi\u0163a, coordonat de prof. Szabo Iudit\" src=\"http:\/\/semndecarte.metarsis.ro\/wp-content\/uploads\/2011\/11\/IMG_0704-95x95.jpg\" alt=\"\" width=\"95\" height=\"95\" \/><\/a><\/p>\n<p>\n<object classid=\"clsid:d27cdb6e-ae6d-11cf-96b8-444553540000\" width=\"520\" height=\"428\" codebase=\"http:\/\/download.macromedia.com\/pub\/shockwave\/cabs\/flash\/swflash.cab#version=6,0,40,0\"><param name=\"loop\" value=\"false\" \/><param name=\"menu\" value=\"false\" \/><param name=\"salign\" value=\"l\" \/><param name=\"src\" value=\"http:\/\/www.youtube.com\/v\/hQmigz_MKn8&amp;feature&amp;rel=0\" \/><param name=\"align\" value=\"left\" \/><embed type=\"application\/x-shockwave-flash\" width=\"520\" height=\"428\" src=\"http:\/\/www.youtube.com\/v\/hQmigz_MKn8&amp;feature&amp;rel=0\" align=\"left\" salign=\"l\" menu=\"false\" loop=\"false\"><\/embed><\/object><\/p>\n","protected":false},"excerpt":{"rendered":"<p>Joi 24 octombrie 2011, \u00eencep\u00e2nd cu orele 17:30, a avut loc la libr\u0103ria Semn de Carte o \u00eent\u00e2lnire a Cercului literar &#8222;Lucian Blaga&#8221; al Colegiului Tehnic C\u0103r\u0103\u015fan din Re\u015fi\u0163a. Tema acestei \u00eent\u00e2lniri  a fost &#8222;Poezia \u00een grai b\u0103n\u0103\u0163ean&#8221;. <\/p>\n","protected":false},"author":1,"featured_media":0,"comment_status":"open","ping_status":"open","sticky":false,"template":"","format":"standard","meta":[],"categories":[6,7],"tags":[278],"_links":{"self":[{"href":"https:\/\/semndecarte.metarsis.ro\/index.php?rest_route=\/wp\/v2\/posts\/6043"}],"collection":[{"href":"https:\/\/semndecarte.metarsis.ro\/index.php?rest_route=\/wp\/v2\/posts"}],"about":[{"href":"https:\/\/semndecarte.metarsis.ro\/index.php?rest_route=\/wp\/v2\/types\/post"}],"author":[{"embeddable":true,"href":"https:\/\/semndecarte.metarsis.ro\/index.php?rest_route=\/wp\/v2\/users\/1"}],"replies":[{"embeddable":true,"href":"https:\/\/semndecarte.metarsis.ro\/index.php?rest_route=%2Fwp%2Fv2%2Fcomments&post=6043"}],"version-history":[{"count":0,"href":"https:\/\/semndecarte.metarsis.ro\/index.php?rest_route=\/wp\/v2\/posts\/6043\/revisions"}],"wp:attachment":[{"href":"https:\/\/semndecarte.metarsis.ro\/index.php?rest_route=%2Fwp%2Fv2%2Fmedia&parent=6043"}],"wp:term":[{"taxonomy":"category","embeddable":true,"href":"https:\/\/semndecarte.metarsis.ro\/index.php?rest_route=%2Fwp%2Fv2%2Fcategories&post=6043"},{"taxonomy":"post_tag","embeddable":true,"href":"https:\/\/semndecarte.metarsis.ro\/index.php?rest_route=%2Fwp%2Fv2%2Ftags&post=6043"}],"curies":[{"name":"wp","href":"https:\/\/api.w.org\/{rel}","templated":true}]}}